{"id":162468,"date":"2014-08-09T01:51:47","date_gmt":"2014-08-09T01:51:47","guid":{"rendered":"http:\/\/diariodominicano.ddns.net\/?p=162468"},"modified":"2014-08-09T01:51:47","modified_gmt":"2014-08-09T01:51:47","slug":"directora-de-pc-rosalia-sosa-dice-leonel-fernandez-y-el-presidente-danilo-medina-son-los-responsables-de-que-no-se-apruebe-la-ley-de-partidos","status":"publish","type":"post","link":"https:\/\/diariodominicano.com\/?p=162468","title":{"rendered":"Directora de PC Rosal\u00eda Sosa dice  Leonel Fern\u00e1ndez y el presidente Danilo Medina son los responsables de que no se apruebe la Ley de Partidos"},"content":{"rendered":"<p><body><\/p>\n<p><img decoding=\"async\" src=\"img3\/Rosalia 2.JPG\" \/><br \/><img decoding=\"async\" src=\"img3\/Rosalia 1.JPG\" \/>  <\/p>\n<\/p>\n<p><strong><span class=\"text1noticias\">Rosal\u00eda Sosa considera  que la Ley de Partidos no ha sido aprobada porque los l\u00edderes del Partido de la Liberaci\u00f3n Dominicana (PLD) no han bajado la l\u00ednea al Congreso Nacional. \u00a8No podemos subordinarnos  a una contradicci\u00f3n entre dos l\u00edderes por cuestiones personales que son el presidente del PLD y el presidente de la Republica , que de ellos tiene que venir una voluntad de darles institucionalidad a los partidos pol\u00edticos en la Republica Dominicana\u00a8.<\/span><\/strong><\/p>\n<\/p>\n<p><span class=\"text1noticias\">SANTO DOMINGO, RD, 8 de Agosto de 2014.-  La directora Ejecutiva de Participaci\u00f3n Ciudadana, Rosal\u00eda Sosa, dijo  que el ex presidente Leonel Fern\u00e1ndez y el presidente de la Rep\u00fablica Danilo Medina son los responsables de que en el pa\u00eds no se haya aprobado la Ley de Partidos. <\/span><\/p>\n<\/p>\n<p><span class=\"text1noticias\">Rosal\u00eda Sosa considera  que la Ley de Partidos no ha sido aprobada porque los l\u00edderes del Partido de la Liberaci\u00f3n Dominicana (PLD) no han bajado la l\u00ednea al Congreso Nacional.<\/span><\/p>\n<p><span class=\"text1noticias\"> <\/span><\/p>\n<p><span class=\"text1noticias\">\u00a8No podemos subordinarnos  a una contradicci\u00f3n entre dos l\u00edderes por cuestiones personales que son el presidente del PLD y el presidente de la Republica , que de ellos tiene que venir una voluntad de darles institucionalidad a los partidos pol\u00edticos en la Republica Dominicana\u00a8.<\/span><\/p>\n<\/p>\n<p><span class=\"text1noticias\">Al ser entrevistada por el periodista Salvador Holgu\u00edn en el programa \u00abSin Cortapisa \u00abque se transmite por Teleradio Am\u00e9rica, canal 45,  la directora de Participaci\u00f3n Ciudadana opin\u00f3 que es necesaria la Ley de Partidos por la crisis institucional que a su juicio est\u00e1n viviendo los partidos pol\u00edticos, tanto los mayoritarios como los emergentes.<\/span><\/p>\n<\/p>\n<p><span class=\"text1noticias\"> \u00a8Y en este sentido nos preocupa que lleguemos al 2016 sin contar con una norma que le de vida org\u00e1nica e institucional a los partidos pol\u00edticos\u00a8 expres\u00f3 Rosal\u00eda Sosa.<\/span><\/p>\n<\/p>\n<p><span class=\"text1noticias\">Dijo que Participaci\u00f3n Ciudadana tiene m\u00e1s de 10 a\u00f1os demandando la existencia de una Ley de partidos pol\u00edticos y que hoy en d\u00eda muchas organizaciones se han sumado a esa demanda.<\/span><\/p>\n<p><span class=\"text1noticias\">Asegur\u00f3 que el Congreso Nacional es el responsable institucional de que no se haya aprobado a\u00fan la Ley de Partidos porque no ha cumplido su papel y manifest\u00f3 que los legisladores son c\u00f3mplices de la crisis que est\u00e1n viviendo actualmente los partidos pol\u00edticos.<\/span><\/p>\n<\/p>\n<p><span class=\"text1noticias\">Acerca de Leonel y \u00a8los vientos a su favor\u00a8<\/span><\/p>\n<\/p>\n<p><span class=\"text1noticias\">La directora de Participaci\u00f3n Ciudadana dijo que sin duda los vientos han soplado a favor del ex presidente Leonel Fern\u00e1ndez porque fue archivada la querella interpuesta en su contra por el ex fiscal Guillermo Moreno y ninguno de sus funcionarios fue sometido por corrupci\u00f3n lo que sin duda evidencia que los \u00a8vientos soplan a su favor\u00a8.<\/span><\/p>\n<\/p>\n<p><span class=\"text1noticias\">Rosal\u00eda Sosa realiz\u00f3 un llamado al Congreso Nacional para que apruebe un conjunto de leyes entre ellas la Ley de Partidos, la Ley Org\u00e1nica Electoral y la Ley de Transparencia y Responsabilidad Fiscal y detall\u00f3 que esta \u00faltima establecer\u00e1 topes de la deuda p\u00fablica y la responsabilidad fiscal.<\/span><\/p>\n<\/p>\n<p><span class=\"text1noticias\">El programa \u00abSin Cortapisa\u00bb, se transmite de lunes a viernes de 8 a 9 am por Teleradio Am\u00e9rica canal 45 y 12 de Telecable, para todos los Estados Unidos, Centroam\u00e9rica y Europa por Supercanal Caribe y en la web www.sincortapisa.com, www.dajabondigital.com, en youtube \/hilandofinotv<\/span><\/p>\n<\/p>\n<\/p>\n<\/p>\n<h6> 2014-08-09 01:51:47 <\/h6>\n<p><!--\n<link rel=\"stylesheet\" href=\"css\/bootstrap.min.css\">\n\n\n<ul class=\"pagination\">\n\t    \n\t\n\n<li >\n\t<a href='?page_no=14870'>Previous<\/a>\n\t<\/li>\n\n\n       \n    \n\n<li><a href='?page_no=1'>1<\/a><\/li>\n\n\n\n<li><a href='?page_no=2'>2<\/a><\/li>\n\n\n\n<li><a>...<\/a><\/li>\n\n\n\n<li><a href='?page_no=14869'>14869<\/a><\/li>\n\n\n\n<li><a href='?page_no=14870'>14870<\/a><\/li>\n\n\n\n<li class='active'><a>14871<\/a><\/li>\n\n\n\n<li><a href='?page_no=14872'>14872<\/a><\/li>\n\n\n\n<li><a href='?page_no=14873'>14873<\/a><\/li>\n\n\n\n<li><a>...<\/a><\/li>\n\n\n\n<li><a href='?page_no=36999'>36999<\/a><\/li>\n\n\n\n<li><a href='?page_no=37000'>37000<\/a><\/li>\n\n    \n\t\n\n<li >\n\t<a href='?page_no=14872'>Next<\/a>\n\t<\/li>\n\n\n    \n\n<li><a href='?page_no=37000'>Last &rsaquo;&rsaquo;<\/a><\/li>\n\n<\/ul>\n\n\n--><br \/>\n<\/body><\/p>\n","protected":false},"excerpt":{"rendered":"<p>Rosal\u00eda Sosa considera que la Ley de Partidos no ha sido aprobada porque los l\u00edderes del Partido de la Liberaci\u00f3n Dominicana (PLD) no han bajado la l\u00ednea al Congreso Nacional. \u00a8No podemos subordinarnos a una contradicci\u00f3n entre dos l\u00edderes por cuestiones personales que son el presidente del PLD y el presidente de la Republica , [&hellip;]<\/p>\n","protected":false},"author":3,"featured_media":0,"comment_status":"open","ping_status":"open","sticky":false,"template":"","format":"standard","meta":{"footnotes":""},"categories":[22],"tags":[],"class_list":["post-162468","post","type-post","status-publish","format-standard","hentry","category-politica"],"_links":{"self":[{"href":"https:\/\/diariodominicano.com\/index.php?rest_route=\/wp\/v2\/posts\/162468","targetHints":{"allow":["GET"]}}],"collection":[{"href":"https:\/\/diariodominicano.com\/index.php?rest_route=\/wp\/v2\/posts"}],"about":[{"href":"https:\/\/diariodominicano.com\/index.php?rest_route=\/wp\/v2\/types\/post"}],"author":[{"embeddable":true,"href":"https:\/\/diariodominicano.com\/index.php?rest_route=\/wp\/v2\/users\/3"}],"replies":[{"embeddable":true,"href":"https:\/\/diariodominicano.com\/index.php?rest_route=%2Fwp%2Fv2%2Fcomments&post=162468"}],"version-history":[{"count":0,"href":"https:\/\/diariodominicano.com\/index.php?rest_route=\/wp\/v2\/posts\/162468\/revisions"}],"wp:attachment":[{"href":"https:\/\/diariodominicano.com\/index.php?rest_route=%2Fwp%2Fv2%2Fmedia&parent=162468"}],"wp:term":[{"taxonomy":"category","embeddable":true,"href":"https:\/\/diariodominicano.com\/index.php?rest_route=%2Fwp%2Fv2%2Fcategories&post=162468"},{"taxonomy":"post_tag","embeddable":true,"href":"https:\/\/diariodominicano.com\/index.php?rest_route=%2Fwp%2Fv2%2Ftags&post=162468"}],"curies":[{"name":"wp","href":"https:\/\/api.w.org\/{rel}","templated":true}]}}