{"id":162467,"date":"2014-08-09T16:06:19","date_gmt":"2014-08-09T16:06:19","guid":{"rendered":"http:\/\/diariodominicano.ddns.net\/?p=162467"},"modified":"2014-08-09T16:06:19","modified_gmt":"2014-08-09T16:06:19","slug":"visita-de-reinaldo-a-la-provincia-duarte-genera-entusiasmo-y-crea-expectativa","status":"publish","type":"post","link":"https:\/\/diariodominicano.com\/?p=162467","title":{"rendered":"Visita de Reinaldo a la provincia Duarte genera entusiasmo y crea expectativa"},"content":{"rendered":"<p><body><\/p>\n<p><img decoding=\"async\" src=\"img3\/rey 9.jpg\" \/>  <\/p>\n<p>San Frncisco de Macoris RD 9 agosto. Gran entusiasmo reina entre la dirigencia y la militancia del Partido de la Liberaci\u00f3n Dominicana (PLD), as\u00ed como entre representantes de otros segmentos de la provincia Duarte por la visita que girar\u00e1 este fin de semana el aspirante presidencial Reinaldo Pared P\u00e9rez, cuya candidatura experimenta cada vez m\u00e1s fortaleza de cara a las elecciones del partido y las Presidenciales del 2016.<\/p>\n<\/p>\n<p>El doctor Pared P\u00e9rez, secretario general del PLD y quien el mi\u00e9rcoles pasado rindi\u00f3 sus memorias como presidente del Senado, posici\u00f3n que dejar\u00e1 el 16 de este mes para dedicarse a tiempo completo a su campa\u00f1a pol\u00edtica por la nominaci\u00f3n presidencial, recorrer\u00e1 todos los municipios de la provincia Duarte el s\u00e1bado y el domingo.<\/p>\n<\/p>\n<p>Las actividades del doctor Pared P\u00e9rez iniciar\u00e1n a las 8:30 de la ma\u00f1ana, en el municipio de Arenoso, con contactos y encuentros con dirigentes del partido, as\u00ed como con representantes de productores agropecuarios, los sectores juventud, deportes, salud, entre otros sectores que respaldan sus aspiraciones presidenciales.<\/p>\n<\/p>\n<p>El doctor Pared P\u00e9rez tambi\u00e9n celebrar\u00e1 encuentros similares en los municipios de San Francisco de Macor\u00eds, Castillo, Las Gu\u00e1ranas, Pimentel, Villa Riva, los trece distritos municipales y secciones, parajes y barrios de la provincia Duarte, comunidades donde se ha mostrado un gran entusiasmo por la visita del dirigente del PLD y aspirante a dirigir los destinos del pa\u00eds a partir del 16 de agosto del 2016. <\/p>\n<\/p>\n<p>Una nota de prensa de la oficina pol\u00edtica del doctor Pared P\u00e9rez indica que una comisi\u00f3n de dirigentes de ese comando electoral viaj\u00f3 desde el Distrito Nacional a este y otros municipios de la provincia Duarte y junto a l\u00edderes locales se realizaron las coordinaciones para garantizar el \u00e9xito de cada jornada, tal como ha acontecido en cada uno de los lugares que hasta ahora ha visitado el aspirante presidencial.<\/p>\n<\/p>\n<p>El doctor Pared P\u00e9rez inici\u00f3 su campa\u00f1a por la nominaci\u00f3n presidencial el 17 de febrero y, desde entonces, ha recorrido la mayor\u00eda de las provincias del pa\u00eds concitando un gran respaldo de la dirigencia  y la militancia del PLD, as\u00ed como de partidos aliados y sectores de la sociedad civil. Adem\u00e1s, ha encabezado encuentros nacionales de los sectores mujer, juventud, deportes, municipalidad y cultura.<\/p>\n<\/p>\n<h6> 2014-08-09 16:06:19 <\/h6>\n<p><!--\n<link rel=\"stylesheet\" href=\"css\/bootstrap.min.css\">\n\n\n<ul class=\"pagination\">\n\t    \n\t\n\n<li >\n\t<a href='?page_no=14869'>Previous<\/a>\n\t<\/li>\n\n\n       \n    \n\n<li><a href='?page_no=1'>1<\/a><\/li>\n\n\n\n<li><a href='?page_no=2'>2<\/a><\/li>\n\n\n\n<li><a>...<\/a><\/li>\n\n\n\n<li><a href='?page_no=14868'>14868<\/a><\/li>\n\n\n\n<li><a href='?page_no=14869'>14869<\/a><\/li>\n\n\n\n<li class='active'><a>14870<\/a><\/li>\n\n\n\n<li><a href='?page_no=14871'>14871<\/a><\/li>\n\n\n\n<li><a href='?page_no=14872'>14872<\/a><\/li>\n\n\n\n<li><a>...<\/a><\/li>\n\n\n\n<li><a href='?page_no=36999'>36999<\/a><\/li>\n\n\n\n<li><a href='?page_no=37000'>37000<\/a><\/li>\n\n    \n\t\n\n<li >\n\t<a href='?page_no=14871'>Next<\/a>\n\t<\/li>\n\n\n    \n\n<li><a href='?page_no=37000'>Last &rsaquo;&rsaquo;<\/a><\/li>\n\n<\/ul>\n\n\n--><br \/>\n<\/body><\/p>\n","protected":false},"excerpt":{"rendered":"<p>San Frncisco de Macoris RD 9 agosto. Gran entusiasmo reina entre la dirigencia y la militancia del Partido de la Liberaci\u00f3n Dominicana (PLD), as\u00ed como entre representantes de otros segmentos de la provincia Duarte por la visita que girar\u00e1 este fin de semana el aspirante presidencial Reinaldo Pared P\u00e9rez, cuya candidatura experimenta cada vez m\u00e1s [&hellip;]<\/p>\n","protected":false},"author":3,"featured_media":0,"comment_status":"open","ping_status":"open","sticky":false,"template":"","format":"standard","meta":{"footnotes":""},"categories":[22],"tags":[],"class_list":["post-162467","post","type-post","status-publish","format-standard","hentry","category-politica"],"_links":{"self":[{"href":"https:\/\/diariodominicano.com\/index.php?rest_route=\/wp\/v2\/posts\/162467","targetHints":{"allow":["GET"]}}],"collection":[{"href":"https:\/\/diariodominicano.com\/index.php?rest_route=\/wp\/v2\/posts"}],"about":[{"href":"https:\/\/diariodominicano.com\/index.php?rest_route=\/wp\/v2\/types\/post"}],"author":[{"embeddable":true,"href":"https:\/\/diariodominicano.com\/index.php?rest_route=\/wp\/v2\/users\/3"}],"replies":[{"embeddable":true,"href":"https:\/\/diariodominicano.com\/index.php?rest_route=%2Fwp%2Fv2%2Fcomments&post=162467"}],"version-history":[{"count":0,"href":"https:\/\/diariodominicano.com\/index.php?rest_route=\/wp\/v2\/posts\/162467\/revisions"}],"wp:attachment":[{"href":"https:\/\/diariodominicano.com\/index.php?rest_route=%2Fwp%2Fv2%2Fmedia&parent=162467"}],"wp:term":[{"taxonomy":"category","embeddable":true,"href":"https:\/\/diariodominicano.com\/index.php?rest_route=%2Fwp%2Fv2%2Fcategories&post=162467"},{"taxonomy":"post_tag","embeddable":true,"href":"https:\/\/diariodominicano.com\/index.php?rest_route=%2Fwp%2Fv2%2Ftags&post=162467"}],"curies":[{"name":"wp","href":"https:\/\/api.w.org\/{rel}","templated":true}]}}