{"id":162465,"date":"2014-08-09T16:21:14","date_gmt":"2014-08-09T16:21:14","guid":{"rendered":"http:\/\/diariodominicano.ddns.net\/?p=162465"},"modified":"2014-08-09T16:21:14","modified_gmt":"2014-08-09T16:21:14","slug":"partido-revolucionario-mayoritario-juramentara-este-domingo-su-frente-de-seguridad-social","status":"publish","type":"post","link":"https:\/\/diariodominicano.com\/?p=162465","title":{"rendered":"Partido Revolucionario Mayoritario juramentar\u00e1 este domingo su Frente de Seguridad Social"},"content":{"rendered":"<p><body><\/p>\n<p><img decoding=\"async\" src=\"img3\/ellos 9.jpg\" \/><br \/><img decoding=\"async\" src=\"img3\/PRD 9.jpg\" \/>  <\/p>\n<p>Santo Domingo RD 9 agosto.- El Frente Nacional de Seguridad Social del Partido Revolucionario Mayoritario (PRM) en el marco del programa de juramentaciones de las nuevas estructuras del Partido que se desarrolla  en todo el pa\u00eds y en el exterior, celebrar\u00e1 el Acto de Juramentaci\u00f3n de  su direcci\u00f3n nacional con la asistencia de las autoridades del Partido y de sus principales l\u00edderes, encabezados por el expresidente Hip\u00f3lito Mej\u00eda y Luis Abinader.<\/p>\n<\/p>\n<p> Seg\u00fan su Presidente, el Doctor Roberto S\u00e1nchez, en la ocasi\u00f3n ser\u00e1n dadas a conocer importantes declaraciones en relaci\u00f3n con la situaci\u00f3n de crisis por la que atraviesan el Sistema Dominicano de Seguridad Social y el Sistema P\u00fablico de Salud.<\/p>\n<\/p>\n<p> Fecha  :el acto se celebrar\u00e1 este domingo 10 de agosto a las 10:30 de la ma\u00f1ana, en los salones de la Asociaci\u00f3n de Mayoristas del Distrito Nacional de la avenida 27 de Febrero esquina Dr. Defill\u00f3, en el Distrito Nacional.<\/p>\n<\/p>\n<p> Entre los Frentes de Masas del PRM que han  sido juramentados se encuentran el Sindical que dirige Fabio Ruiz, Juventud que dirige Jean Luis Rodr\u00edguez<\/p>\n<\/p>\n<p>Est\u00e1n en agenda para  los pr\u00f3ximos d\u00edas las juramentaciones de  los Frentes de Abogados,  M\u00e9dicos, Femenino, Agropecuario, entre otros.<\/p>\n<h6> 2014-08-09 16:21:14 <\/h6>\n<p><!--\n<link rel=\"stylesheet\" href=\"css\/bootstrap.min.css\">\n\n\n<ul class=\"pagination\">\n\t    \n\t\n\n<li >\n\t<a href='?page_no=14868'>Previous<\/a>\n\t<\/li>\n\n\n       \n    \n\n<li><a href='?page_no=1'>1<\/a><\/li>\n\n\n\n<li><a href='?page_no=2'>2<\/a><\/li>\n\n\n\n<li><a>...<\/a><\/li>\n\n\n\n<li><a href='?page_no=14867'>14867<\/a><\/li>\n\n\n\n<li><a href='?page_no=14868'>14868<\/a><\/li>\n\n\n\n<li class='active'><a>14869<\/a><\/li>\n\n\n\n<li><a href='?page_no=14870'>14870<\/a><\/li>\n\n\n\n<li><a href='?page_no=14871'>14871<\/a><\/li>\n\n\n\n<li><a>...<\/a><\/li>\n\n\n\n<li><a href='?page_no=36999'>36999<\/a><\/li>\n\n\n\n<li><a href='?page_no=37000'>37000<\/a><\/li>\n\n    \n\t\n\n<li >\n\t<a href='?page_no=14870'>Next<\/a>\n\t<\/li>\n\n\n    \n\n<li><a href='?page_no=37000'>Last &rsaquo;&rsaquo;<\/a><\/li>\n\n<\/ul>\n\n\n--><br \/>\n<\/body><\/p>\n","protected":false},"excerpt":{"rendered":"<p>Santo Domingo RD 9 agosto.- El Frente Nacional de Seguridad Social del Partido Revolucionario Mayoritario (PRM) en el marco del programa de juramentaciones de las nuevas estructuras del Partido que se desarrolla en todo el pa\u00eds y en el exterior, celebrar\u00e1 el Acto de Juramentaci\u00f3n de su direcci\u00f3n nacional con la asistencia de las autoridades [&hellip;]<\/p>\n","protected":false},"author":3,"featured_media":0,"comment_status":"open","ping_status":"open","sticky":false,"template":"","format":"standard","meta":{"footnotes":""},"categories":[22],"tags":[],"class_list":["post-162465","post","type-post","status-publish","format-standard","hentry","category-politica"],"_links":{"self":[{"href":"https:\/\/diariodominicano.com\/index.php?rest_route=\/wp\/v2\/posts\/162465","targetHints":{"allow":["GET"]}}],"collection":[{"href":"https:\/\/diariodominicano.com\/index.php?rest_route=\/wp\/v2\/posts"}],"about":[{"href":"https:\/\/diariodominicano.com\/index.php?rest_route=\/wp\/v2\/types\/post"}],"author":[{"embeddable":true,"href":"https:\/\/diariodominicano.com\/index.php?rest_route=\/wp\/v2\/users\/3"}],"replies":[{"embeddable":true,"href":"https:\/\/diariodominicano.com\/index.php?rest_route=%2Fwp%2Fv2%2Fcomments&post=162465"}],"version-history":[{"count":0,"href":"https:\/\/diariodominicano.com\/index.php?rest_route=\/wp\/v2\/posts\/162465\/revisions"}],"wp:attachment":[{"href":"https:\/\/diariodominicano.com\/index.php?rest_route=%2Fwp%2Fv2%2Fmedia&parent=162465"}],"wp:term":[{"taxonomy":"category","embeddable":true,"href":"https:\/\/diariodominicano.com\/index.php?rest_route=%2Fwp%2Fv2%2Fcategories&post=162465"},{"taxonomy":"post_tag","embeddable":true,"href":"https:\/\/diariodominicano.com\/index.php?rest_route=%2Fwp%2Fv2%2Ftags&post=162465"}],"curies":[{"name":"wp","href":"https:\/\/api.w.org\/{rel}","templated":true}]}}