{"id":162464,"date":"2014-08-09T16:35:46","date_gmt":"2014-08-09T16:35:46","guid":{"rendered":"http:\/\/diariodominicano.ddns.net\/?p=162464"},"modified":"2014-08-09T16:35:46","modified_gmt":"2014-08-09T16:35:46","slug":"orlando-jorge-dice-prd-coincide-con-vincho-castillo-su-peor-enemigo","status":"publish","type":"post","link":"https:\/\/diariodominicano.com\/?p=162464","title":{"rendered":"Orlando Jorge dice PRD coincide \u00abcon  Vincho Castillo su peor enemigo\u00bb"},"content":{"rendered":"<p><body><\/p>\n<p><img decoding=\"async\" src=\"img3\/orlando 9.jpg\" \/>  <\/p>\n<p>Santo Domingo RD 9 agosto.-  El ex Secretario General del Partido Revolucionario Dominicano (PRD), Orlando Jorge Mera, afirm\u00f3 que la degradaci\u00f3n de esa organizaci\u00f3n pol\u00edtica ha llegado a un grado tal que ha terminado coincidiendo con la Fuerza Nacional Progresista (FNP) y la familia de Vincho Castillo, su peor enemigo.<\/p>\n<\/p>\n<p>Entrevistado en el programa Agenda Semanal que produce el periodista Balbueno Medina, todos los s\u00e1bados a las 12 del mediod\u00eda por Santo Domingo Tv, canales 69 de UHF y 24 de los sistemas nacional de cable, Jorge Mera condeno en\u00e9rgicamente que el PRD haya terminado haciendo causan com\u00fan con quienes provocaron la muerte de su l\u00edder Jos\u00e9 Francisco Pe\u00f1a G\u00f3mez y quienes han perseguido permanentemente a sus dirigentes.<\/p>\n<\/p>\n<p>El ex secretario General del partido blanco, sostuvo que en ese maridaje, esa organizaci\u00f3n pol\u00edtica se ha olvidado de hacerle oposici\u00f3n al gobierno del PLD y que encima de eso lo evidencia cuando somete una propuesta de revisi\u00f3n del Reglamento de Regularizaci\u00f3n de Extranjeros, despu\u00e9s que el mismo es publicado por las autoridades.<\/p>\n<\/p>\n<p>Orlando Jorge Mera, dijo que en la actualidad en la Rep\u00fablica Dominicana no existe oposici\u00f3n pol\u00edtica y que en los pr\u00f3ximos d\u00edas fijara su posici\u00f3n respecto a la situaci\u00f3n interna del PRD y a su futuro pol\u00edtico.<\/p>\n<\/p>\n<p>Adelant\u00f3 que en vista de que existe el vac\u00edo opositor al gobierno de Danilo Medina, que es igual a los dem\u00e1s gobiernos que ha tenido el PLD, inclinara su decisi\u00f3n en aras de llenar ese espacio para fortalecer la democracia y el equilibrio pol\u00edtico de la naci\u00f3n.<\/p>\n<\/p>\n<p>El doctor Orlando Jorge Mera reitero sus cr\u00edticas al pasado proceso convencional celebrado en el PRD, por lo que no se siente representado por las autoridades de ese partido y que por eso continua reflexionando sobre su futuro pol\u00edtico de cara al 2016.<\/p>\n<\/p>\n<p>Sobre el reglamento 086-11 de INDOTEL la ley 6132<\/p>\n<\/p>\n<p>El ex presidente del Consejo de Administraci\u00f3n del Instituto Dominicano de las Telecomunicaciones se mostr\u00f3 confiado en que el Tribunal Constitucional (TC), rechazara toda medida que proh\u00edba la libertad de expresi\u00f3n y difusi\u00f3n del pensamiento de los comunicadores sociales y de los ciudadanos del pa\u00eds.<\/p>\n<\/p>\n<p>En ese sentido, Orlando Jorge Mera, expreso su rotundo rechazo a la aplicaci\u00f3n del Reglamento 086-11 del INDOTEL y a la aplicaci\u00f3n de todos los art\u00edculos de la ley 6132, que proh\u00edben la libertad de Expresi\u00f3n a los comunicadores y a los ciudadanos del pa\u00eds.<\/p>\n<\/p>\n<p>El ex presidente del INDOTEL, sostuvo que en el caso de la ley 6132, la misma de la misma no deber\u00eda de estarse hablando en el pa\u00eds, porque lo que se impone es que la misma sea modificada por lo obsoleta que es.<\/p>\n<\/p>\n<p>Jorge Mera, se\u00f1alo que esa legislaci\u00f3n fue aprobada en un momento en que la Rep\u00fablica Dominicana no ten\u00eda el desarrollo tecnol\u00f3gico con que cuenta hoy d\u00eda, por lo que propuso que la misma sea adecuada a las actuales circunstancias que vive el pa\u00eds.<\/p>\n<\/p>\n<p>El abogado y pol\u00edtico, destac\u00f3 que en ninguna parte del mundo se busca coartar los derechos a la expresi\u00f3n y difusi\u00f3n del pensamiento de los ciudadanos y que la constituci\u00f3n de la Rep\u00fablica Dominicana tambi\u00e9n lo proh\u00edbe, por lo que estar discutiendo la aplicaci\u00f3n de leyes y reglamentos que proh\u00edben esos derechos es un atraso para la naci\u00f3n.<\/p>\n<\/p>\n<h6> 2014-08-09 16:35:46 <\/h6>\n<p><!--\n<link rel=\"stylesheet\" href=\"css\/bootstrap.min.css\">\n\n\n<ul class=\"pagination\">\n\t    \n\t\n\n<li >\n\t<a href='?page_no=14867'>Previous<\/a>\n\t<\/li>\n\n\n       \n    \n\n<li><a href='?page_no=1'>1<\/a><\/li>\n\n\n\n<li><a href='?page_no=2'>2<\/a><\/li>\n\n\n\n<li><a>...<\/a><\/li>\n\n\n\n<li><a href='?page_no=14866'>14866<\/a><\/li>\n\n\n\n<li><a href='?page_no=14867'>14867<\/a><\/li>\n\n\n\n<li class='active'><a>14868<\/a><\/li>\n\n\n\n<li><a href='?page_no=14869'>14869<\/a><\/li>\n\n\n\n<li><a href='?page_no=14870'>14870<\/a><\/li>\n\n\n\n<li><a>...<\/a><\/li>\n\n\n\n<li><a href='?page_no=36999'>36999<\/a><\/li>\n\n\n\n<li><a href='?page_no=37000'>37000<\/a><\/li>\n\n    \n\t\n\n<li >\n\t<a href='?page_no=14869'>Next<\/a>\n\t<\/li>\n\n\n    \n\n<li><a href='?page_no=37000'>Last &rsaquo;&rsaquo;<\/a><\/li>\n\n<\/ul>\n\n\n--><br \/>\n<\/body><\/p>\n","protected":false},"excerpt":{"rendered":"<p>Santo Domingo RD 9 agosto.- El ex Secretario General del Partido Revolucionario Dominicano (PRD), Orlando Jorge Mera, afirm\u00f3 que la degradaci\u00f3n de esa organizaci\u00f3n pol\u00edtica ha llegado a un grado tal que ha terminado coincidiendo con la Fuerza Nacional Progresista (FNP) y la familia de Vincho Castillo, su peor enemigo. Entrevistado en el programa Agenda [&hellip;]<\/p>\n","protected":false},"author":3,"featured_media":0,"comment_status":"open","ping_status":"open","sticky":false,"template":"","format":"standard","meta":{"footnotes":""},"categories":[22],"tags":[],"class_list":["post-162464","post","type-post","status-publish","format-standard","hentry","category-politica"],"_links":{"self":[{"href":"https:\/\/diariodominicano.com\/index.php?rest_route=\/wp\/v2\/posts\/162464","targetHints":{"allow":["GET"]}}],"collection":[{"href":"https:\/\/diariodominicano.com\/index.php?rest_route=\/wp\/v2\/posts"}],"about":[{"href":"https:\/\/diariodominicano.com\/index.php?rest_route=\/wp\/v2\/types\/post"}],"author":[{"embeddable":true,"href":"https:\/\/diariodominicano.com\/index.php?rest_route=\/wp\/v2\/users\/3"}],"replies":[{"embeddable":true,"href":"https:\/\/diariodominicano.com\/index.php?rest_route=%2Fwp%2Fv2%2Fcomments&post=162464"}],"version-history":[{"count":0,"href":"https:\/\/diariodominicano.com\/index.php?rest_route=\/wp\/v2\/posts\/162464\/revisions"}],"wp:attachment":[{"href":"https:\/\/diariodominicano.com\/index.php?rest_route=%2Fwp%2Fv2%2Fmedia&parent=162464"}],"wp:term":[{"taxonomy":"category","embeddable":true,"href":"https:\/\/diariodominicano.com\/index.php?rest_route=%2Fwp%2Fv2%2Fcategories&post=162464"},{"taxonomy":"post_tag","embeddable":true,"href":"https:\/\/diariodominicano.com\/index.php?rest_route=%2Fwp%2Fv2%2Ftags&post=162464"}],"curies":[{"name":"wp","href":"https:\/\/api.w.org\/{rel}","templated":true}]}}