{"id":162463,"date":"2014-08-09T18:47:19","date_gmt":"2014-08-09T18:47:19","guid":{"rendered":"http:\/\/diariodominicano.ddns.net\/?p=162463"},"modified":"2014-08-09T18:47:19","modified_gmt":"2014-08-09T18:47:19","slug":"alejandrina-german-la-formacion-politica-por-mandato-estatutario-es-obligatoria-en-el-pld","status":"publish","type":"post","link":"https:\/\/diariodominicano.com\/?p=162463","title":{"rendered":"Alejandrina Germ\u00e1n: La formaci\u00f3n pol\u00edtica, por mandato estatutario es obligatoria en el PLD&#13;"},"content":{"rendered":"<p><body><\/p>\n<p><img decoding=\"async\" src=\"img3\/luis.jpg\" \/>  <\/p>\n<p><span class=\"text1noticias\">Santo Domingo, RD, 9 de Agosto.-Citando al fundador y l\u00edder hist\u00f3rico del Partido de la Liberaci\u00f3n Dominicana, profesor Juan Bosch, Alejandrina Germ\u00e1n, integrante de su Comit\u00e9 Pol\u00edtico, reflexion\u00f3 ante los dirigentes de los municipios Santo Domingo Oeste, Los Alc\u00e1rrizos y Pedro Brand sobre la formaci\u00f3n de los dirigentes, que por mandato del VIII Congreso Ordinario Comandante Norge Botello, tiene ya  car\u00e1cter obligatorio.<\/span><\/p>\n<p><span class=\"text1noticias\"> <\/span><\/p>\n<p><span class=\"text1noticias\">\u00abLa educaci\u00f3n es la que califica el Partido\u00bb dijo Germ\u00e1n citando al l\u00edder hist\u00f3rico del PLD quien siempre razon\u00f3 Sobre la necesidad de conocer el pasado para explicarnos el presente y prever el futuro.<\/span><\/p>\n<p><span class=\"text1noticias\"> <\/span><\/p>\n<p><span class=\"text1noticias\">La Secretaria de Formaci\u00f3n Pol\u00edtica  introdujo el Seminario \u00abHacia una Nueva Visi\u00f3n de la Formaci\u00f3n Pol\u00edtica\u00bb realizado en horas de la ma\u00f1ana para los presidentes de Comit\u00e9s Intermedios de los municipios de Los Alcarrizos, Pedro Brand y Santo Domingo Oeste y en la tarde para los dirigentes del Santo Domingo Este, Guerra y Boca Chica.<\/span><\/p>\n<p><span class=\"text1noticias\"> <\/span><\/p>\n<p><span class=\"text1noticias\">Las palabras introductorias del seminario continuaron a las de bienvenida pronunciadas por Flavia Garc\u00eda, Secretaria de la Mujer en el PLD, miembro del Comit\u00e9 Central y residente en el santo Domigo Oeste.<\/span><\/p>\n<p><span class=\"text1noticias\"> <\/span><\/p>\n<p><span class=\"text1noticias\">Alejandrina Germ\u00e1n destac\u00f3  que en los nuevos Estatutos del Partido de la Liberaci\u00f3n Dominicana, se consigna como un deber de los miembros del PLD participar en los programas de formaci\u00f3n pol\u00edtico a cargo del \u00f3rgano responsabilizado para esa tarea.<\/span><\/p>\n<p><span class=\"text1noticias\"> <\/span><\/p>\n<p><span class=\"text1noticias\">Record\u00f3 tambi\u00e9n que se aprob\u00f3, que para optar por determinada posici\u00f3n a lo interno de la organizaci\u00f3n o una funci\u00f3n electiva del Estado, los miembros tienen que tener aprobados los niveles de formaci\u00f3n en pol\u00edtica.<\/span><\/p>\n<p><span class=\"text1noticias\"> <\/span><\/p>\n<p><span class=\"text1noticias\">\u00abHaremos todo el esfuerzo y contamos con los dirigentes del Partido preocupados para velar para que esa disposici\u00f3n se cumpla al pie de la letra\u00bb dijo Germ\u00e1n al advertir sobre la debilidad de colocar en las boletas personas sin desarrollo pol\u00edtico alguno o que desconozcan lo que es el PLD y su historia.<\/span><\/p>\n<p><span class=\"text1noticias\"> <\/span><\/p>\n<p><span class=\"text1noticias\">Explicando la raz\u00f3n de ser del seminario, que agota en el presente y el pr\u00f3ximo fin de semana, sus \u00faltimas entregas, Germ\u00e1n dijo que lo que se pretende con el mismo es que se entienda que se est\u00e1 ofreciendo una oportunidad, para que despu\u00e9s no se diga lo contrario.<\/span><\/p>\n<p><span class=\"text1noticias\"> <\/span><\/p>\n<p><span class=\"text1noticias\">Posterior a la presente fase la Secretar\u00eda de Formaci\u00f3n Pol\u00edtica capacitar\u00e1 los facilitadores quienes se encargar\u00e1n de socializar los conceptos del Nivel B\u00e1sico de la formaci\u00f3n pol\u00edtica en los Comit\u00e9s Intermedios.<\/span><\/p>\n<p><span class=\"text1noticias\"> <\/span><\/p>\n<p><span class=\"text1noticias\">Exhort\u00f3 a los miembros del PLD que quien presente sus aspiraciones a  posiciones internas del Partido o electivas en el Estado, y que no hayan cursado los niveles de Formaci\u00f3n Pol\u00edtica,  a que no le premie con el voto: \u00abTan malo es quien  pide ser dirigente sin tener formaci\u00f3n pol\u00edtica, como quien le ofrece su apoyo y respaldo\u00bb apunt\u00f3.<\/span><\/p>\n<p><span class=\"text1noticias\"> <\/span><\/p>\n<p><span class=\"text1noticias\">Dijo que el programa formativo aprobado en el Congreso recurrir\u00e1 a las herramientas evaluativas modernas  que permiten f\u00e1cilmente entender el grado de compresi\u00f3n que se ha adquirido cuando se estudian los temas y si se han estudiadas o no<\/span><\/p>\n<p><span class=\"text1noticias\"> <\/span><\/p>\n<p><span class=\"text1noticias\">A los participantes se les entreg\u00f3 un libro con todos los temas del nivel b\u00e1sico que presenta a grandes rasgos la historia del PLD, la teor\u00eda Boschista y l reglamentos internos que trazan normas generales y de comportamiento.<\/span><\/p>\n<p><span class=\"text1noticias\"> <\/span><\/p>\n<p><span class=\"text1noticias\"> La mesa directiva del Seminario Hacia Una Nueva Visi\u00f3n de la Formaci\u00f3n Pol\u00edtica en el Santo Domingo Oeste, realizado en el club de la CDEEE estuvo encabezada por Alejandrina Germ\u00e1n, miembro del Comit\u00e9 Pol\u00edtico, Flavia Garc\u00eda, Beatriz Ovalle y Lu\u00eds Garc\u00eda, Membro del Comit\u00e9 Central  <\/span><\/p>\n<p><span class=\"text1noticias\"> <\/span><\/p>\n<p><span class=\"text1noticias\">Los integrantes del equipo de Formaci\u00f3n Pol\u00edtica  Beatriz Ovalle, H\u00e9ctor Lu\u00eds Mart\u00ednez, Carmen S\u00e1nchez,  Vernon Cabrera  se repartieron las diferentes ponencias abordando la historia del PLD, el programa de Formaci\u00f3n Pol\u00edtica, aprobado en el reci\u00e9n celebrado Congreso y otros aspectos formativos incluidos en el seminario. V\u00edctor Cuevas fue el moderador de las ponencias.  <\/span><\/p>\n<p><span class=\"text1noticias\"> <\/span><\/p>\n<p><span class=\"text1noticias\">Ambas entregas de los seminarios de este s\u00e1bado se transmiti\u00f3  en tiempo real en Internet por las direccioneswww.pldaldia.com y www.lagenteenlinea.com; por Twitter @FORMACIONPLD con el Hashtag#seminariosPLD; mientras que las informaciones, slides fotogr\u00e1ficos y videos se siguieron en  formaci\u00f3npoliticapld en Facebook y Youtube.<\/span><\/p>\n<p><span class=\"text1noticias\"> <\/span><\/p>\n<p><span class=\"text1noticias\">Este domingo , a partir de las 8:30 de la ma\u00f1ana en la capital se ofrecer\u00e1 el seminario para los dirigentes de las tres circunscripciones del Distrito Nacional, las provincias Monte Plata y San Crist\u00f3bal.(HG)<\/span>.<\/p>\n<h6> 2014-08-09 18:47:19 <\/h6>\n<p><!--\n<link rel=\"stylesheet\" href=\"css\/bootstrap.min.css\">\n\n\n<ul class=\"pagination\">\n\t    \n\t\n\n<li >\n\t<a href='?page_no=14866'>Previous<\/a>\n\t<\/li>\n\n\n       \n    \n\n<li><a href='?page_no=1'>1<\/a><\/li>\n\n\n\n<li><a href='?page_no=2'>2<\/a><\/li>\n\n\n\n<li><a>...<\/a><\/li>\n\n\n\n<li><a href='?page_no=14865'>14865<\/a><\/li>\n\n\n\n<li><a href='?page_no=14866'>14866<\/a><\/li>\n\n\n\n<li class='active'><a>14867<\/a><\/li>\n\n\n\n<li><a href='?page_no=14868'>14868<\/a><\/li>\n\n\n\n<li><a href='?page_no=14869'>14869<\/a><\/li>\n\n\n\n<li><a>...<\/a><\/li>\n\n\n\n<li><a href='?page_no=36999'>36999<\/a><\/li>\n\n\n\n<li><a href='?page_no=37000'>37000<\/a><\/li>\n\n    \n\t\n\n<li >\n\t<a href='?page_no=14868'>Next<\/a>\n\t<\/li>\n\n\n    \n\n<li><a href='?page_no=37000'>Last &rsaquo;&rsaquo;<\/a><\/li>\n\n<\/ul>\n\n\n--><br \/>\n<\/body><\/p>\n","protected":false},"excerpt":{"rendered":"<p>Santo Domingo, RD, 9 de Agosto.-Citando al fundador y l\u00edder hist\u00f3rico del Partido de la Liberaci\u00f3n Dominicana, profesor Juan Bosch, Alejandrina Germ\u00e1n, integrante de su Comit\u00e9 Pol\u00edtico, reflexion\u00f3 ante los dirigentes de los municipios Santo Domingo Oeste, Los Alc\u00e1rrizos y Pedro Brand sobre la formaci\u00f3n de los dirigentes, que por mandato del VIII Congreso Ordinario [&hellip;]<\/p>\n","protected":false},"author":3,"featured_media":0,"comment_status":"open","ping_status":"open","sticky":false,"template":"","format":"standard","meta":{"footnotes":""},"categories":[22],"tags":[],"class_list":["post-162463","post","type-post","status-publish","format-standard","hentry","category-politica"],"_links":{"self":[{"href":"https:\/\/diariodominicano.com\/index.php?rest_route=\/wp\/v2\/posts\/162463","targetHints":{"allow":["GET"]}}],"collection":[{"href":"https:\/\/diariodominicano.com\/index.php?rest_route=\/wp\/v2\/posts"}],"about":[{"href":"https:\/\/diariodominicano.com\/index.php?rest_route=\/wp\/v2\/types\/post"}],"author":[{"embeddable":true,"href":"https:\/\/diariodominicano.com\/index.php?rest_route=\/wp\/v2\/users\/3"}],"replies":[{"embeddable":true,"href":"https:\/\/diariodominicano.com\/index.php?rest_route=%2Fwp%2Fv2%2Fcomments&post=162463"}],"version-history":[{"count":0,"href":"https:\/\/diariodominicano.com\/index.php?rest_route=\/wp\/v2\/posts\/162463\/revisions"}],"wp:attachment":[{"href":"https:\/\/diariodominicano.com\/index.php?rest_route=%2Fwp%2Fv2%2Fmedia&parent=162463"}],"wp:term":[{"taxonomy":"category","embeddable":true,"href":"https:\/\/diariodominicano.com\/index.php?rest_route=%2Fwp%2Fv2%2Fcategories&post=162463"},{"taxonomy":"post_tag","embeddable":true,"href":"https:\/\/diariodominicano.com\/index.php?rest_route=%2Fwp%2Fv2%2Ftags&post=162463"}],"curies":[{"name":"wp","href":"https:\/\/api.w.org\/{rel}","templated":true}]}}