{"id":162462,"date":"2014-08-09T19:42:07","date_gmt":"2014-08-09T19:42:07","guid":{"rendered":"http:\/\/diariodominicano.ddns.net\/?p=162462"},"modified":"2014-08-09T19:42:07","modified_gmt":"2014-08-09T19:42:07","slug":"promete-invertir-en-el-campo-para-desarrollar-el-pais-y-mejorar-la-calidad-de-vida-de-la-gente","status":"publish","type":"post","link":"https:\/\/diariodominicano.com\/?p=162462","title":{"rendered":"Promete invertir en el campo para desarrollar el pa\u00eds y mejorar la calidad de vida de la gente"},"content":{"rendered":"<p><body><\/p>\n<p><img decoding=\"async\" src=\"http:\/\/localhost:8080\/img3\/ARENOSO.JPG\" \/>  <\/p>\n<p><span class=\"text1noticias\">ARENOSO, Provincia Duarte, RD, 9 de Agosto.-El aspirante presidencial Reinaldo Pared P\u00e9rez proclam\u00f3 que a partir del 16 agosto de 2016, cuando se juramente como presidente de la Rep\u00fablica, fijar\u00e1 su mirada hacia el campo porque de la mejor\u00eda y modernizaci\u00f3n de la producci\u00f3n agropecuaria depende en gran medida el desarrollo del pa\u00eds y el bienestar de la gente que vive en zonas agr\u00edcolas.<\/span><\/p>\n<\/p>\n<p><span class=\"text1noticias\">El secretario general del Partido de la Liberaci\u00f3n Dominicana (PLD) y presidente del Senado consider\u00f3, asimismo, que el presidente Danilo Medina no se equivoca al priorizar el campo en sus ejecutorias de gobierno, pues eso se traduce en mejor\u00eda econ\u00f3mica, en bienestar y desarrollo de la mayor\u00eda de los dominicanos.<\/span><\/p>\n<\/p>\n<p><span class=\"text1noticias\">\u00abLa Rep\u00fablica Dominicana tiene 155 municipios, de los cuales 132 tienen su fuerte en la agropecuaria, de modo pues que lo tenemos muy claro: el que resulte electo presidente de la Republica en el 2016, que de seguro ser\u00e9 yo, tiene que fijar su mirada al campo, impulsar el desarrollo rural, pues produciendo m\u00e1s alimento tendremos un mejor pa\u00eds, una naci\u00f3n m\u00e1s grande, una rep\u00fablica vigorosa\u00bb, dijo el doctor Pared P\u00e9rez al hablar en un desayuno-rueda de prensa en la residencia de la dirigente pelede\u00edsta y l\u00edder comunitaria Bernardina Mora, en la comunidad de Las Coles, de este municipio.<\/span><\/p>\n<\/p>\n<p><span class=\"text1noticias\">El doctor Pared P\u00e9rez  inici\u00f3 en esta comunidad un recorrido que lo llev\u00f3 este s\u00e1bado por los municipios Arenoso, Villa Riva, Castillo, Pimentel, Las Gu\u00e1ranas y San Francisco de Macor\u00eds, donde la dirigencia provincial del PLD, con el senador Am\u00edlcar Romero a la cabeza, as\u00ed como dirigentes y militantes pelede\u00edstas decidieron, mayoritariamente, ofrecerle su respaldo.<\/span><\/p>\n<\/p>\n<p><span class=\"text1noticias\">Adem\u00e1s de referirse a temas agropecuarios y a la necesidad de ejecutar proyectos y programas a favor de la zona rural, el doctor Pared P\u00e9rez resalt\u00f3 lo bien posicionada que est\u00e1 su candidatura presidencial en los sectores juvenil y femenino.<\/span><\/p>\n<\/p>\n<p><span class=\"text1noticias\">\u00abDatos ofrecidos por la Junta Central Electoral indican que para las elecciones del 2016 vamos a tener entre 900 mil y un mill\u00f3n de nuevos votantes. El pasado fin de semana en el club Mauricio B\u00e1ez, en Santo domingo, fue celebrado un multitudinario mitin donde miles de j\u00f3venes nos ofrecieron su respaldo. En ese mismo lugar pas\u00f3 igual cuando fue lanzado el movimiento Nosotras con Reinaldo, donde la mujer proclam\u00f3 que somos el candidato mejor valorado por este sector. Eso es un indicador de c\u00f3mo estamos, lo bien que est\u00e1 nuestra candidatura en sectores tan decisivos como la mujer y la juventud\u00bb, manifest\u00f3.<\/span><\/p>\n<\/p>\n<p><span class=\"text1noticias\">Durante su recorrido el secretario general del PLD, acompa\u00f1ado del senador Am\u00edlcar Romero y de su equipo de campa\u00f1a, visit\u00f3 en la zona el liderazgo del partido morado, entre ellos el presidente del comit\u00e9 provincial, Andr\u00e9s Acosta; el presidente del comit\u00e9 municipal de San Francisco de Macor\u00eds, Manuel Trinidad; el presidente del PLD en Arenoso, Yoel Aquino Ledesma (Ito); el presidente del PLD en Villa Riva, Alfredo Espinal; el alcalde y presidente del PLD en Castillo, Frank Valent\u00edn: as\u00ed como otros dirigentes pelede\u00edstas.<\/span><\/p>\n<p><span class=\"text1noticias\"> <\/span><\/p>\n<p><span class=\"text1noticias\">El aspirante presidencial del PLD concit\u00f3 este s\u00e1bado  un gran respaldo de la dirigencia y la militancia pelede\u00edsta, as\u00ed como diferentes sectores de la provincia Duarte. Este domingo Reinaldo continuar\u00e1 su recorrido proselitista por esa demarcaci\u00f3n pol\u00edtica.(HG)<\/span>.<\/p>\n<h6> 2014-08-09 19:42:07 <\/h6>\n<p><!--\n<link rel=\"stylesheet\" href=\"css\/bootstrap.min.css\">\n\n\n<ul class=\"pagination\">\n\t    \n\t\n\n<li >\n\t<a href='?page_no=14865'>Previous<\/a>\n\t<\/li>\n\n\n       \n    \n\n<li><a href='?page_no=1'>1<\/a><\/li>\n\n\n\n<li><a href='?page_no=2'>2<\/a><\/li>\n\n\n\n<li><a>...<\/a><\/li>\n\n\n\n<li><a href='?page_no=14864'>14864<\/a><\/li>\n\n\n\n<li><a href='?page_no=14865'>14865<\/a><\/li>\n\n\n\n<li class='active'><a>14866<\/a><\/li>\n\n\n\n<li><a href='?page_no=14867'>14867<\/a><\/li>\n\n\n\n<li><a href='?page_no=14868'>14868<\/a><\/li>\n\n\n\n<li><a>...<\/a><\/li>\n\n\n\n<li><a href='?page_no=36999'>36999<\/a><\/li>\n\n\n\n<li><a href='?page_no=37000'>37000<\/a><\/li>\n\n    \n\t\n\n<li >\n\t<a href='?page_no=14867'>Next<\/a>\n\t<\/li>\n\n\n    \n\n<li><a href='?page_no=37000'>Last &rsaquo;&rsaquo;<\/a><\/li>\n\n<\/ul>\n\n\n--><br \/>\n<\/body><\/p>\n","protected":false},"excerpt":{"rendered":"<p>ARENOSO, Provincia Duarte, RD, 9 de Agosto.-El aspirante presidencial Reinaldo Pared P\u00e9rez proclam\u00f3 que a partir del 16 agosto de 2016, cuando se juramente como presidente de la Rep\u00fablica, fijar\u00e1 su mirada hacia el campo porque de la mejor\u00eda y modernizaci\u00f3n de la producci\u00f3n agropecuaria depende en gran medida el desarrollo del pa\u00eds y el [&hellip;]<\/p>\n","protected":false},"author":3,"featured_media":0,"comment_status":"open","ping_status":"open","sticky":false,"template":"","format":"standard","meta":{"footnotes":""},"categories":[22],"tags":[],"class_list":["post-162462","post","type-post","status-publish","format-standard","hentry","category-politica"],"_links":{"self":[{"href":"https:\/\/diariodominicano.com\/index.php?rest_route=\/wp\/v2\/posts\/162462","targetHints":{"allow":["GET"]}}],"collection":[{"href":"https:\/\/diariodominicano.com\/index.php?rest_route=\/wp\/v2\/posts"}],"about":[{"href":"https:\/\/diariodominicano.com\/index.php?rest_route=\/wp\/v2\/types\/post"}],"author":[{"embeddable":true,"href":"https:\/\/diariodominicano.com\/index.php?rest_route=\/wp\/v2\/users\/3"}],"replies":[{"embeddable":true,"href":"https:\/\/diariodominicano.com\/index.php?rest_route=%2Fwp%2Fv2%2Fcomments&post=162462"}],"version-history":[{"count":0,"href":"https:\/\/diariodominicano.com\/index.php?rest_route=\/wp\/v2\/posts\/162462\/revisions"}],"wp:attachment":[{"href":"https:\/\/diariodominicano.com\/index.php?rest_route=%2Fwp%2Fv2%2Fmedia&parent=162462"}],"wp:term":[{"taxonomy":"category","embeddable":true,"href":"https:\/\/diariodominicano.com\/index.php?rest_route=%2Fwp%2Fv2%2Fcategories&post=162462"},{"taxonomy":"post_tag","embeddable":true,"href":"https:\/\/diariodominicano.com\/index.php?rest_route=%2Fwp%2Fv2%2Ftags&post=162462"}],"curies":[{"name":"wp","href":"https:\/\/api.w.org\/{rel}","templated":true}]}}