{"id":162461,"date":"2014-08-09T20:07:09","date_gmt":"2014-08-09T20:07:09","guid":{"rendered":"http:\/\/diariodominicano.ddns.net\/?p=162461"},"modified":"2014-08-09T20:07:09","modified_gmt":"2014-08-09T20:07:09","slug":"alianza-pais-realiza-talleres-educativos-dirigidos-a-coordinadores-y-dirigentes","status":"publish","type":"post","link":"https:\/\/diariodominicano.com\/?p=162461","title":{"rendered":"Alianza Pa\u00eds realiza talleres educativos dirigidos a coordinadores y dirigentes &#13;"},"content":{"rendered":"<p><body><\/p>\n<p><img decoding=\"async\" src=\"img3\/alianza.jpg\" \/>  <\/p>\n<p><span class=\"text1noticias\">Freddy P. Galarza<\/span><\/p>\n<\/p>\n<p><span class=\"text1noticias\">New York, EE.UU. 9 de Agosto.-La seccional de Alianza Pa\u00eds realiza varios talleres educativos dirigidos a coordinadores y dirigentes de esa organizaci\u00f3n con fines de dar inicio a finales de mes de su denominada campa\u00f1a pol\u00edtica \u00abUn mill\u00f3n de amigos para ese partido\u00bb.<\/span><\/p>\n<\/p>\n<p><span class=\"text1noticias\">Al ofrecer la informaci\u00f3n el coordinador en el exterior de la entidad pol\u00edtica Luis Mayobanex Rodr\u00edguez (Radham\u00e9s) sostuvo que la campa\u00f1a busca identificar nuestras simpat\u00edas, crecer, darle visibilidad ha Alianza Pa\u00eds.  <\/span><\/p>\n<\/p>\n<p><span class=\"text1noticias\">Precis\u00f3 que en esa direcci\u00f3n estar\u00e1n en contacto con aproximadamente un mill\u00f3n de ciudadanos (as) directamente en los territorios donde habitan, donde se reunen, en las calles y en sus viviendas.<\/span><\/p>\n<\/p>\n<p><span class=\"text1noticias\">Recalc\u00f3 que el mill\u00f3n de amigos es en realidad \u00abun mill\u00f3n de contactos que nada impide que luego de contactados se conviertan en un mill\u00f3n de amigos\u00bb.<\/span><\/p>\n<\/p>\n<p><span class=\"text1noticias\">Rodr\u00edguez asever\u00f3 que en su forma mas simple un amigo es una persona que muestra simpat\u00edas y su intenci\u00f3n de votar por \u00abnosotros \u00bb en las pr\u00f3ximas elecciones, o que la convencemos de hacerlo .<\/span><\/p>\n<\/p>\n<p><span class=\"text1noticias\">Adelant\u00f3 que en cada provincia de la Rep\u00fablica Dominicana y varios lugares del exterior del pa\u00eds como, Florida, Boston y Nueva York se llevar\u00e1n a cabo actos de lanzamiento de la campa\u00f1a \u00abUn mill\u00f3n de amigos para Alianza Pa\u00eds\u00bb.(HG)<\/span>.  <\/p>\n<h6> 2014-08-09 20:07:09 <\/h6>\n<p><!--\n<link rel=\"stylesheet\" href=\"css\/bootstrap.min.css\">\n\n\n<ul class=\"pagination\">\n\t    \n\t\n\n<li >\n\t<a href='?page_no=14864'>Previous<\/a>\n\t<\/li>\n\n\n       \n    \n\n<li><a href='?page_no=1'>1<\/a><\/li>\n\n\n\n<li><a href='?page_no=2'>2<\/a><\/li>\n\n\n\n<li><a>...<\/a><\/li>\n\n\n\n<li><a href='?page_no=14863'>14863<\/a><\/li>\n\n\n\n<li><a href='?page_no=14864'>14864<\/a><\/li>\n\n\n\n<li class='active'><a>14865<\/a><\/li>\n\n\n\n<li><a href='?page_no=14866'>14866<\/a><\/li>\n\n\n\n<li><a href='?page_no=14867'>14867<\/a><\/li>\n\n\n\n<li><a>...<\/a><\/li>\n\n\n\n<li><a href='?page_no=36999'>36999<\/a><\/li>\n\n\n\n<li><a href='?page_no=37000'>37000<\/a><\/li>\n\n    \n\t\n\n<li >\n\t<a href='?page_no=14866'>Next<\/a>\n\t<\/li>\n\n\n    \n\n<li><a href='?page_no=37000'>Last &rsaquo;&rsaquo;<\/a><\/li>\n\n<\/ul>\n\n\n--><br \/>\n<\/body><\/p>\n","protected":false},"excerpt":{"rendered":"<p>Freddy P. Galarza New York, EE.UU. 9 de Agosto.-La seccional de Alianza Pa\u00eds realiza varios talleres educativos dirigidos a coordinadores y dirigentes de esa organizaci\u00f3n con fines de dar inicio a finales de mes de su denominada campa\u00f1a pol\u00edtica \u00abUn mill\u00f3n de amigos para ese partido\u00bb. Al ofrecer la informaci\u00f3n el coordinador en el exterior [&hellip;]<\/p>\n","protected":false},"author":3,"featured_media":0,"comment_status":"open","ping_status":"open","sticky":false,"template":"","format":"standard","meta":{"footnotes":""},"categories":[22],"tags":[],"class_list":["post-162461","post","type-post","status-publish","format-standard","hentry","category-politica"],"_links":{"self":[{"href":"https:\/\/diariodominicano.com\/index.php?rest_route=\/wp\/v2\/posts\/162461","targetHints":{"allow":["GET"]}}],"collection":[{"href":"https:\/\/diariodominicano.com\/index.php?rest_route=\/wp\/v2\/posts"}],"about":[{"href":"https:\/\/diariodominicano.com\/index.php?rest_route=\/wp\/v2\/types\/post"}],"author":[{"embeddable":true,"href":"https:\/\/diariodominicano.com\/index.php?rest_route=\/wp\/v2\/users\/3"}],"replies":[{"embeddable":true,"href":"https:\/\/diariodominicano.com\/index.php?rest_route=%2Fwp%2Fv2%2Fcomments&post=162461"}],"version-history":[{"count":0,"href":"https:\/\/diariodominicano.com\/index.php?rest_route=\/wp\/v2\/posts\/162461\/revisions"}],"wp:attachment":[{"href":"https:\/\/diariodominicano.com\/index.php?rest_route=%2Fwp%2Fv2%2Fmedia&parent=162461"}],"wp:term":[{"taxonomy":"category","embeddable":true,"href":"https:\/\/diariodominicano.com\/index.php?rest_route=%2Fwp%2Fv2%2Fcategories&post=162461"},{"taxonomy":"post_tag","embeddable":true,"href":"https:\/\/diariodominicano.com\/index.php?rest_route=%2Fwp%2Fv2%2Ftags&post=162461"}],"curies":[{"name":"wp","href":"https:\/\/api.w.org\/{rel}","templated":true}]}}