{"id":162460,"date":"2014-08-10T01:42:02","date_gmt":"2014-08-10T01:42:02","guid":{"rendered":"http:\/\/diariodominicano.ddns.net\/?p=162460"},"modified":"2014-08-10T01:42:02","modified_gmt":"2014-08-10T01:42:02","slug":"analisis-de-la-democracia-en-america-latina","status":"publish","type":"post","link":"https:\/\/diariodominicano.com\/?p=162460","title":{"rendered":"An\u00e1lisis de la Democracia en Am\u00e9rica Latina"},"content":{"rendered":"<p><body><\/p>\n<p><img decoding=\"async\" src=\"img3\/leo001.jpg\" \/><br \/><img decoding=\"async\" src=\"img3\/photo.png\" \/>  <\/p>\n<p><span class=\"text1noticias\">Por\/ Luis Emilio Brito Arias, MA.<\/span><\/p>\n<\/p>\n<p><span class=\"text1noticias\">Madrid, Espa\u00f1a.- Recientemente, el presidente de la Fundaci\u00f3n Democracia y Desarrollo, FUNGLODE, ex presidente de la Rep\u00fablica Dominicana, y acad\u00e9mico, el doctor Leonel Fern\u00e1ndez, disert\u00f3 en Santo Domingo, una conferencia sobre la democracia en, Am\u00e9rica Latina, en adelante, AL. En esa conferencia, Fern\u00e1ndez explic\u00f3, que AL cuenta con 600 millones de habitantes, donde el 30% de la poblaci\u00f3n es joven, lo que representa un gran futuro.<\/span><\/p>\n<p><span class=\"text1noticias\">AL, es dos veces m\u00e1s grande que los EE.UU.,  y una vez y media m\u00e1s grande que la federaci\u00f3n Rusa, expres\u00f3 que toda Europa, cabe solamente en Brasil, adem\u00e1s, AL, es multicultural y multiling\u00fcistica, se habla Espa\u00f1ol, ingl\u00e9s, sacramento, portugu\u00e9s, creole (&#8230;). Esa regi\u00f3n es la que produce m\u00e1s alimentos del mundo.  Junta, AL tiene la mayor fuente de petr\u00f3leo del mundo.<\/span><\/p>\n<p><span class=\"text1noticias\">AL, tiene las siete maravillas m\u00e1s grande del mundo, como tambi\u00e9n, representa el 23% de los bosques del mundo, es decir una capacidad impresionante para producir agua dulce. AL, produce 15 trillones de USD como PBI al a\u00f1o.<\/span><\/p>\n<p><span class=\"text1noticias\">Fern\u00e1ndez, sostiene que mientras Europa ha crecido un 0% los \u00faltimos lustros y por otro lado EE. UU., contin\u00faa su endeudamiento anual, Brasil, M\u00e9xico y Argentina, su PBI, ha pasado de un trill\u00f3n de USD, en los \u00faltimos a\u00f1os.<\/span><\/p>\n<p><span class=\"text1noticias\">Por su parte, la Rep\u00fablica Dominicana en los \u00faltimos lustros, gener\u00f3 un crecimiento del PBI, desde los gobiernos del PLD que produc\u00eda 20 millones de USD, a la actualidad que genera m\u00e1s de 60 millones de USD.<\/span><\/p>\n<p><span class=\"text1noticias\">El ex presidente, manifest\u00f3 en su conferencia, que el primer pa\u00eds de AL, en conquistar su independencia fue Hait\u00ed, y que el \u00faltimo en hacerlo fue Cuba.  La independencia signific\u00f3 separaci\u00f3n del colonialismo Europeo.<\/span><\/p>\n<p><span class=\"text1noticias\">En tanto, que la democracia, no pudo emerger en el siglo IXX, en AL. De hecho fue en EE.UU. cuando surge el primer gobierno electo democr\u00e1ticamente, el de George Washington, quien fuera electo con menos de 70 votos, es decir una flaca democracia.<\/span><\/p>\n<p><span class=\"text1noticias\">Por otra parte, el doctor Fern\u00e1ndez, al referirse al l\u00edder de LA, don Sim\u00f3n Bol\u00edvar, dice que \u00e9ste logra su liderazgo y que le funcion\u00f3 en varios pa\u00edses de LA, por su pol\u00edtica de repartici\u00f3n de tierras a los campesinos, como aplicaci\u00f3n de una pol\u00edtica social funcional, lo que dio paso al crecimiento de su liderazgo.   <\/span><\/p>\n<p><span class=\"text1noticias\">De igual manera, surge otro factor de importancia llamado la guerra fr\u00eda (dar golpes de estados a todos los gobiernos que no respondieran a los intereses de EE. UU.), ese fen\u00f3meno dio paso a varias de las dictaduras de LA, entre ellas de la Trujillo Molina en Rep\u00fablica Dominicana.<\/span><\/p>\n<p><span class=\"text1noticias\">Por su parte, surge Hugo Chavez, quien rompe el fen\u00f3meno del \u00abPunto Fijo\u00bb, convirti\u00e9ndose en un nuevo paradigma pol\u00edtico. Mientras tanto, la verdadera democracia de AL, empieza en la Rep\u00fablica Dominicana, en (1978), cuando el tr\u00e1nsito de  las dictaduras, a gobiernos civiles y democr\u00e1ticos marca la diferencia de los dem\u00e1s pa\u00edses de AL.<\/span><\/p>\n<p><span class=\"text1noticias\">Es en los a\u00f1os 60s, donde surgen la mayor cantidad de golpes de estados de AL, lo que hace surgir la figura de Partidos Revolucionarios. Y, un ejemplo es la Revoluci\u00f3n Cubana, donde participaron algunos dominicanos, que seis meses despu\u00e9s de ganar la revoluci\u00f3n donde Fidel Castro, surge como presidente, viajan a la Rep\u00fablica Dominicana, a una expedici\u00f3n tratando pero no logrando el derrocamiento del dictador  Trujillo Molina, quien durara  en el poder m\u00e1s de seis lustros. La consigna de los l\u00edderes pol\u00edticos de la \u00e9poca era clara ?no es posible ganar elecciones, son fraudulentas, al que hacer la revoluci\u00f3n-   dijo.<\/span><\/p>\n<p><span class=\"text1noticias\">De esa manera, la transici\u00f3n a la democracia en AL, fue una transici\u00f3n at\u00edpica, porque los militares ya estaban muy descalificados por las constantes violaciones a los DDHH. Es as\u00ed como surge el colapso de las dictaduras, pero aunque hab\u00eda \u00ablibertad\u00bb no hab\u00edan recursos para la poblaci\u00f3n, y es a partir de los a\u00f1os  90s con el acuerdo de Washington, que emerge la receta neoliberal, con un conjunto de medidas econ\u00f3micas que necesariamente hubo que aplicar, para llegar a la estabilidad, pero a pesar de eso tiene un factor que deja rezagado a la sociedad, puesto que el neoliberalismo, s\u00f3lo busca beneficiar a las empresas y se olvida de los social, es decir de la gente.<\/span><\/p>\n<p><span class=\"text1noticias\">Por tal raz\u00f3n, se hace necesario el surgimiento de un modelo que supere tanto el neopopulismo como el neoliberalismo, y el PLD lo que propone es un modelo mixto, adaptado a la realidad de AL, que ayude al crecimiento de una AL mejor.<\/span><\/p>\n<p><span class=\"text1noticias\">En AL, han surgido dos impactos al que Leonel Fern\u00e1ndez, llama \u00abreacci\u00f3n inmediata y reacci\u00f3n tard\u00eda\u00bb.<\/span><\/p>\n<p><span class=\"text1noticias\">En la primera, se puede observar como AL, se maneja en la mayor\u00eda de los casos, bajo indicadores macroecon\u00f3micos, dependientes del comercio exterior donde EE. UU., tiene su mayor influencia, lo que indica que cuando un pa\u00eds de AL, cae o crece econ\u00f3micamente, se nota en toda Am\u00e9rica del Norte, por su parte, Am\u00e9rica del Sur, en adelante AS, que depende de otros indicadores macroecon\u00f3micos, no surge lo mismo.<\/span><\/p>\n<p><span class=\"text1noticias\">En segundo lugar, de observa la reacci\u00f3n tard\u00eda de AS, con el impacto social de su crecimiento econ\u00f3mico, lo que crea parad\u00f3jicamente un descontento social, ya que la gente com\u00fan, no percibe los beneficios de los servicios p\u00fablicos y provoca a la larga grandes protestas sociales. Y, surgen las \u00abexpectativas crecientes\u00bb es decir (p.e., j\u00f3venes que ven comodidades de un sector y ven que ellos no pueden tener esas comodidades), lo que provoca tambi\u00e9n, protestas sociales como las ocurridas p.e. en Venezuela, Colombia, Brasil&#8230;<\/span><\/p>\n<p><span class=\"text1noticias\">El catedr\u00e1tico, explica que a pesar de todo lo expuesto,  en AL, se ha reducido la mortalidad infantil, ha crecido la expectativa de vida, la tecnolog\u00eda ha emergido notablemente, (en Rep\u00fablica Dominicana hay m\u00e1s m\u00f3viles que personas). Dijo.<\/span><\/p>\n<p><span class=\"text1noticias\">Adem\u00e1s, la mayor\u00eda de las personas tienen c\u00e1maras fotogr\u00e1ficas y sus informaciones circulan por la red de todo el mundo, democratizando la informaci\u00f3n y la comunicaci\u00f3n.<\/span><\/p>\n<p><span class=\"text1noticias\">AL, se ha transformado de manera considerable, se puede observar que pa\u00edses como Rep\u00fablica  Dominicana, y otros tienen hasta metro, que en el pasado era como un sue\u00f1o.<\/span><\/p>\n<p><span class=\"text1noticias\">En definitiva, el ex mandatario dijo que,  AL cuenta con un grupo de organizaciones como la CELAC, que integra y une a AL, para tener una sola voz que nos represente en todo el mundo.-<\/span><\/p>\n<\/p>\n<p><span class=\"text1noticias\">El autor, es vicepresidente de la Asociaci\u00f3n Internacional de Diarios Digitales (AID).<\/span><\/p>\n<\/p>\n<h6> 2014-08-10 01:42:02 <\/h6>\n<p><!--\n<link rel=\"stylesheet\" href=\"css\/bootstrap.min.css\">\n\n\n<ul class=\"pagination\">\n\t    \n\t\n\n<li >\n\t<a href='?page_no=14863'>Previous<\/a>\n\t<\/li>\n\n\n       \n    \n\n<li><a href='?page_no=1'>1<\/a><\/li>\n\n\n\n<li><a href='?page_no=2'>2<\/a><\/li>\n\n\n\n<li><a>...<\/a><\/li>\n\n\n\n<li><a href='?page_no=14862'>14862<\/a><\/li>\n\n\n\n<li><a href='?page_no=14863'>14863<\/a><\/li>\n\n\n\n<li class='active'><a>14864<\/a><\/li>\n\n\n\n<li><a href='?page_no=14865'>14865<\/a><\/li>\n\n\n\n<li><a href='?page_no=14866'>14866<\/a><\/li>\n\n\n\n<li><a>...<\/a><\/li>\n\n\n\n<li><a href='?page_no=36999'>36999<\/a><\/li>\n\n\n\n<li><a href='?page_no=37000'>37000<\/a><\/li>\n\n    \n\t\n\n<li >\n\t<a href='?page_no=14865'>Next<\/a>\n\t<\/li>\n\n\n    \n\n<li><a href='?page_no=37000'>Last &rsaquo;&rsaquo;<\/a><\/li>\n\n<\/ul>\n\n\n--><br \/>\n<\/body><\/p>\n","protected":false},"excerpt":{"rendered":"<p>Por\/ Luis Emilio Brito Arias, MA. Madrid, Espa\u00f1a.- Recientemente, el presidente de la Fundaci\u00f3n Democracia y Desarrollo, FUNGLODE, ex presidente de la Rep\u00fablica Dominicana, y acad\u00e9mico, el doctor Leonel Fern\u00e1ndez, disert\u00f3 en Santo Domingo, una conferencia sobre la democracia en, Am\u00e9rica Latina, en adelante, AL. En esa conferencia, Fern\u00e1ndez explic\u00f3, que AL cuenta con 600 [&hellip;]<\/p>\n","protected":false},"author":3,"featured_media":0,"comment_status":"open","ping_status":"open","sticky":false,"template":"","format":"standard","meta":{"footnotes":""},"categories":[22],"tags":[],"class_list":["post-162460","post","type-post","status-publish","format-standard","hentry","category-politica"],"_links":{"self":[{"href":"https:\/\/diariodominicano.com\/index.php?rest_route=\/wp\/v2\/posts\/162460","targetHints":{"allow":["GET"]}}],"collection":[{"href":"https:\/\/diariodominicano.com\/index.php?rest_route=\/wp\/v2\/posts"}],"about":[{"href":"https:\/\/diariodominicano.com\/index.php?rest_route=\/wp\/v2\/types\/post"}],"author":[{"embeddable":true,"href":"https:\/\/diariodominicano.com\/index.php?rest_route=\/wp\/v2\/users\/3"}],"replies":[{"embeddable":true,"href":"https:\/\/diariodominicano.com\/index.php?rest_route=%2Fwp%2Fv2%2Fcomments&post=162460"}],"version-history":[{"count":0,"href":"https:\/\/diariodominicano.com\/index.php?rest_route=\/wp\/v2\/posts\/162460\/revisions"}],"wp:attachment":[{"href":"https:\/\/diariodominicano.com\/index.php?rest_route=%2Fwp%2Fv2%2Fmedia&parent=162460"}],"wp:term":[{"taxonomy":"category","embeddable":true,"href":"https:\/\/diariodominicano.com\/index.php?rest_route=%2Fwp%2Fv2%2Fcategories&post=162460"},{"taxonomy":"post_tag","embeddable":true,"href":"https:\/\/diariodominicano.com\/index.php?rest_route=%2Fwp%2Fv2%2Ftags&post=162460"}],"curies":[{"name":"wp","href":"https:\/\/api.w.org\/{rel}","templated":true}]}}