{"id":162454,"date":"2014-08-10T15:46:15","date_gmt":"2014-08-10T15:46:15","guid":{"rendered":"http:\/\/diariodominicano.ddns.net\/?p=162454"},"modified":"2014-08-10T15:46:15","modified_gmt":"2014-08-10T15:46:15","slug":"alfredo-pacheco-vaticina-segunda-vuelta-en-el-2016-seria-oportunidad-para-el-prd-ganar","status":"publish","type":"post","link":"https:\/\/diariodominicano.com\/?p=162454","title":{"rendered":"Alfredo Pacheco vaticina segunda vuelta en el 2016; ser\u00eda oportunidad para el PRD ganar"},"content":{"rendered":"<p><body><\/p>\n<p><span class=\"text1noticias\">Santo Domingo, RD, 10 de Agosto.-Alfredo Pacheco, vicepresidente del Partido Revolucionario Dominicano (PRD), vaticin\u00f3 que en las elecciones del 2016 habr\u00e1 una segunda vuelta y sostuvo que ser\u00e1 una gran oportunidad para que esa organizaci\u00f3n pol\u00edtica salga triunfante.<\/span><\/p>\n<\/p>\n<p><span class=\"text1noticias\">El dirigente perrede\u00edsta expres\u00f3 que su partido ir\u00e1 solo en una primera vuelta, en la que descarta que alguna de las entidades participantes en el proceso alcance el 50% m\u00e1s uno que se requiere para ganar.<\/span><\/p>\n<\/p>\n<p><span class=\"text1noticias\">En la segunda vuelta, seg\u00fan su c\u00e1lculo, fel PRD podr\u00eda unirse al Partido Revolucionario Mayoritario (PRM), y ser\u00eda \u00f1a gran oportunidad para vencer al oficialista Partido de la Liberaci\u00f3n Dominicana (PLD).<\/span><\/p>\n<\/p>\n<p><span class=\"text1noticias\">\u00abAntes hab\u00eda dos fuerzas que se enfrentaban en primera vuelta, una conformada por el PLD y el Partido Reformista y las dem\u00e1s agrupaciones de ese bloque,y otra por el PRD y sus grupos aliados&#8230; Ahora va el PLD por un lado con algunos aliados, pero sin el Partido Reformista, que va solo; y ahora, tambi\u00e9n, adem\u00e1s del PRD, va el PRM con su propia propuesta de candidatura&#8230; En una segunda vuelta tienen que unirse el PRD y PRM, solo tienen que ponerse de acuerdo de qui\u00e9n ser\u00e1 el candidato tomando en cuenta el que m\u00e1s votos logr\u00f3 en la primera vuelta\u00bb, explic\u00f3 Pacheco al participar como entrevistado en el programa Encuentro Extra con Cristhian Jim\u00e9nez que se trasmite cada domingo de 7 a 8 de la ma\u00f1ana por el canal 9 de Color Visi\u00f3n y de 7 a 8 de la noche por el 45 dde Tele-Radio Am\u00e9rica.<\/span><\/p>\n<\/p>\n<p><span class=\"text1noticias\">El dirigente pol\u00edtico exhort\u00f3 a los del PRD y del PRM a echar a un lado las diatribas, ataques y contra-ataques, y disponerse a trabajar por sus respectivas organizaciones.(HG)<\/span>.<\/p>\n<h6> 2014-08-10 15:46:15 <\/h6>\n<p><!--\n<link rel=\"stylesheet\" href=\"css\/bootstrap.min.css\">\n\n\n<ul class=\"pagination\">\n\t    \n\t\n\n<li >\n\t<a href='?page_no=14858'>Previous<\/a>\n\t<\/li>\n\n\n       \n    \n\n<li><a href='?page_no=1'>1<\/a><\/li>\n\n\n\n<li><a href='?page_no=2'>2<\/a><\/li>\n\n\n\n<li><a>...<\/a><\/li>\n\n\n\n<li><a href='?page_no=14857'>14857<\/a><\/li>\n\n\n\n<li><a href='?page_no=14858'>14858<\/a><\/li>\n\n\n\n<li class='active'><a>14859<\/a><\/li>\n\n\n\n<li><a href='?page_no=14860'>14860<\/a><\/li>\n\n\n\n<li><a href='?page_no=14861'>14861<\/a><\/li>\n\n\n\n<li><a>...<\/a><\/li>\n\n\n\n<li><a href='?page_no=36999'>36999<\/a><\/li>\n\n\n\n<li><a href='?page_no=37000'>37000<\/a><\/li>\n\n    \n\t\n\n<li >\n\t<a href='?page_no=14860'>Next<\/a>\n\t<\/li>\n\n\n    \n\n<li><a href='?page_no=37000'>Last &rsaquo;&rsaquo;<\/a><\/li>\n\n<\/ul>\n\n\n--><br \/>\n<\/body><\/p>\n","protected":false},"excerpt":{"rendered":"<p>Santo Domingo, RD, 10 de Agosto.-Alfredo Pacheco, vicepresidente del Partido Revolucionario Dominicano (PRD), vaticin\u00f3 que en las elecciones del 2016 habr\u00e1 una segunda vuelta y sostuvo que ser\u00e1 una gran oportunidad para que esa organizaci\u00f3n pol\u00edtica salga triunfante. El dirigente perrede\u00edsta expres\u00f3 que su partido ir\u00e1 solo en una primera vuelta, en la que descarta [&hellip;]<\/p>\n","protected":false},"author":3,"featured_media":0,"comment_status":"open","ping_status":"open","sticky":false,"template":"","format":"standard","meta":{"footnotes":""},"categories":[22],"tags":[],"class_list":["post-162454","post","type-post","status-publish","format-standard","hentry","category-politica"],"_links":{"self":[{"href":"https:\/\/diariodominicano.com\/index.php?rest_route=\/wp\/v2\/posts\/162454","targetHints":{"allow":["GET"]}}],"collection":[{"href":"https:\/\/diariodominicano.com\/index.php?rest_route=\/wp\/v2\/posts"}],"about":[{"href":"https:\/\/diariodominicano.com\/index.php?rest_route=\/wp\/v2\/types\/post"}],"author":[{"embeddable":true,"href":"https:\/\/diariodominicano.com\/index.php?rest_route=\/wp\/v2\/users\/3"}],"replies":[{"embeddable":true,"href":"https:\/\/diariodominicano.com\/index.php?rest_route=%2Fwp%2Fv2%2Fcomments&post=162454"}],"version-history":[{"count":0,"href":"https:\/\/diariodominicano.com\/index.php?rest_route=\/wp\/v2\/posts\/162454\/revisions"}],"wp:attachment":[{"href":"https:\/\/diariodominicano.com\/index.php?rest_route=%2Fwp%2Fv2%2Fmedia&parent=162454"}],"wp:term":[{"taxonomy":"category","embeddable":true,"href":"https:\/\/diariodominicano.com\/index.php?rest_route=%2Fwp%2Fv2%2Fcategories&post=162454"},{"taxonomy":"post_tag","embeddable":true,"href":"https:\/\/diariodominicano.com\/index.php?rest_route=%2Fwp%2Fv2%2Ftags&post=162454"}],"curies":[{"name":"wp","href":"https:\/\/api.w.org\/{rel}","templated":true}]}}