{"id":162451,"date":"2014-08-10T22:24:25","date_gmt":"2014-08-10T22:24:25","guid":{"rendered":"http:\/\/diariodominicano.ddns.net\/?p=162451"},"modified":"2014-08-10T22:24:25","modified_gmt":"2014-08-10T22:24:25","slug":"montas-sostiene-no-puede-hablarse-de-libertad-mientras-haya-gente-que-se-acuesten-sin-cenar","status":"publish","type":"post","link":"https:\/\/diariodominicano.com\/?p=162451","title":{"rendered":"Mont\u00e1s sostiene no puede hablarse de libertad mientras haya gente que se acuesten sin cenar"},"content":{"rendered":"<p><body><\/p>\n<p><img decoding=\"async\" src=\"img3\/temo0006.jpg\" \/><br \/><img decoding=\"async\" src=\"img3\/temo0001.jpg\" \/><br \/><img decoding=\"async\" src=\"img3\/temo0004.jpg\" \/>  <\/p>\n<p><span class=\"text1noticias\">\tSAN CRIST\u00d3BAL, RD, 10 de Agosto de 2014.- La lucha de los militantes del Partido de la Liberaci\u00f3n Dominicana (PLD) tiene que ser por mantener la libertad y conquistar los derechos econ\u00f3micos y sociales del pueblo dominicano que incluyen educaci\u00f3n sin privilegios, salud, una vejez digna y seguridad ciudadana para todos, afirm\u00f3 este domingo el ingeniero Tem\u00edstocles Mont\u00e1s.<\/span><\/p>\n<\/p>\n<p><span class=\"text1noticias\">\t\u00abNo podemos hablar de libertad mientras los obreros, los campesinos, las mujeres y los j\u00f3venes se acuesten sin cenar. Es necesario que sigamos luchando por conquistar los derechos econ\u00f3micos y sociales consagrados en los tratados internacionales y en la Constituci\u00f3n de la Rep\u00fablica\u00bb, sostuvo el l\u00edder pol\u00edtico.<\/span><\/p>\n<\/p>\n<p><span class=\"text1noticias\">\tAl encabezar un acto masivo de respaldo a sus aspiraciones presidenciales en el Auditorio Mayor del Instituto Polit\u00e9cnico Loyola, en esta ciudad, Mont\u00e1s dijo que est\u00e1 comprometido con el pa\u00eds a completar la instalaci\u00f3n de un sistema de seguridad social que garantice protecci\u00f3n a los dominicanos, as\u00ed como derecho a la salud, especialmente a los ni\u00f1os.<\/span><\/p>\n<\/p>\n<p><span class=\"text1noticias\">\t\u00abSi bien hemos conquistado el derecho a la libertad y la ejercemos sin cortapisas, todav\u00eda tenemos que seguir avanzando en la conquista de los derechos que son fundamentales en cualquier lugar del mundo y para eso se necesita que a nivel del gobierno contin\u00faen personalidades, despu\u00e9s del compa\u00f1ero Danilo Medina, que se decidan a lograr que el Estado dominicano sea de bienestar, que garantice el progreso a todos\u00bb, manifest\u00f3 el alto dirigente del PLD, inform\u00f3 una nota enviada por su equipo de prensa.<\/span><\/p>\n<\/p>\n<p><span class=\"text1noticias\">\tEn el encuentro hablaron los dirigentes pelede\u00edstas en la zona Rub\u00e9n Mart\u00ednez, Francisco Soto Valdez, Roberto Pimentel, en representaci\u00f3n de la juventud; Mariseny Tejada y Adams Mart\u00ednez, un hombre sin militancia pol\u00edtica, pero amigo de Mont\u00e1s.<\/span><\/p>\n<\/p>\n<p><span class=\"text1noticias\">\tPrevio al inicio formal del encuentro varios artistas populares, con la animaci\u00f3n y presentaci\u00f3n de Manuel y Hermes, reconocidos presentadores de la televisi\u00f3n, interpretaron varias canciones para animar al p\u00fablico que abarrot\u00f3 el sal\u00f3n y que agitando banderas,  a grito de consignas y aplausos exterioriz\u00f3 su respaldo entusiasta a las aspiraciones presidenciales de su compueblano Mont\u00e1s.<\/span><\/p>\n<\/p>\n<p><span class=\"text1noticias\">\tComo ha sido usual en estos encuentros, Sergio Hern\u00e1ndez, previo al discurso del ingeniero Mont\u00e1s, interpret\u00f3 la canci\u00f3n \u00abya lo pasado, pasado\u00bb, de Jos\u00e9 Jos\u00e9, que se ha convertido en una especie de himno en cada uno de estos actos de apoyo al tambi\u00e9n ministro de Econom\u00eda, Planificaci\u00f3n y Desarrollo, que en esta ocasi\u00f3n estuvo acompa\u00f1ado, entre otros, de sus hermanos Jos\u00e9 y Rub\u00e9n Mont\u00e1s.<\/span><\/p>\n<\/p>\n<p><span class=\"text1noticias\">Mont\u00e1s resalt\u00f3 que su generaci\u00f3n se forj\u00f3 en la lucha por la libertad, pero que a  los j\u00f3venes de hoy les corresponde \u00ablevantar la bandera de la lucha por construir en la Rep\u00fablica Dominicana un pa\u00eds de cohesi\u00f3n social, un pa\u00eds de cohesi\u00f3n territorial y eso solo ser\u00e1 posible en la medida en que mantengamos en el gobierno a gente que entienda que la dignidad humana se garantiza en la medida en que propiciamos igualdad, libertad, solidaridad y seguridad para todos\u00bb.<\/span><\/p>\n<\/p>\n<p><span class=\"text1noticias\">Consider\u00f3 que es bueno que los dominicanos \u00abasociemos la democracia con la libertad, pero a\u00fan es mejor que asociemos la democracia con la justicia social. No es posible pensar que somos una democracia con tan altos niveles de pobreza y desigualdad social\u00bb, deplor\u00f3 Mont\u00e1s. <\/span><\/p>\n<\/p>\n<p><span class=\"text1noticias\">\u00abEl gran desaf\u00edo que tenemos nosotros en los pr\u00f3ximos a\u00f1os es derrotar la pobreza y derrotar la desigualdad social y es por eso que estamos luchando por lograr la candidatura presidencial del PLD y ganar la Presidencia de la Rep\u00fablica para seguir avanzando en la lucha contra la pobreza y contra la desigualdad social en nuestro pa\u00eds\u00bb, apunt\u00f3 el alto dirigente del PLD.<\/span><\/p>\n<\/p>\n<p><span class=\"text1noticias\">Se\u00f1al\u00f3 que siempre estuvo claro de que para superar la pobreza y la intolerancia en el pa\u00eds, la lucha ten\u00eda que ser sobre la base de superar el caudillismo que durante a\u00f1os han padecido los dominicanos.<\/span><\/p>\n<p><span class=\"text1noticias\">\u00abFue Juan Bosch quien nos ense\u00f1\u00f3 que si quer\u00edamos instaurar la democracia en el pa\u00eds, no pod\u00edamos convertir a nadie en imprescindible e insustituible. Fue Juan Bosch quien nos ense\u00f1\u00f3 a nosotros que en un contexto de continuismo no hab\u00eda posibilidad de desarrollar la democracia\u00bb, proclam\u00f3 Mont\u00e1s quien arranc\u00f3 gritos multitudinarios de  \u00a1Temo Presidente, lo pide la gente!<\/span><\/p>\n<\/p>\n<p><span class=\"text1noticias\">Record\u00f3 que los primeros cinco a\u00f1os de construcci\u00f3n del PLD fueron de lucha contra el continuismo de Joaqu\u00edn Balaguer \u00abporque entend\u00edamos que en un contexto de continuismo no hab\u00eda posibilidad de desarrollar una cultura democr\u00e1tica en la Rep\u00fablica Dominicana\u00bb.<\/span><\/p>\n<\/p>\n<p><span class=\"text1noticias\">\u00abEl partido de Bosch siempre parti\u00f3 del hecho de que era una organizaci\u00f3n de l\u00edderes, no de un l\u00edder y mucho menos de un pretendido caudillo que rechaza el pueblo dominicano con el mejor esp\u00edritu de patriotismo\u00bb, indic\u00f3 Mont\u00e1s.<\/span><\/p>\n<\/p>\n<p><span class=\"text1noticias\">Advirti\u00f3 que cuando se pretende convertir al partido de Juan Bosch en un partido de un caudillo, \u00ablos verdaderos boschistas nos rebelamos y sacudimos el polvo para reclamar que el PLD es un partido democr\u00e1tico, del pueblo, de la democracia, de la libertad y de l\u00edderes, no de uno que se considera l\u00edder absoluto y eterno candidato\u00bb.<\/span><\/p>\n<\/p>\n<p><span class=\"text1noticias\">Reiter\u00f3 que \u00abes bueno alternar el liderazgo de la naci\u00f3n, es bueno alternar el liderazgo del PLD y para eso tenemos que alternar las candidaturas. El partido no es de un solo hombre, el partido es de todos y todos tenemos iguales derechos e iguales deberes. Mi deber es luchar para que se respete el derecho de todos los miembros a elegir y a ser elegidos para servir como verdaderos dem\u00f3cratas a la naci\u00f3n, no como pichones de caudillos\u00bb.<\/span><\/p>\n<\/p>\n<\/p>\n<h6> 2014-08-10 22:24:25 <\/h6>\n<p><!--\n<link rel=\"stylesheet\" href=\"css\/bootstrap.min.css\">\n\n\n<ul class=\"pagination\">\n\t    \n\t\n\n<li >\n\t<a href='?page_no=14855'>Previous<\/a>\n\t<\/li>\n\n\n       \n    \n\n<li><a href='?page_no=1'>1<\/a><\/li>\n\n\n\n<li><a href='?page_no=2'>2<\/a><\/li>\n\n\n\n<li><a>...<\/a><\/li>\n\n\n\n<li><a href='?page_no=14854'>14854<\/a><\/li>\n\n\n\n<li><a href='?page_no=14855'>14855<\/a><\/li>\n\n\n\n<li class='active'><a>14856<\/a><\/li>\n\n\n\n<li><a href='?page_no=14857'>14857<\/a><\/li>\n\n\n\n<li><a href='?page_no=14858'>14858<\/a><\/li>\n\n\n\n<li><a>...<\/a><\/li>\n\n\n\n<li><a href='?page_no=36999'>36999<\/a><\/li>\n\n\n\n<li><a href='?page_no=37000'>37000<\/a><\/li>\n\n    \n\t\n\n<li >\n\t<a href='?page_no=14857'>Next<\/a>\n\t<\/li>\n\n\n    \n\n<li><a href='?page_no=37000'>Last &rsaquo;&rsaquo;<\/a><\/li>\n\n<\/ul>\n\n\n--><br \/>\n<\/body><\/p>\n","protected":false},"excerpt":{"rendered":"<p>SAN CRIST\u00d3BAL, RD, 10 de Agosto de 2014.- La lucha de los militantes del Partido de la Liberaci\u00f3n Dominicana (PLD) tiene que ser por mantener la libertad y conquistar los derechos econ\u00f3micos y sociales del pueblo dominicano que incluyen educaci\u00f3n sin privilegios, salud, una vejez digna y seguridad ciudadana para todos, afirm\u00f3 este domingo el [&hellip;]<\/p>\n","protected":false},"author":3,"featured_media":0,"comment_status":"open","ping_status":"open","sticky":false,"template":"","format":"standard","meta":{"footnotes":""},"categories":[22],"tags":[],"class_list":["post-162451","post","type-post","status-publish","format-standard","hentry","category-politica"],"_links":{"self":[{"href":"https:\/\/diariodominicano.com\/index.php?rest_route=\/wp\/v2\/posts\/162451","targetHints":{"allow":["GET"]}}],"collection":[{"href":"https:\/\/diariodominicano.com\/index.php?rest_route=\/wp\/v2\/posts"}],"about":[{"href":"https:\/\/diariodominicano.com\/index.php?rest_route=\/wp\/v2\/types\/post"}],"author":[{"embeddable":true,"href":"https:\/\/diariodominicano.com\/index.php?rest_route=\/wp\/v2\/users\/3"}],"replies":[{"embeddable":true,"href":"https:\/\/diariodominicano.com\/index.php?rest_route=%2Fwp%2Fv2%2Fcomments&post=162451"}],"version-history":[{"count":0,"href":"https:\/\/diariodominicano.com\/index.php?rest_route=\/wp\/v2\/posts\/162451\/revisions"}],"wp:attachment":[{"href":"https:\/\/diariodominicano.com\/index.php?rest_route=%2Fwp%2Fv2%2Fmedia&parent=162451"}],"wp:term":[{"taxonomy":"category","embeddable":true,"href":"https:\/\/diariodominicano.com\/index.php?rest_route=%2Fwp%2Fv2%2Fcategories&post=162451"},{"taxonomy":"post_tag","embeddable":true,"href":"https:\/\/diariodominicano.com\/index.php?rest_route=%2Fwp%2Fv2%2Ftags&post=162451"}],"curies":[{"name":"wp","href":"https:\/\/api.w.org\/{rel}","templated":true}]}}