{"id":162450,"date":"2014-08-11T03:54:59","date_gmt":"2014-08-11T03:54:59","guid":{"rendered":"http:\/\/diariodominicano.ddns.net\/?p=162450"},"modified":"2014-08-11T03:54:59","modified_gmt":"2014-08-11T03:54:59","slug":"leonel-fernandez-recibe-respaldo-en-la-linea-noroeste-jovenes-y-mujeres-le-piden-que-se-postule-para-el-2016","status":"publish","type":"post","link":"https:\/\/diariodominicano.com\/?p=162450","title":{"rendered":"Leonel Fern\u00e1ndez recibe  respaldo en la L\u00ednea Noroeste. Jovenes y mujeres le piden que se postule para el 2016"},"content":{"rendered":"<p><body><\/p>\n<p><img decoding=\"async\" src=\"img3\/leonel003.jpg\" \/><br \/><img decoding=\"async\" src=\"img3\/leonel005.jpg\" \/><br \/><img decoding=\"async\" src=\"img3\/leonel0002.jpg\" \/>  <\/p>\n<\/p>\n<p><strong><span class=\"text1noticias\">La proclama de la dirigencia del PLD en la L\u00ednea Noroeste se produjo en el marco de dos multitudinarios encuentros encabezados por el ex mandatario en este municipio cabecera de la provincia Valverde, en el que tambi\u00e9n participaron delegaciones de Montecristi, Santiago Rodr\u00edguez y Dajab\u00f3n.<\/span><\/strong><\/p>\n<p><strong><span class=\"text1noticias\">En el primero de los actos, celebrado en el polideportivo bajo techo de esta ciudad, se concentraron miles de j\u00f3venes y mujeres aglutinados en los movimientos Juventud de Leonel (JUDEL) y Mujeres Independientes con Leonel (MIL), los cuales le pidieron a Fern\u00e1ndez que se postule para el 2016 y manifestaron su disposici\u00f3n de trabajar para garantizarle el triunfo en la primera vuelta.<\/span><\/strong><\/p>\n<\/p>\n<p><span class=\"text1noticias\">MAO, Valverde, RD, 10 de Agosto de 2014.- El ex presidente de la Rep\u00fablica y presidente del Partido de la Liberaci\u00f3n Dominicana (PLD), doctor Leonel Fern\u00e1ndez, recibi\u00f3 este domingo el respaldo de los principales dirigentes pelede\u00edstas de las cuatro provincias de la L\u00ednea Noroeste, ante una eventual candidatura presidencial suya con miras a las elecciones previstas para el a\u00f1o 2016.<\/span><\/p>\n<\/p>\n<p><span class=\"text1noticias\">La proclama de la dirigencia del PLD en la L\u00ednea Noroeste se produjo en el marco de dos multitudinarios encuentros encabezados por el ex mandatario en este municipio cabecera de la provincia Valverde, en el que tambi\u00e9n participaron delegaciones de Montecristi, Santiago Rodr\u00edguez y Dajab\u00f3n.<\/span><\/p>\n<\/p>\n<p><span class=\"text1noticias\">En el primero de los actos, celebrado en el polideportivo bajo techo de esta ciudad, se concentraron miles de j\u00f3venes y mujeres aglutinados en los movimientos Juventud de Leonel (JUDEL) y Mujeres Independientes con Leonel (MIL), los cuales le pidieron a Fern\u00e1ndez que se postule para el 2016 y manifestaron su disposici\u00f3n de trabajar para garantizarle el triunfo en la primera vuelta.<\/span><\/p>\n<\/p>\n<p><span class=\"text1noticias\">En este acto, varios dirigentes del Partido Revolucionario Dominicano (PRD) renunciaron a esa organizaci\u00f3n pol\u00edtica y de inmediato anunciaron su decisi\u00f3n de trabajar en favor de una eventual candidatura del expresidente Fern\u00e1ndez, a quien consideran el pol\u00edtico con mejor visi\u00f3n de desarrollo en el pa\u00eds.<\/span><\/p>\n<\/p>\n<p><span class=\"text1noticias\">Entre los dirigentes que renunciaron del PRD est\u00e1n las licenciadas Handri Santana, Iris Rodr\u00edguez Bison\u00f3 y Rosa Mar\u00eda Tavarez, las cuales dijeron que abandonaron las filas perredeistas porque esa organizaci\u00f3n ha perdido las perspectivas y ya no representa las aspiraciones de la poblaci\u00f3n dominicana. Las tres ingresaron al movimiento MIL.<\/span><\/p>\n<\/p>\n<p><span class=\"text1noticias\">Adem\u00e1s de Santana, Rodr\u00edguez Bison\u00f3 y Tavarez, en el encuentro hablaron Juana Sobeida Polin\u00e9, representante del MIL en la provincia Valverde, y Katherine Gonz\u00e1lez, dirigente de JUDEL en la misma demarcaci\u00f3n. Tambi\u00e9n, Yarobi P\u00e9rez, de JUDEL.<\/span><\/p>\n<\/p>\n<p><span class=\"text1noticias\">Lo propio hicieron Yaris Reynoso y Julio Leandro Rodr\u00edguez, en representaci\u00f3n de MIL y JUDEL, respectivamente, en la provincia de Montecristi, mientras que en representaci\u00f3n de Dajab\u00f3n hablaron Ivanna Pe\u00f1a y Mercedes Rodr\u00edguez, de MIL. Por Santiago Rodr\u00edguez hablaron Elina G\u00f3mez, de MIL, y Mauricio Segura, de JUDEL.<\/span><\/p>\n<\/p>\n<p><span class=\"text1noticias\">En un segundo acto, celebrado  en el pabell\u00f3n multiusos del Complejo Deportivo de Mao, Fern\u00e1ndez recibi\u00f3 el respaldo de presidentes municipales y provinciales del PLD en las provincias Valverde, Montecristi, Santiago Rodr\u00edguez y Dajab\u00f3n.<\/span><\/p>\n<\/p>\n<p><span class=\"text1noticias\">En sus respectivos discursos, los dirigentes pelede\u00edstas destacaron que Fern\u00e1ndez es el gobernante que necesita el pa\u00eds para seguir transitando el camino del desarrollo.<\/span><\/p>\n<\/p>\n<p><span class=\"text1noticias\">Posteriormente, Fern\u00e1ndez encabez\u00f3 un segundo encuentro, en el pabell\u00f3n multiusos del complejo deportivo de esta ciudad de Mao, en el que recibi\u00f3 el respaldo de presidentes provinciales y municipales del PLD en las provincias Valverde, Montecristi, Dajab\u00f3n y Santiago Rodr\u00edguez, as\u00ed como de senadores, diputados, alcaldes, regidores y dirigentes medios y de base.<\/span><\/p>\n<\/p>\n<p><span class=\"text1noticias\">En ese acto hablaron Eliseo L\u00f3pez, presidente provincial del PLD en Valverde, y la diputada Yoani guzm\u00e1n, presidenta a nivel municipal. Tambi\u00e9n, Nao Mena, alcalde de Esperanza, y Santiago Caba, presidente municipal del PLD en San Fernando de Montecristi.<\/span><\/p>\n<\/p>\n<p><span class=\"text1noticias\">Adem\u00e1s, hablaron Eunice Jimeno, presidenta del PLD en la provincia Santiago Rodr\u00edguez, y la diputada Nancy Santos, quien preside la organizaci\u00f3n en el municipio de San Ignacio de Sabaneta. Lo propio hizo Sonia Mateo, senadora por Dajab\u00f3n.<\/span><\/p>\n<\/p>\n<p><span class=\"text1noticias\">En sus respectivas intervenciones, los dirigentes peledeistas  coincidieron en destacar la efectiva gesti\u00f3n gubernamental de Fern\u00e1ndez y la conveniencia de que este retorne al poder en el 2016.<\/span><\/p>\n<\/p>\n<\/p>\n<h6> 2014-08-11 03:54:59 <\/h6>\n<p><!--\n<link rel=\"stylesheet\" href=\"css\/bootstrap.min.css\">\n\n\n<ul class=\"pagination\">\n\t    \n\t\n\n<li >\n\t<a href='?page_no=14854'>Previous<\/a>\n\t<\/li>\n\n\n       \n    \n\n<li><a href='?page_no=1'>1<\/a><\/li>\n\n\n\n<li><a href='?page_no=2'>2<\/a><\/li>\n\n\n\n<li><a>...<\/a><\/li>\n\n\n\n<li><a href='?page_no=14853'>14853<\/a><\/li>\n\n\n\n<li><a href='?page_no=14854'>14854<\/a><\/li>\n\n\n\n<li class='active'><a>14855<\/a><\/li>\n\n\n\n<li><a href='?page_no=14856'>14856<\/a><\/li>\n\n\n\n<li><a href='?page_no=14857'>14857<\/a><\/li>\n\n\n\n<li><a>...<\/a><\/li>\n\n\n\n<li><a href='?page_no=36999'>36999<\/a><\/li>\n\n\n\n<li><a href='?page_no=37000'>37000<\/a><\/li>\n\n    \n\t\n\n<li >\n\t<a href='?page_no=14856'>Next<\/a>\n\t<\/li>\n\n\n    \n\n<li><a href='?page_no=37000'>Last &rsaquo;&rsaquo;<\/a><\/li>\n\n<\/ul>\n\n\n--><br \/>\n<\/body><\/p>\n","protected":false},"excerpt":{"rendered":"<p>La proclama de la dirigencia del PLD en la L\u00ednea Noroeste se produjo en el marco de dos multitudinarios encuentros encabezados por el ex mandatario en este municipio cabecera de la provincia Valverde, en el que tambi\u00e9n participaron delegaciones de Montecristi, Santiago Rodr\u00edguez y Dajab\u00f3n. En el primero de los actos, celebrado en el polideportivo [&hellip;]<\/p>\n","protected":false},"author":3,"featured_media":0,"comment_status":"open","ping_status":"open","sticky":false,"template":"","format":"standard","meta":{"footnotes":""},"categories":[22],"tags":[],"class_list":["post-162450","post","type-post","status-publish","format-standard","hentry","category-politica"],"_links":{"self":[{"href":"https:\/\/diariodominicano.com\/index.php?rest_route=\/wp\/v2\/posts\/162450","targetHints":{"allow":["GET"]}}],"collection":[{"href":"https:\/\/diariodominicano.com\/index.php?rest_route=\/wp\/v2\/posts"}],"about":[{"href":"https:\/\/diariodominicano.com\/index.php?rest_route=\/wp\/v2\/types\/post"}],"author":[{"embeddable":true,"href":"https:\/\/diariodominicano.com\/index.php?rest_route=\/wp\/v2\/users\/3"}],"replies":[{"embeddable":true,"href":"https:\/\/diariodominicano.com\/index.php?rest_route=%2Fwp%2Fv2%2Fcomments&post=162450"}],"version-history":[{"count":0,"href":"https:\/\/diariodominicano.com\/index.php?rest_route=\/wp\/v2\/posts\/162450\/revisions"}],"wp:attachment":[{"href":"https:\/\/diariodominicano.com\/index.php?rest_route=%2Fwp%2Fv2%2Fmedia&parent=162450"}],"wp:term":[{"taxonomy":"category","embeddable":true,"href":"https:\/\/diariodominicano.com\/index.php?rest_route=%2Fwp%2Fv2%2Fcategories&post=162450"},{"taxonomy":"post_tag","embeddable":true,"href":"https:\/\/diariodominicano.com\/index.php?rest_route=%2Fwp%2Fv2%2Ftags&post=162450"}],"curies":[{"name":"wp","href":"https:\/\/api.w.org\/{rel}","templated":true}]}}