{"id":162448,"date":"2014-08-11T14:30:51","date_gmt":"2014-08-11T14:30:51","guid":{"rendered":"http:\/\/diariodominicano.ddns.net\/?p=162448"},"modified":"2014-08-11T14:30:51","modified_gmt":"2014-08-11T14:30:51","slug":"masiva-asistencia-en-seminario-del-pld-en-la-capital-san-cristobal-y-monte-plata","status":"publish","type":"post","link":"https:\/\/diariodominicano.com\/?p=162448","title":{"rendered":"Masiva asistencia en seminario del PLD en la Capital, San Crist\u00f3bal y Monte Plata"},"content":{"rendered":"<p><body><\/p>\n<p><img decoding=\"async\" src=\"img3\/pld 11.jpg\" \/>  <\/p>\n<p>Santo Domingo RD 11 agosto.- Alejandrina Germ\u00e1n, miembro del Comit\u00e9 Pol\u00edtico y titular de la Secretar\u00eda de Formaci\u00f3n Pol\u00edtica del Partido de la Liberaci\u00f3n Dominicana (PLD) , record\u00f3 el compromiso asumido por el PLD, como organizaci\u00f3n pol\u00edtica,  de asumir la teor\u00eda  boschista, concepto que se establece en la Declaraci\u00f3n de Principios y en los Estatutos peledeistas.<\/p>\n<\/p>\n<p>Al exponer ante cientos de dirigentes del Distrito Nacional, San Crist\u00f3bal y Monte Plata, Germ\u00e1n cit\u00f3 al l\u00edder hist\u00f3rico del PLD cuando afirm\u00f3 que no se concibe la existencia de un partido pol\u00edtico que no tenga doctrina, ideolog\u00eda y organizaci\u00f3n.<\/p>\n<\/p>\n<p>\u00abEsas tres condiciones son indispensables para que haya un partido verdadero\u00bb dijo Germ\u00e1n citando al Profesor Juan Bosch, desarrollando el tema \u00abTeoria Boschista\u00bb , como parte del seminario \u00abHacia una nueva visi\u00f3n de la Formaci\u00f3n Pol\u00edtica\u00bb<\/p>\n<\/p>\n<p>El seminario se desarroll\u00f3 en la ciudad capital con la asistencia de los presidentes de Comit\u00e9s Intermedios de las tres circunscripciones  del Distrito Nacional, las provincias Monte Plata y San Crist\u00f3bal<\/p>\n<\/p>\n<p>Con el sal\u00f3n principal del Club del Ministerio Obras Publicas totalmente repleto, se desarroll\u00f3 la entrega dominical de este seminario que ha caminado por todas las regiones del pa\u00eds, restando solo el Este, que se desarrollar\u00e1 la pr\u00f3xima semana.<\/p>\n<\/p>\n<p>\u00abEl boschismo es la teor\u00eda oficial del PLD , entendida  como un conjunto de principios, interpretaciones  de acontecimientos  hist\u00f3ricos, m\u00e9todos  y lineamientos organizativos  desarrollados  y explicados en la obra pol\u00edtica del Profesor Juan Bosch y en su excepcional  vida de patriota\u00bb dijo Alejandrina Germ\u00e1n al desarrollar el tema de la conferencia y citando los Estatutos peledeista.<\/p>\n<\/p>\n<p>Las palabras de bienvenida al seminario recayeron en H\u00e9ctor Mojica, miembro del Comit\u00e9 Central y Presidente de la Circunscripci\u00f3n Dos del Distrito Nacional, demarcaci\u00f3n en donde se desarroll\u00f3 el evento.<\/p>\n<\/p>\n<p>Mojica junto Alejandrina Germ\u00e1n, Tommy Gal\u00e1n, Presidente de San Crist\u00f3bal,  Mery valerio, Luis Garc\u00eda y Beatriz Ovalle, conformaron la mesa de honor del seminario, repleto de reconocidos dirigentes del PLD, muchos de ellos legisladores, ediles y funcionarios p\u00fablicos.  <\/p>\n<\/p>\n<p>Posterior a la presente fase,  la Secretar\u00eda de Formaci\u00f3n Pol\u00edtica capacitar\u00e1 los facilitadores quienes se encargar\u00e1n de socializar los conceptos del Nivel B\u00e1sico de la formaci\u00f3n pol\u00edtica en los Comit\u00e9s Intermedios.<\/p>\n<\/p>\n<p> Alejandrina Germ\u00e1n destac\u00f3  que en los nuevos Estatutos del Partido de la Liberaci\u00f3n Dominicana, se consigna como un deber de los miembros del PLD participar en los programas de formaci\u00f3n pol\u00edtico a cargo del \u00f3rgano responsabilizado para esa tarea.<\/p>\n<\/p>\n<p>Los integrantes del equipo de Formaci\u00f3n Pol\u00edtica  Beatriz Ovalle, H\u00e9ctor Lu\u00eds Mart\u00ednez, Mery valerio ,  H\u00e9ctor Pereyra  y Lu\u00eds Garc\u00eda   se repartieron las diferentes ponencias abordando la historia del PLD, el programa de Formaci\u00f3n Pol\u00edtica, aprobado en el reci\u00e9n celebrado Congreso y otros aspectos formativos incluidos en el seminario.<\/p>\n<\/p>\n<p>El  seminario de este domingo  se transmiti\u00f3  en tiempo real en Internet por las direcciones www.pldaldia.com y www.lagenteenlinea.com; por Twitter @FORMACIONPLD con el Hashtag#seminariosPLD; mientras que las informaciones, slides fotogr\u00e1ficos y videos se siguieron en  formaci\u00f3npoliticapld en Facebook y Youtube.<\/p>\n<h6> 2014-08-11 14:30:51 <\/h6>\n<p><!--\n<link rel=\"stylesheet\" href=\"css\/bootstrap.min.css\">\n\n\n<ul class=\"pagination\">\n\t    \n\t\n\n<li >\n\t<a href='?page_no=14852'>Previous<\/a>\n\t<\/li>\n\n\n       \n    \n\n<li><a href='?page_no=1'>1<\/a><\/li>\n\n\n\n<li><a href='?page_no=2'>2<\/a><\/li>\n\n\n\n<li><a>...<\/a><\/li>\n\n\n\n<li><a href='?page_no=14851'>14851<\/a><\/li>\n\n\n\n<li><a href='?page_no=14852'>14852<\/a><\/li>\n\n\n\n<li class='active'><a>14853<\/a><\/li>\n\n\n\n<li><a href='?page_no=14854'>14854<\/a><\/li>\n\n\n\n<li><a href='?page_no=14855'>14855<\/a><\/li>\n\n\n\n<li><a>...<\/a><\/li>\n\n\n\n<li><a href='?page_no=36999'>36999<\/a><\/li>\n\n\n\n<li><a href='?page_no=37000'>37000<\/a><\/li>\n\n    \n\t\n\n<li >\n\t<a href='?page_no=14854'>Next<\/a>\n\t<\/li>\n\n\n    \n\n<li><a href='?page_no=37000'>Last &rsaquo;&rsaquo;<\/a><\/li>\n\n<\/ul>\n\n\n--><br \/>\n<\/body><\/p>\n","protected":false},"excerpt":{"rendered":"<p>Santo Domingo RD 11 agosto.- Alejandrina Germ\u00e1n, miembro del Comit\u00e9 Pol\u00edtico y titular de la Secretar\u00eda de Formaci\u00f3n Pol\u00edtica del Partido de la Liberaci\u00f3n Dominicana (PLD) , record\u00f3 el compromiso asumido por el PLD, como organizaci\u00f3n pol\u00edtica, de asumir la teor\u00eda boschista, concepto que se establece en la Declaraci\u00f3n de Principios y en los Estatutos [&hellip;]<\/p>\n","protected":false},"author":3,"featured_media":0,"comment_status":"open","ping_status":"open","sticky":false,"template":"","format":"standard","meta":{"footnotes":""},"categories":[22],"tags":[],"class_list":["post-162448","post","type-post","status-publish","format-standard","hentry","category-politica"],"_links":{"self":[{"href":"https:\/\/diariodominicano.com\/index.php?rest_route=\/wp\/v2\/posts\/162448","targetHints":{"allow":["GET"]}}],"collection":[{"href":"https:\/\/diariodominicano.com\/index.php?rest_route=\/wp\/v2\/posts"}],"about":[{"href":"https:\/\/diariodominicano.com\/index.php?rest_route=\/wp\/v2\/types\/post"}],"author":[{"embeddable":true,"href":"https:\/\/diariodominicano.com\/index.php?rest_route=\/wp\/v2\/users\/3"}],"replies":[{"embeddable":true,"href":"https:\/\/diariodominicano.com\/index.php?rest_route=%2Fwp%2Fv2%2Fcomments&post=162448"}],"version-history":[{"count":0,"href":"https:\/\/diariodominicano.com\/index.php?rest_route=\/wp\/v2\/posts\/162448\/revisions"}],"wp:attachment":[{"href":"https:\/\/diariodominicano.com\/index.php?rest_route=%2Fwp%2Fv2%2Fmedia&parent=162448"}],"wp:term":[{"taxonomy":"category","embeddable":true,"href":"https:\/\/diariodominicano.com\/index.php?rest_route=%2Fwp%2Fv2%2Fcategories&post=162448"},{"taxonomy":"post_tag","embeddable":true,"href":"https:\/\/diariodominicano.com\/index.php?rest_route=%2Fwp%2Fv2%2Ftags&post=162448"}],"curies":[{"name":"wp","href":"https:\/\/api.w.org\/{rel}","templated":true}]}}