{"id":162447,"date":"2014-08-11T17:50:42","date_gmt":"2014-08-11T17:50:42","guid":{"rendered":"http:\/\/diariodominicano.ddns.net\/?p=162447"},"modified":"2014-08-11T17:50:42","modified_gmt":"2014-08-11T17:50:42","slug":"ex-presidente-leonel-fernandez-pondera-al-fenecido-hugo-chavez","status":"publish","type":"post","link":"https:\/\/diariodominicano.com\/?p=162447","title":{"rendered":"&#13;&#13;&#13;Ex presidente Leonel Fern\u00e1ndez pondera al  fenecido Hugo Ch\u00e1vez"},"content":{"rendered":"<p><body><\/p>\n<p><img decoding=\"async\" src=\"img3\/leonelrecuerda.jpg\" \/>  <\/p>\n<\/p>\n<p><span class=\"text1noticias\"> <\/span><\/p>\n<p><span class=\"text1noticias\">Santo Domingo, RD, 11 de agosto.- El expresidente Leonel Fern\u00e1ndez recuerda con afecto y admiraci\u00f3n al fallecido presidente venezolano Hugo Ch\u00e1vez en el 60 aniversario de su nacimiento, celebrado en el marco del Tercer Congreso del Partido Socialista Unido y pondera sus aportes a la pol\u00edtica progresista contempor\u00e1nea.<\/span><\/p>\n<p><span class=\"text1noticias\"> <\/span><\/p>\n<p><span class=\"text1noticias\">El presidente del Partido de la Liberaci\u00f3n Dominicana relata en su Observatorio Global del List\u00edn Diario este d\u00eda, la forma en que conoci\u00f3 a Hugo Ch\u00e1vez en 1997, cuando \u00e9ste lo visit\u00f3 al Palacio Nacional y le comunic\u00f3 su decisi\u00f3n de participar en las elecciones de su pa\u00eds en 1998.<\/span><\/p>\n<p><span class=\"text1noticias\"> <\/span><\/p>\n<p><span class=\"text1noticias\">\u00abNo era la primera vez que visitaba la Rep\u00fablica Dominicana. Hab\u00eda estado por aqu\u00ed en diversas otras ocasiones. Por consiguiente, conoc\u00eda muy bien nuestro pa\u00eds. Tanto as\u00ed, que se refer\u00eda, por ejemplo, a barrios como    Los Minas y  Villa Duarte, con tal nivel de detalles, que parec\u00eda un lugare\u00f1o\u00bb, record\u00f3 Fern\u00e1ndez en su art\u00edculo \u00abEn el 60 aniversario de Hugo Ch\u00e1vez\u00bb, rese\u00f1ado por  la Secretar\u00eda de Comunicaciones del PLD en un despacho de prensa.<\/span><\/p>\n<p><span class=\"text1noticias\"> <\/span><\/p>\n<p><span class=\"text1noticias\">Leonel Fern\u00e1ndez tambi\u00e9n se refiri\u00f3 a aspectos vitales en la vida del expresidente venezolano como su herencia guerrillera y su carrera militar, en la que se destac\u00f3 como cadete, obteniendo las m\u00e1s altas calificaciones en todos los cursos en que particip\u00f3.<\/span><\/p>\n<p><span class=\"text1noticias\"> <\/span><\/p>\n<p><span class=\"text1noticias\"> Se\u00f1al\u00f3 igualmente el paso de Hugo Ch\u00e1vez por la Universidad Sim\u00f3n Bol\u00edvar, donde realiz\u00f3 estudios de Ciencias Pol\u00edticas, siendo \u00e9sta un incentivo para adentrarse al mundo de las ideas y un estimulo al sentimiento patri\u00f3tico.<\/span><\/p>\n<p><span class=\"text1noticias\"> <\/span><\/p>\n<p><span class=\"text1noticias\">El presidente de la Fundaci\u00f3n Global, Democracia y Desarrollo (FUNGLODE) narr\u00f3 la incursi\u00f3n de Hugo  Ch\u00e1vez en la pol\u00edtica a principio de los a\u00f1os 80, cuando junto a un grupo de compa\u00f1eros organiza el Movimiento Bolivariano Revolucionario 200, de car\u00e1cter nacionalista.<\/span><\/p>\n<p><span class=\"text1noticias\"> <\/span><\/p>\n<p><span class=\"text1noticias\"> \u00abUna d\u00e9cada despu\u00e9s, a principios de los 90, el comandante Ch\u00e1vez, junto a un grupo de compa\u00f1eros oficiales de las Fuerzas Armadas, logran sublevar varias unidades militares, en Caracas, Maracaibo, Valencia y Maracay, con la finalidad de derrocar el gobierno de Carlos Andr\u00e9s P\u00e9rez. No lo lograron. La sublevaci\u00f3n constituy\u00f3 un fracaso militar, pero se convirti\u00f3, al mismo tiempo, en una victoria pol\u00edtica\u00bb, explic\u00f3.<\/span><\/p>\n<p><span class=\"text1noticias\"> <\/span><\/p>\n<p><span class=\"text1noticias\">Relat\u00f3 tambi\u00e9n la rebeli\u00f3n del l\u00edder venezolano junto a un grupo de compa\u00f1eros de armas contra el gobierno de Carlos Andr\u00e9s P\u00e9rez en 1992, luego del Caracazo y que finalmente lo condujo a la victoria, seis a\u00f1os m\u00e1s tarde, en el 1998.<\/span><\/p>\n<p><span class=\"text1noticias\"> <\/span><\/p>\n<p><span class=\"text1noticias\"> \u00abAl llegar al poder, apoyado por el Movimiento Quinta Rep\u00fablica y el Polo Patri\u00f3tico, Hugo Ch\u00e1vez puso inmediatamente en ejecuci\u00f3n su Revoluci\u00f3n Bolivariana, que consist\u00eda en un movimiento democr\u00e1tico, con amplio contenido social, progresista, solidario y participativo\u00bb, expresa.<\/span><\/p>\n<p><span class=\"text1noticias\"> <\/span><\/p>\n<p><span class=\"text1noticias\">Agrega que \u00aben ese contexto, modific\u00f3, mediante Asamblea Constituyente, la Constituci\u00f3n de Venezuela de 1961; cambi\u00f3 el nombre al pa\u00eds por el de Rep\u00fablica Bolivariana  de Venezuela; distribuy\u00f3 tierras p\u00fablicas a los campesinos; nacionaliz\u00f3 empresas multinacionales; promovi\u00f3 la integraci\u00f3n regional e instituy\u00f3 una amplia pol\u00edtica social en favor de los sectores m\u00e1s vulnerables\u00bb.<\/span><\/p>\n<h6> 2014-08-11 17:50:42 <\/h6>\n<p><!--\n<link rel=\"stylesheet\" href=\"css\/bootstrap.min.css\">\n\n\n<ul class=\"pagination\">\n\t    \n\t\n\n<li >\n\t<a href='?page_no=14851'>Previous<\/a>\n\t<\/li>\n\n\n       \n    \n\n<li><a href='?page_no=1'>1<\/a><\/li>\n\n\n\n<li><a href='?page_no=2'>2<\/a><\/li>\n\n\n\n<li><a>...<\/a><\/li>\n\n\n\n<li><a href='?page_no=14850'>14850<\/a><\/li>\n\n\n\n<li><a href='?page_no=14851'>14851<\/a><\/li>\n\n\n\n<li class='active'><a>14852<\/a><\/li>\n\n\n\n<li><a href='?page_no=14853'>14853<\/a><\/li>\n\n\n\n<li><a href='?page_no=14854'>14854<\/a><\/li>\n\n\n\n<li><a>...<\/a><\/li>\n\n\n\n<li><a href='?page_no=36999'>36999<\/a><\/li>\n\n\n\n<li><a href='?page_no=37000'>37000<\/a><\/li>\n\n    \n\t\n\n<li >\n\t<a href='?page_no=14853'>Next<\/a>\n\t<\/li>\n\n\n    \n\n<li><a href='?page_no=37000'>Last &rsaquo;&rsaquo;<\/a><\/li>\n\n<\/ul>\n\n\n--><br \/>\n<\/body><\/p>\n","protected":false},"excerpt":{"rendered":"<p>Santo Domingo, RD, 11 de agosto.- El expresidente Leonel Fern\u00e1ndez recuerda con afecto y admiraci\u00f3n al fallecido presidente venezolano Hugo Ch\u00e1vez en el 60 aniversario de su nacimiento, celebrado en el marco del Tercer Congreso del Partido Socialista Unido y pondera sus aportes a la pol\u00edtica progresista contempor\u00e1nea. El presidente del Partido de la Liberaci\u00f3n [&hellip;]<\/p>\n","protected":false},"author":3,"featured_media":0,"comment_status":"open","ping_status":"open","sticky":false,"template":"","format":"standard","meta":{"footnotes":""},"categories":[22],"tags":[],"class_list":["post-162447","post","type-post","status-publish","format-standard","hentry","category-politica"],"_links":{"self":[{"href":"https:\/\/diariodominicano.com\/index.php?rest_route=\/wp\/v2\/posts\/162447","targetHints":{"allow":["GET"]}}],"collection":[{"href":"https:\/\/diariodominicano.com\/index.php?rest_route=\/wp\/v2\/posts"}],"about":[{"href":"https:\/\/diariodominicano.com\/index.php?rest_route=\/wp\/v2\/types\/post"}],"author":[{"embeddable":true,"href":"https:\/\/diariodominicano.com\/index.php?rest_route=\/wp\/v2\/users\/3"}],"replies":[{"embeddable":true,"href":"https:\/\/diariodominicano.com\/index.php?rest_route=%2Fwp%2Fv2%2Fcomments&post=162447"}],"version-history":[{"count":0,"href":"https:\/\/diariodominicano.com\/index.php?rest_route=\/wp\/v2\/posts\/162447\/revisions"}],"wp:attachment":[{"href":"https:\/\/diariodominicano.com\/index.php?rest_route=%2Fwp%2Fv2%2Fmedia&parent=162447"}],"wp:term":[{"taxonomy":"category","embeddable":true,"href":"https:\/\/diariodominicano.com\/index.php?rest_route=%2Fwp%2Fv2%2Fcategories&post=162447"},{"taxonomy":"post_tag","embeddable":true,"href":"https:\/\/diariodominicano.com\/index.php?rest_route=%2Fwp%2Fv2%2Ftags&post=162447"}],"curies":[{"name":"wp","href":"https:\/\/api.w.org\/{rel}","templated":true}]}}