{"id":162443,"date":"2014-08-11T18:23:41","date_gmt":"2014-08-11T18:23:41","guid":{"rendered":"http:\/\/diariodominicano.ddns.net\/?p=162443"},"modified":"2014-08-11T18:23:41","modified_gmt":"2014-08-11T18:23:41","slug":"legisladores-del-pld-escogeran-vocerosas-y-vicevoceros-as-y-secretariosas-de-bufetes","status":"publish","type":"post","link":"https:\/\/diariodominicano.com\/?p=162443","title":{"rendered":"&#13;&#13;&#13;Legisladores del PLD escoger\u00e1n voceros(as) y vicevoceros (as) y secretarios(as) de bufetes."},"content":{"rendered":"<p><body><\/p>\n<p><img decoding=\"async\" src=\"http:\/\/localhost:8080\/img3\/voceros.jpg\" \/>  <\/p>\n<\/p>\n<p>Santo Domingo, RD, 11 de agosto.- La bancada del Partido de la Liberaci\u00f3n Dominicana en la c\u00e1mara de Diputados escoger\u00e1 este martes a quien, dentro de sus integrantes, asumir\u00e1 la responsabilidad de la vocer\u00eda en el hemiciclo de ese grupo de congresistas.<\/p>\n<\/p>\n<p>Para tales fines los diputados y diputadas, miembros del PLD, han sido convocados a una reuni\u00f3n en el Bloque Parlamentario en el edificio del Congreso Nacional.<\/p>\n<\/p>\n<p>Reinaldo Pared P\u00e9rez, secretario general, inform\u00f3 de la convocatoria a los congresistas pelede\u00edstas en su condici\u00f3n de coordinador de una comisi\u00f3n designada por el Comit\u00e9 Pol\u00edtico para dicha escogencia , as\u00ed como para completar los secretarios o secretarias quienes completar\u00e1n el bufete directivo que propone el PLD para dirigir la c\u00e1mara en el a\u00f1o legislativo 2014-2015.<\/p>\n<\/p>\n<p>En su anterior reuni\u00f3n  Comit\u00e9 Pol\u00edtico del PLD   design\u00f3  una comisi\u00f3n coordinada por Reinaldo Pared P\u00e9rez e integrada por Lidio Cadet, Radham\u00e9s Jim\u00e9nez y Ram\u00f3n (Monchy) Rodr\u00edguez, secretario de los Asuntos Legislativos del PLD,  para que convoquen a ambas bancadas del PLD en el Congreso y escojan los secretarios o secretarias de los bufetes y los voceros y vicevoceros de los bloques parlamentarios.<\/p>\n<\/p>\n<p>El secretario general pelede\u00edsta inform\u00f3 que la convocatoria a los diputados y diputadas es para las diez de la ma\u00f1ana en el local del bloque del PLD en la c\u00e1mara baja.<\/p>\n<\/p>\n<p>El pr\u00f3ximo mi\u00e9rcoles en horas de la tarde,  en el local del Bloque del PLD en el Senado de la Rep\u00fablica,  se realizar\u00e1 la elecci\u00f3n del vocero de la bancada, el vicevocero y se escoger\u00e1n los dos congresistas que se presentaran como secretarios o secretarias del bufete directivo.<\/p>\n<\/p>\n<p>Los bufetes de las c\u00e1maras legislativas  est\u00e1n compuestos por la presidencia, vicepresidencia y dos secretarios o secretarias.<\/p>\n<h6> 2014-08-11 18:23:41 <\/h6>\n<p><!--\n<link rel=\"stylesheet\" href=\"css\/bootstrap.min.css\">\n\n\n<ul class=\"pagination\">\n\t    \n\t\n\n<li >\n\t<a href='?page_no=14848'>Previous<\/a>\n\t<\/li>\n\n\n       \n    \n\n<li><a href='?page_no=1'>1<\/a><\/li>\n\n\n\n<li><a href='?page_no=2'>2<\/a><\/li>\n\n\n\n<li><a>...<\/a><\/li>\n\n\n\n<li><a href='?page_no=14847'>14847<\/a><\/li>\n\n\n\n<li><a href='?page_no=14848'>14848<\/a><\/li>\n\n\n\n<li class='active'><a>14849<\/a><\/li>\n\n\n\n<li><a href='?page_no=14850'>14850<\/a><\/li>\n\n\n\n<li><a href='?page_no=14851'>14851<\/a><\/li>\n\n\n\n<li><a>...<\/a><\/li>\n\n\n\n<li><a href='?page_no=36999'>36999<\/a><\/li>\n\n\n\n<li><a href='?page_no=37000'>37000<\/a><\/li>\n\n    \n\t\n\n<li >\n\t<a href='?page_no=14850'>Next<\/a>\n\t<\/li>\n\n\n    \n\n<li><a href='?page_no=37000'>Last &rsaquo;&rsaquo;<\/a><\/li>\n\n<\/ul>\n\n\n--><br \/>\n<\/body><\/p>\n","protected":false},"excerpt":{"rendered":"<p>Santo Domingo, RD, 11 de agosto.- La bancada del Partido de la Liberaci\u00f3n Dominicana en la c\u00e1mara de Diputados escoger\u00e1 este martes a quien, dentro de sus integrantes, asumir\u00e1 la responsabilidad de la vocer\u00eda en el hemiciclo de ese grupo de congresistas. Para tales fines los diputados y diputadas, miembros del PLD, han sido convocados [&hellip;]<\/p>\n","protected":false},"author":3,"featured_media":0,"comment_status":"open","ping_status":"open","sticky":false,"template":"","format":"standard","meta":{"footnotes":""},"categories":[22],"tags":[],"class_list":["post-162443","post","type-post","status-publish","format-standard","hentry","category-politica"],"_links":{"self":[{"href":"https:\/\/diariodominicano.com\/index.php?rest_route=\/wp\/v2\/posts\/162443","targetHints":{"allow":["GET"]}}],"collection":[{"href":"https:\/\/diariodominicano.com\/index.php?rest_route=\/wp\/v2\/posts"}],"about":[{"href":"https:\/\/diariodominicano.com\/index.php?rest_route=\/wp\/v2\/types\/post"}],"author":[{"embeddable":true,"href":"https:\/\/diariodominicano.com\/index.php?rest_route=\/wp\/v2\/users\/3"}],"replies":[{"embeddable":true,"href":"https:\/\/diariodominicano.com\/index.php?rest_route=%2Fwp%2Fv2%2Fcomments&post=162443"}],"version-history":[{"count":0,"href":"https:\/\/diariodominicano.com\/index.php?rest_route=\/wp\/v2\/posts\/162443\/revisions"}],"wp:attachment":[{"href":"https:\/\/diariodominicano.com\/index.php?rest_route=%2Fwp%2Fv2%2Fmedia&parent=162443"}],"wp:term":[{"taxonomy":"category","embeddable":true,"href":"https:\/\/diariodominicano.com\/index.php?rest_route=%2Fwp%2Fv2%2Fcategories&post=162443"},{"taxonomy":"post_tag","embeddable":true,"href":"https:\/\/diariodominicano.com\/index.php?rest_route=%2Fwp%2Fv2%2Ftags&post=162443"}],"curies":[{"name":"wp","href":"https:\/\/api.w.org\/{rel}","templated":true}]}}