{"id":162442,"date":"2014-08-11T20:22:42","date_gmt":"2014-08-11T20:22:42","guid":{"rendered":"http:\/\/diariodominicano.ddns.net\/?p=162442"},"modified":"2014-08-11T20:22:42","modified_gmt":"2014-08-11T20:22:42","slug":"organismo-de-direccion-del-pld-se-reunira-este-martes-a-las-800-pm-en-la-oficina-presidencial","status":"publish","type":"post","link":"https:\/\/diariodominicano.com\/?p=162442","title":{"rendered":"Organismo de direcci\u00f3n del PLD se reunir\u00e1 este martes a las 8:00 PM en la Oficina Presidencial&#13;"},"content":{"rendered":"<p><body><\/p>\n<p><img decoding=\"async\" src=\"img3\/comite.jpg\" \/>  <\/p>\n<p><span class=\"text1noticias\">Santo Domingo, RD, 11 de Agosto.-Este martes, 12 de agosto, se re\u00fane el Comit\u00e9 Pol\u00edtico del Partido de la Liberaci\u00f3n Dominicana (PLD) para analizar los informes de las diferentes comisiones designadas por ese organismo con miras a aplicar las resoluciones del reci\u00e9n finalizado VIII Congreso Ordinario Comandante Norge Botello.<\/span><\/p>\n<p><span class=\"text1noticias\"> <\/span><\/p>\n<p><span class=\"text1noticias\">Reinaldo Pared P\u00e9rez, secretario del PLD, mediante un despacho de la Secretar\u00eda de Comunicaciones del partido morado confirm\u00f3  de la convocatoria a las y los miembros de ese organismo a la reuni\u00f3n ordinaria que efectuar\u00e1n a las ocho de la noche en la Oficina Presidencial Profesor Juan Bosch, en la zona universitaria de la ciudad capital.<\/span><\/p>\n<p><span class=\"text1noticias\"> <\/span><\/p>\n<p><span class=\"text1noticias\">El pasado mes Comit\u00e9 Pol\u00edtico design\u00f3 siete comisiones para presentar normativas y reglamentos para el funcionamiento interno partidario, as\u00ed como para distribuir, dentro de sus miembros, a quienes realizar\u00e1n labores de Enlaces con regiones y provincias del pa\u00eds.<\/span><\/p>\n<p><span class=\"text1noticias\"> <\/span><\/p>\n<p><span class=\"text1noticias\">En las semanas posteriores a su designaci\u00f3n estas comisiones se han reunido y tienen ya sus informes, que aunque se presentaron el pasado lunes, se dejaron sobre la mesa para conocerse esta semana, lo cual se har\u00e1 con la convocatoria para este martes.<\/span><\/p>\n<p><span class=\"text1noticias\"> <\/span><\/p>\n<p><span class=\"text1noticias\">\u00abLa reuni\u00f3n es para conocer de los informes de las diferentes comisiones designadas en la reuni\u00f3n del 4 de julio\u00bb, dijo Reinaldo Pared P\u00e9rez al confirmar la convocatoria a la matricula del Comit\u00e9 Pol\u00edtico.<\/span><\/p>\n<p><span class=\"text1noticias\"> <\/span><\/p>\n<p><span class=\"text1noticias\">Desde la Secretar\u00eda General, desde el pasado fin de semana, se procede a convocar por la v\u00eda  telef\u00f3nica y por Internet a los miembros del organismo de direcci\u00f3n pol\u00edtica al encuentro, con una buena expectativa de asistencia.<\/span><\/p>\n<p><span class=\"text1noticias\"> <\/span><\/p>\n<p><span class=\"text1noticias\">En su m\u00e1s reciente reuni\u00f3n el Comit\u00e9 Pol\u00edtico escogi\u00f3 a Cristina Lizardo y Francis Vargas, as\u00ed como a Abel Mart\u00ednez y Lucia Medina para presentarlo a las plenarias del Senado y la C\u00e1mara de Diputados, respectivamente, para ocupar en el pr\u00f3ximo a\u00f1o legislativo la Presidencia y vicepresidencia de esos hemiciclos  <\/span><\/p>\n<p><span class=\"text1noticias\"> <\/span><\/p>\n<p><span class=\"text1noticias\">La matricula del Comit\u00e9 Pol\u00edtico del PLD la componen 35 miembros encabezados por el Presidente de la organizaci\u00f3n, Leonel Fern\u00e1ndez, el secretario general, Reinaldo Pared P\u00e9rez al igual que el Presidente de la Rep\u00fablica, Danilo Medina y la vicepresidenta, Margarita Cede\u00f1o de Fern\u00e1ndez.(HG)<\/span>.<\/p>\n<\/p>\n<h6> 2014-08-11 20:22:42 <\/h6>\n<p><!--\n<link rel=\"stylesheet\" href=\"css\/bootstrap.min.css\">\n\n\n<ul class=\"pagination\">\n\t    \n\t\n\n<li >\n\t<a href='?page_no=14847'>Previous<\/a>\n\t<\/li>\n\n\n       \n    \n\n<li><a href='?page_no=1'>1<\/a><\/li>\n\n\n\n<li><a href='?page_no=2'>2<\/a><\/li>\n\n\n\n<li><a>...<\/a><\/li>\n\n\n\n<li><a href='?page_no=14846'>14846<\/a><\/li>\n\n\n\n<li><a href='?page_no=14847'>14847<\/a><\/li>\n\n\n\n<li class='active'><a>14848<\/a><\/li>\n\n\n\n<li><a href='?page_no=14849'>14849<\/a><\/li>\n\n\n\n<li><a href='?page_no=14850'>14850<\/a><\/li>\n\n\n\n<li><a>...<\/a><\/li>\n\n\n\n<li><a href='?page_no=36999'>36999<\/a><\/li>\n\n\n\n<li><a href='?page_no=37000'>37000<\/a><\/li>\n\n    \n\t\n\n<li >\n\t<a href='?page_no=14849'>Next<\/a>\n\t<\/li>\n\n\n    \n\n<li><a href='?page_no=37000'>Last &rsaquo;&rsaquo;<\/a><\/li>\n\n<\/ul>\n\n\n--><br \/>\n<\/body><\/p>\n","protected":false},"excerpt":{"rendered":"<p>Santo Domingo, RD, 11 de Agosto.-Este martes, 12 de agosto, se re\u00fane el Comit\u00e9 Pol\u00edtico del Partido de la Liberaci\u00f3n Dominicana (PLD) para analizar los informes de las diferentes comisiones designadas por ese organismo con miras a aplicar las resoluciones del reci\u00e9n finalizado VIII Congreso Ordinario Comandante Norge Botello. Reinaldo Pared P\u00e9rez, secretario del PLD, [&hellip;]<\/p>\n","protected":false},"author":3,"featured_media":0,"comment_status":"open","ping_status":"open","sticky":false,"template":"","format":"standard","meta":{"footnotes":""},"categories":[22],"tags":[],"class_list":["post-162442","post","type-post","status-publish","format-standard","hentry","category-politica"],"_links":{"self":[{"href":"https:\/\/diariodominicano.com\/index.php?rest_route=\/wp\/v2\/posts\/162442","targetHints":{"allow":["GET"]}}],"collection":[{"href":"https:\/\/diariodominicano.com\/index.php?rest_route=\/wp\/v2\/posts"}],"about":[{"href":"https:\/\/diariodominicano.com\/index.php?rest_route=\/wp\/v2\/types\/post"}],"author":[{"embeddable":true,"href":"https:\/\/diariodominicano.com\/index.php?rest_route=\/wp\/v2\/users\/3"}],"replies":[{"embeddable":true,"href":"https:\/\/diariodominicano.com\/index.php?rest_route=%2Fwp%2Fv2%2Fcomments&post=162442"}],"version-history":[{"count":0,"href":"https:\/\/diariodominicano.com\/index.php?rest_route=\/wp\/v2\/posts\/162442\/revisions"}],"wp:attachment":[{"href":"https:\/\/diariodominicano.com\/index.php?rest_route=%2Fwp%2Fv2%2Fmedia&parent=162442"}],"wp:term":[{"taxonomy":"category","embeddable":true,"href":"https:\/\/diariodominicano.com\/index.php?rest_route=%2Fwp%2Fv2%2Fcategories&post=162442"},{"taxonomy":"post_tag","embeddable":true,"href":"https:\/\/diariodominicano.com\/index.php?rest_route=%2Fwp%2Fv2%2Ftags&post=162442"}],"curies":[{"name":"wp","href":"https:\/\/api.w.org\/{rel}","templated":true}]}}