{"id":162441,"date":"2014-08-12T14:06:07","date_gmt":"2014-08-12T14:06:07","guid":{"rendered":"http:\/\/diariodominicano.ddns.net\/?p=162441"},"modified":"2014-08-12T14:06:07","modified_gmt":"2014-08-12T14:06:07","slug":"pld-suspende-hasta-nuevo-aviso-reunion-de-su-comite-politico-se-celebraria-hoy","status":"publish","type":"post","link":"https:\/\/diariodominicano.com\/?p=162441","title":{"rendered":"PLD suspende hasta nuevo aviso reuni\u00f3n de su Comit\u00e9 Pol\u00edtico se celebrar\u00eda hoy"},"content":{"rendered":"<p><body><\/p>\n<p><img decoding=\"async\" src=\"img3\/suspende 12.jpg\" \/>  <\/p>\n<p>Santo Domingo RD 12 agosto.- Fue suspendida hasta nuevo aviso la reuni\u00f3n que sostendr\u00eda esta noche el Comit\u00e9 Pol\u00edtico del Partido de la Liberaci\u00f3n Dominicana (PLD).<\/p>\n<\/p>\n<p>La informaci\u00f3n fue ofrecida por el secretario general de esa organizaci\u00f3n, Reinaldo Pared P\u00e9rez, quien precis\u00f3 que el encuentro fue cancelado por m\u00faltiples excusas que no fueron precisadas.<\/p>\n<\/p>\n<p>\u00abLa reuni\u00f3n del CP fijada para hoy, ha sido pospuesta por m\u00faltiples excusas. La fecha de la siguiente reuni\u00f3n se avisar\u00e1 oportunamente\u00bb, escribi\u00f3 Pared P\u00e9rez en su cuenta verificada de twitter.<\/p>\n<\/p>\n<\/p>\n<h6> 2014-08-12 14:06:07 <\/h6>\n<p><!--\n<link rel=\"stylesheet\" href=\"css\/bootstrap.min.css\">\n\n\n<ul class=\"pagination\">\n\t    \n\t\n\n<li >\n\t<a href='?page_no=14846'>Previous<\/a>\n\t<\/li>\n\n\n       \n    \n\n<li><a href='?page_no=1'>1<\/a><\/li>\n\n\n\n<li><a href='?page_no=2'>2<\/a><\/li>\n\n\n\n<li><a>...<\/a><\/li>\n\n\n\n<li><a href='?page_no=14845'>14845<\/a><\/li>\n\n\n\n<li><a href='?page_no=14846'>14846<\/a><\/li>\n\n\n\n<li class='active'><a>14847<\/a><\/li>\n\n\n\n<li><a href='?page_no=14848'>14848<\/a><\/li>\n\n\n\n<li><a href='?page_no=14849'>14849<\/a><\/li>\n\n\n\n<li><a>...<\/a><\/li>\n\n\n\n<li><a href='?page_no=36999'>36999<\/a><\/li>\n\n\n\n<li><a href='?page_no=37000'>37000<\/a><\/li>\n\n    \n\t\n\n<li >\n\t<a href='?page_no=14848'>Next<\/a>\n\t<\/li>\n\n\n    \n\n<li><a href='?page_no=37000'>Last &rsaquo;&rsaquo;<\/a><\/li>\n\n<\/ul>\n\n\n--><br \/>\n<\/body><\/p>\n","protected":false},"excerpt":{"rendered":"<p>Santo Domingo RD 12 agosto.- Fue suspendida hasta nuevo aviso la reuni\u00f3n que sostendr\u00eda esta noche el Comit\u00e9 Pol\u00edtico del Partido de la Liberaci\u00f3n Dominicana (PLD). La informaci\u00f3n fue ofrecida por el secretario general de esa organizaci\u00f3n, Reinaldo Pared P\u00e9rez, quien precis\u00f3 que el encuentro fue cancelado por m\u00faltiples excusas que no fueron precisadas. \u00abLa [&hellip;]<\/p>\n","protected":false},"author":3,"featured_media":0,"comment_status":"open","ping_status":"open","sticky":false,"template":"","format":"standard","meta":{"footnotes":""},"categories":[22],"tags":[],"class_list":["post-162441","post","type-post","status-publish","format-standard","hentry","category-politica"],"_links":{"self":[{"href":"https:\/\/diariodominicano.com\/index.php?rest_route=\/wp\/v2\/posts\/162441","targetHints":{"allow":["GET"]}}],"collection":[{"href":"https:\/\/diariodominicano.com\/index.php?rest_route=\/wp\/v2\/posts"}],"about":[{"href":"https:\/\/diariodominicano.com\/index.php?rest_route=\/wp\/v2\/types\/post"}],"author":[{"embeddable":true,"href":"https:\/\/diariodominicano.com\/index.php?rest_route=\/wp\/v2\/users\/3"}],"replies":[{"embeddable":true,"href":"https:\/\/diariodominicano.com\/index.php?rest_route=%2Fwp%2Fv2%2Fcomments&post=162441"}],"version-history":[{"count":0,"href":"https:\/\/diariodominicano.com\/index.php?rest_route=\/wp\/v2\/posts\/162441\/revisions"}],"wp:attachment":[{"href":"https:\/\/diariodominicano.com\/index.php?rest_route=%2Fwp%2Fv2%2Fmedia&parent=162441"}],"wp:term":[{"taxonomy":"category","embeddable":true,"href":"https:\/\/diariodominicano.com\/index.php?rest_route=%2Fwp%2Fv2%2Fcategories&post=162441"},{"taxonomy":"post_tag","embeddable":true,"href":"https:\/\/diariodominicano.com\/index.php?rest_route=%2Fwp%2Fv2%2Ftags&post=162441"}],"curies":[{"name":"wp","href":"https:\/\/api.w.org\/{rel}","templated":true}]}}