{"id":162440,"date":"2014-08-12T16:53:19","date_gmt":"2014-08-12T16:53:19","guid":{"rendered":"http:\/\/diariodominicano.ddns.net\/?p=162440"},"modified":"2014-08-12T16:53:19","modified_gmt":"2014-08-12T16:53:19","slug":"pld-completa-bufete-de-la-camara-de-diputados-ruben-maldonado-ratificado-como-vocero","status":"publish","type":"post","link":"https:\/\/diariodominicano.com\/?p=162440","title":{"rendered":"PLD completa Bufete de la C\u00e1mara de Diputados; Rub\u00e9n Maldonado, ratificado como vocero"},"content":{"rendered":"<p><body><\/p>\n<p><img decoding=\"async\" src=\"img3\/bufete 12.jpg\" \/>  <\/p>\n<p>Santo Domingo RD 12 agosto.- El bloque de diputados del Partido de la Liberaci\u00f3n Dominicano (PLD) seleccion\u00f3 este martes a unanimidad los legisladores Jos\u00e9 Luis Cosme y Licelot Arias para completar el bufete directivo de la C\u00e1mara de Diputados.<\/p>\n<\/p>\n<p>Ambos legisladores acompa\u00f1ar\u00e1n al presidente y vicepresidente del organismo legislativo, Abel Mart\u00ednez y Luc\u00eda Medina.<\/p>\n<\/p>\n<p>Tambi\u00e9n se ratific\u00f3 como vocero del bloque de legisladores del PLD, por segunda ocasi\u00f3n  al diputado Rub\u00e9n Maldonado; como vice-vocero  al diputado Francisco Bautista y como secretario a la diputada Olfalina Almonte.<\/p>\n<\/p>\n<p>La comisi\u00f3n designada por el comit\u00e9 pol\u00edtico del PLD, para completar el bufete directivo de la C\u00e1mara de Diputados, estuvo encabezada por el secretario general del partido, Reinaldo Pared P\u00e9rez, e integrada por Lidio Cadet, Radham\u00e9s Jim\u00e9nez y Moche Rodr\u00edguez, este \u00faltimo se excus\u00f3 por no asistir.<\/p>\n<\/p>\n<p>Pared P\u00e9rez felicit\u00f3 el buen proceder y la conducta del bloque de diputados del partido oficial, tras considerar que es un ejemplo de democracia e institucionalidad por lo que debe ser tomada por otras organizaciones pol\u00edticas e instituciones.<\/p>\n<\/p>\n<p>La comisi\u00f3n designada por el Comit\u00e9 Pol\u00edtico del PLD se reunir\u00e1 este mi\u00e9rcoles a las 5 de la tarde con el bloque  de senadores para elegir y completar el Bufete Directivo as\u00ed como sus voceros y el secretario.  <\/p>\n<\/p>\n<p><strong><span class=\"text1noticias\">Secretario general saluda designaci\u00f3n<\/span><\/strong><\/p>\n<p><span class=\"text1noticias\"> <\/span><\/p>\n<p><span class=\"text1noticias\">\u00abQue bien que haya sido as\u00ed. Ojala que todas las instancias se manejen de esta forma . Felicito en nombre del PLD y de esta comisi\u00f3n la manera en que ustedes se han manejado\u00bb, declar\u00f3 Reinaldo Pared P\u00e9rez, secretario del PLD y coordinador de una comisi\u00f3n del Comit\u00e9 Pol\u00edtico para supervisar esa elecci\u00f3n en la c\u00e1mara baja<\/span><\/p>\n<p><span class=\"text1noticias\"> <\/span><\/p>\n<p><span class=\"text1noticias\">Los confirmados y ratificados en la reuni\u00f3n de este martes son Rub\u00e9n Maldonado, diputado de la provincia Santo Domingo como  vocero, Francisco Bautista de El\u00edas Pi\u00f1a  como Vicevocero y Olfalida Almonte, secretaria del bloque parlamentario<\/span><\/p>\n<p><span class=\"text1noticias\"> <\/span><\/p>\n<p><span class=\"text1noticias\">\u00abUstedes le ha ofrecido al pa\u00eds una  nueva demostraci\u00f3n  de  la unidad y la disciplina que predomina en el Partido de la Liberaci\u00f3n Dominicana\u00bb dijo Pared P\u00e9rez al dejar sellada la elecci\u00f3n de los diputados y diputadas del PLD<\/span><\/p>\n<p><span class=\"text1noticias\"> <\/span><\/p>\n<p><span class=\"text1noticias\">En su reuni\u00f3n del pasado dia 7 el bloque de dipitados del PLD decidi\u00f3 ratificar como secretario del   Bufete Directivo de la C\u00e1mara Baja  Jos\u00e9 Luis Cosme, diputado por la provincia Mar\u00eda Trinidad Sanchez  y a  Licelot Arias como  secretaria. En este ultimo caso se escogi\u00f3 a Arias de la Provincia Peravia porque la vigente secretaria,  \u00c1ngela Pozo, declin\u00f3<\/span><\/p>\n<p><span class=\"text1noticias\"> <\/span><\/p>\n<p><span class=\"text1noticias\">Recientemente fue ratificado por el Comit\u00e9 Pol\u00edtico del PLD el diputado Abel  Mart\u00ednez Duran para se propuesto en el pleno como  presidente de la C\u00e1mara de Diputados y a Lucia Medina (Yomaira) como Vicepresidenta.<\/span><\/p>\n<p><span class=\"text1noticias\"> <\/span><\/p>\n<p><span class=\"text1noticias\">El reconfirmado Vocero dijo sentirse satisfecho y agradecido por la confianza que su partido y sus colegas depositan en \u00e9l una vez m\u00e1s. <\/span><\/p>\n<p><span class=\"text1noticias\"> <\/span><\/p>\n<p><span class=\"text1noticias\">La mesa directiva del acto en el que fueron escogidos estos legisladores estuvo compuesta por el secretario General del PLD Reinaldo Pared, el presidente de la C\u00e1mara de Diputados Abel Mart\u00ednez y los miembros del comit\u00e9 pol\u00edtico Lidio Cadet, Radham\u00e9s Camacho, Miriam Cabral y Radham\u00e9s Jim\u00e9nez.<\/span><\/p>\n<p><span class=\"text1noticias\"> <\/span><\/p>\n<p><span class=\"text1noticias\">La Comisi\u00f3n encargada de coordinar la elecci\u00f3n estuvo integrada por Lidio Cadet, Radham\u00e9s Jim\u00e9nez y Ram\u00f3n Rodr\u00edguez, este \u00faltimo encargado de Asuntos Legislativo del PLD.<\/span><\/p>\n<p><span class=\"text1noticias\"> <\/span><\/p>\n<p><span class=\"text1noticias\">Los diputados electos duraran un a\u00f1o en su cargo, es decir, de agosto del 2014 a agosto del 2015 e igual acci\u00f3n har\u00e1 la comisi\u00f3n del Senado de la Rep\u00fablica , la cual  se reunir\u00e1 este mi\u00e9rcoles para avanzar en el proceso de escogencia del bloque morado, en la llamada C\u00e1mara Alta.<\/span><\/p>\n<h6> 2014-08-12 16:53:19 <\/h6>\n<p><!--\n<link rel=\"stylesheet\" href=\"css\/bootstrap.min.css\">\n\n\n<ul class=\"pagination\">\n\t    \n\t\n\n<li >\n\t<a href='?page_no=14845'>Previous<\/a>\n\t<\/li>\n\n\n       \n    \n\n<li><a href='?page_no=1'>1<\/a><\/li>\n\n\n\n<li><a href='?page_no=2'>2<\/a><\/li>\n\n\n\n<li><a>...<\/a><\/li>\n\n\n\n<li><a href='?page_no=14844'>14844<\/a><\/li>\n\n\n\n<li><a href='?page_no=14845'>14845<\/a><\/li>\n\n\n\n<li class='active'><a>14846<\/a><\/li>\n\n\n\n<li><a href='?page_no=14847'>14847<\/a><\/li>\n\n\n\n<li><a href='?page_no=14848'>14848<\/a><\/li>\n\n\n\n<li><a>...<\/a><\/li>\n\n\n\n<li><a href='?page_no=36999'>36999<\/a><\/li>\n\n\n\n<li><a href='?page_no=37000'>37000<\/a><\/li>\n\n    \n\t\n\n<li >\n\t<a href='?page_no=14847'>Next<\/a>\n\t<\/li>\n\n\n    \n\n<li><a href='?page_no=37000'>Last &rsaquo;&rsaquo;<\/a><\/li>\n\n<\/ul>\n\n\n--><br \/>\n<\/body><\/p>\n","protected":false},"excerpt":{"rendered":"<p>Santo Domingo RD 12 agosto.- El bloque de diputados del Partido de la Liberaci\u00f3n Dominicano (PLD) seleccion\u00f3 este martes a unanimidad los legisladores Jos\u00e9 Luis Cosme y Licelot Arias para completar el bufete directivo de la C\u00e1mara de Diputados. Ambos legisladores acompa\u00f1ar\u00e1n al presidente y vicepresidente del organismo legislativo, Abel Mart\u00ednez y Luc\u00eda Medina. Tambi\u00e9n [&hellip;]<\/p>\n","protected":false},"author":3,"featured_media":0,"comment_status":"open","ping_status":"open","sticky":false,"template":"","format":"standard","meta":{"footnotes":""},"categories":[22],"tags":[],"class_list":["post-162440","post","type-post","status-publish","format-standard","hentry","category-politica"],"_links":{"self":[{"href":"https:\/\/diariodominicano.com\/index.php?rest_route=\/wp\/v2\/posts\/162440","targetHints":{"allow":["GET"]}}],"collection":[{"href":"https:\/\/diariodominicano.com\/index.php?rest_route=\/wp\/v2\/posts"}],"about":[{"href":"https:\/\/diariodominicano.com\/index.php?rest_route=\/wp\/v2\/types\/post"}],"author":[{"embeddable":true,"href":"https:\/\/diariodominicano.com\/index.php?rest_route=\/wp\/v2\/users\/3"}],"replies":[{"embeddable":true,"href":"https:\/\/diariodominicano.com\/index.php?rest_route=%2Fwp%2Fv2%2Fcomments&post=162440"}],"version-history":[{"count":0,"href":"https:\/\/diariodominicano.com\/index.php?rest_route=\/wp\/v2\/posts\/162440\/revisions"}],"wp:attachment":[{"href":"https:\/\/diariodominicano.com\/index.php?rest_route=%2Fwp%2Fv2%2Fmedia&parent=162440"}],"wp:term":[{"taxonomy":"category","embeddable":true,"href":"https:\/\/diariodominicano.com\/index.php?rest_route=%2Fwp%2Fv2%2Fcategories&post=162440"},{"taxonomy":"post_tag","embeddable":true,"href":"https:\/\/diariodominicano.com\/index.php?rest_route=%2Fwp%2Fv2%2Ftags&post=162440"}],"curies":[{"name":"wp","href":"https:\/\/api.w.org\/{rel}","templated":true}]}}