{"id":162439,"date":"2014-08-12T18:02:55","date_gmt":"2014-08-12T18:02:55","guid":{"rendered":"http:\/\/diariodominicano.ddns.net\/?p=162439"},"modified":"2014-08-12T18:02:55","modified_gmt":"2014-08-12T18:02:55","slug":"jovenes-del-pdi-llaman-a-abucheo-colectivo-en-aduanas","status":"publish","type":"post","link":"https:\/\/diariodominicano.com\/?p=162439","title":{"rendered":"&#13;J\u00f3venes del PDI llaman a  #abucheo colectivo en Aduanas   &#13;"},"content":{"rendered":"<p><body><\/p>\n<p><img decoding=\"async\" src=\"img3\/abucheo.jpg\" \/>  <\/p>\n<\/p>\n<p><span class=\"text1noticias\">Santo Domingo, RD, 12 de agosto.- La juventud del Partido Dem\u00f3crata Institucional, JDI, anunci\u00f3 la continuaci\u00f3n de la jornada de protesta contra la aplicaci\u00f3n arbitraria por la v\u00eda administrativa del impuesto a los art\u00edculos y productos que se adquieran por internet, el cual entra en vigencia a partir del viernes 15 de agosto.<\/span><\/p>\n<\/p>\n<p><span class=\"text1noticias\">La protesta consistente en fuertes y sonoros abucheos se efectuar\u00e1 dentro del plan de acci\u00f3n que desarrollan los j\u00f3venes pedeistas para presionar a las autoridades aduaneras a que den marchas atr\u00e1s y reflexionen sobre la necesidad de escuchar la voz de las masas de j\u00f3venes que a  trav\u00e9s de las redes sociales, prensa digital, escrita y televisiva, se han opuesto activamente a sus pretensiones abusivas.<\/span><\/p>\n<\/p>\n<p><span class=\"text1noticias\">Estos j\u00f3venes previamente hab\u00edan realizado una singular y novedosa manifestaci\u00f3n contra estos grav\u00e1menes en el parque La Lira de la Abraham Lincoln, donde grupos de j\u00f3venes se concentraron el viernes pasado para patentizar su rechazo a la inconstitucional medida que contra viento y marea pretende imponer el Gobierno y la Direcci\u00f3n de Aduanas, aun sea salt\u00e1ndose el orden legal y el marco constitucional vigentes.<\/span><\/p>\n<\/p>\n<p><span class=\"text1noticias\">Sobre la realizaci\u00f3n de esta protesta,  Francisco Alc\u00e1ntara, secretario de la Juventud Dem\u00f3crata Institucional, JDI, dijo que en la misma puede participar todo el que desee ir, independientemente de su simpat\u00eda o afiliaci\u00f3n pol\u00edticas, ya que se trata de una medida que afecta a toda la poblaci\u00f3n por igual.<\/span><\/p>\n<\/p>\n<p><span class=\"text1noticias\">\u00abNosotros simplemente lo que tratamos es hacernos eco del malestar, de la inconformidad, del descontento y la desaprobaci\u00f3n general que existe contra este ilegal impuesto que se nos quiere imponer como un hecho consumado\u00bb, expres\u00f3 el dirigente de la juventud del PDI.<\/span><\/p>\n<\/p>\n<p><span class=\"text1noticias\">El llamado a la asistencia al abucheo cuenta con el aliento y el respaldo, del  presidente del PDI, Dr. Ismael Reyes, quien exhort\u00f3 a los j\u00f3venes a mantener encendida la tea de la protesta contra el insaciable apetito fiscal del gobierno, quien que en vez de recortar los gastos en costosa propaganda, \u00abbotellas\u00bb y salarios lujosos  que son una burla a los m\u00edseros salarios populares, quiere captar m\u00e1s recursos desfondando los bolsillos de la clase media.   <\/span><\/p>\n<\/p>\n<p><span class=\"text1noticias\">Los j\u00f3venes del PDI, terminaron diciendo que \u00abojal\u00e1 este abucheo junto al grito del pueblo logre romper la sordera del gobierno con relaci\u00f3n a la medida por la cual protestamos\u00bb, dijo la JDI.<\/span><\/p>\n<h6> 2014-08-12 18:02:55 <\/h6>\n<p><!--\n<link rel=\"stylesheet\" href=\"css\/bootstrap.min.css\">\n\n\n<ul class=\"pagination\">\n\t    \n\t\n\n<li >\n\t<a href='?page_no=14844'>Previous<\/a>\n\t<\/li>\n\n\n       \n    \n\n<li><a href='?page_no=1'>1<\/a><\/li>\n\n\n\n<li><a href='?page_no=2'>2<\/a><\/li>\n\n\n\n<li><a>...<\/a><\/li>\n\n\n\n<li><a href='?page_no=14843'>14843<\/a><\/li>\n\n\n\n<li><a href='?page_no=14844'>14844<\/a><\/li>\n\n\n\n<li class='active'><a>14845<\/a><\/li>\n\n\n\n<li><a href='?page_no=14846'>14846<\/a><\/li>\n\n\n\n<li><a href='?page_no=14847'>14847<\/a><\/li>\n\n\n\n<li><a>...<\/a><\/li>\n\n\n\n<li><a href='?page_no=36999'>36999<\/a><\/li>\n\n\n\n<li><a href='?page_no=37000'>37000<\/a><\/li>\n\n    \n\t\n\n<li >\n\t<a href='?page_no=14846'>Next<\/a>\n\t<\/li>\n\n\n    \n\n<li><a href='?page_no=37000'>Last &rsaquo;&rsaquo;<\/a><\/li>\n\n<\/ul>\n\n\n--><br \/>\n<\/body><\/p>\n","protected":false},"excerpt":{"rendered":"<p>Santo Domingo, RD, 12 de agosto.- La juventud del Partido Dem\u00f3crata Institucional, JDI, anunci\u00f3 la continuaci\u00f3n de la jornada de protesta contra la aplicaci\u00f3n arbitraria por la v\u00eda administrativa del impuesto a los art\u00edculos y productos que se adquieran por internet, el cual entra en vigencia a partir del viernes 15 de agosto. La protesta [&hellip;]<\/p>\n","protected":false},"author":3,"featured_media":0,"comment_status":"open","ping_status":"open","sticky":false,"template":"","format":"standard","meta":{"footnotes":""},"categories":[22],"tags":[],"class_list":["post-162439","post","type-post","status-publish","format-standard","hentry","category-politica"],"_links":{"self":[{"href":"https:\/\/diariodominicano.com\/index.php?rest_route=\/wp\/v2\/posts\/162439","targetHints":{"allow":["GET"]}}],"collection":[{"href":"https:\/\/diariodominicano.com\/index.php?rest_route=\/wp\/v2\/posts"}],"about":[{"href":"https:\/\/diariodominicano.com\/index.php?rest_route=\/wp\/v2\/types\/post"}],"author":[{"embeddable":true,"href":"https:\/\/diariodominicano.com\/index.php?rest_route=\/wp\/v2\/users\/3"}],"replies":[{"embeddable":true,"href":"https:\/\/diariodominicano.com\/index.php?rest_route=%2Fwp%2Fv2%2Fcomments&post=162439"}],"version-history":[{"count":0,"href":"https:\/\/diariodominicano.com\/index.php?rest_route=\/wp\/v2\/posts\/162439\/revisions"}],"wp:attachment":[{"href":"https:\/\/diariodominicano.com\/index.php?rest_route=%2Fwp%2Fv2%2Fmedia&parent=162439"}],"wp:term":[{"taxonomy":"category","embeddable":true,"href":"https:\/\/diariodominicano.com\/index.php?rest_route=%2Fwp%2Fv2%2Fcategories&post=162439"},{"taxonomy":"post_tag","embeddable":true,"href":"https:\/\/diariodominicano.com\/index.php?rest_route=%2Fwp%2Fv2%2Ftags&post=162439"}],"curies":[{"name":"wp","href":"https:\/\/api.w.org\/{rel}","templated":true}]}}