{"id":162438,"date":"2014-08-12T18:11:41","date_gmt":"2014-08-12T18:11:41","guid":{"rendered":"http:\/\/diariodominicano.ddns.net\/?p=162438"},"modified":"2014-08-12T18:11:41","modified_gmt":"2014-08-12T18:11:41","slug":"louis-bogaert-felicita-jovenes-en-dia-internacional-de-la-juventud","status":"publish","type":"post","link":"https:\/\/diariodominicano.com\/?p=162438","title":{"rendered":"&#13;&#13;Louis Bogaert felicita j\u00f3venes en D\u00eda Internacional de la Juventud"},"content":{"rendered":"<p><body><\/p>\n<p><img decoding=\"async\" src=\"img3\/luis.jpg\" \/>  <\/p>\n<p><span class=\"text1noticias\"> <\/span><\/p>\n<\/p>\n<p><span class=\"text1noticias\"> <\/span><\/p>\n<p><span class=\"text1noticias\">Santo Domingo, RD, 12 de agosto.- El primer vicepresidente del Partido Reformista Social Cristiano (PRSC), Louis Bogaert, felicit\u00f3 a todos los j\u00f3venes dominicanos con motivo de celebrarse este martes el D\u00eda Internacional de la Juventud y los exhort\u00f3 a trabajar para construir la naci\u00f3n \u00abque so\u00f1amos y merecemos\u00bb.<\/span><\/p>\n<\/p>\n<p><span class=\"text1noticias\">Dijo que los j\u00f3venes son el presente y el futuro de la Rep\u00fablica Dominicana, por lo que los estimul\u00f3 a seguir prepar\u00e1ndose para aportar al desarrollo de la naci\u00f3n a los fines de que las presentes y futuras generaciones  tengan mayores oportunidades y vivan mejor.<\/span><\/p>\n<\/p>\n<p><span class=\"text1noticias\">El dirigente reformista, miembro del Directorio Presidencial (DP), m\u00e1ximo \u00f3rgano de direcci\u00f3n del PRSC, aprovech\u00f3 para felicitar a  los j\u00f3venes organizados en esa organizaci\u00f3n pol\u00edtica.<\/span><\/p>\n<\/p>\n<p><span class=\"text1noticias\">Llam\u00f3 a ese segmento del partido colorao a trabajar por el fortalecimiento de la entidad partidaria con miras a las elecciones de 2016, \u00abdonde tenemos una gran oportunidad para recuperar nuestro espacio en el electorado nacional y seguir aportando al crecimiento del pa\u00eds\u00bb.<\/span><\/p>\n<\/p>\n<p><span class=\"text1noticias\">Bogaert sostuvo que en el nuevo reformismo los j\u00f3venes tienen oportunidades para hacer carrera pol\u00edtica y usar esa plataforma para ayudar a resolver los problemas de sus comunidades.<\/span><\/p>\n<\/p>\n<p><span class=\"text1noticias\">\u00abLa idea es que los j\u00f3venes se empoderen del nuevo PRSC para que trabajen por una Rep\u00fablica Dominicana m\u00e1s equitativa y m\u00e1s transparente\u00bb, agreg\u00f3.<\/span><\/p>\n<\/p>\n<p><span class=\"text1noticias\">Entiende que para ello hay que trabajar con decisi\u00f3n y entrega, \u00abporque sin lugar a duda el futuro est\u00e1 en las manos de la juventud\u00bb.<\/span><\/p>\n<h6> 2014-08-12 18:11:41 <\/h6>\n<p><!--\n<link rel=\"stylesheet\" href=\"css\/bootstrap.min.css\">\n\n\n<ul class=\"pagination\">\n\t    \n\t\n\n<li >\n\t<a href='?page_no=14843'>Previous<\/a>\n\t<\/li>\n\n\n       \n    \n\n<li><a href='?page_no=1'>1<\/a><\/li>\n\n\n\n<li><a href='?page_no=2'>2<\/a><\/li>\n\n\n\n<li><a>...<\/a><\/li>\n\n\n\n<li><a href='?page_no=14842'>14842<\/a><\/li>\n\n\n\n<li><a href='?page_no=14843'>14843<\/a><\/li>\n\n\n\n<li class='active'><a>14844<\/a><\/li>\n\n\n\n<li><a href='?page_no=14845'>14845<\/a><\/li>\n\n\n\n<li><a href='?page_no=14846'>14846<\/a><\/li>\n\n\n\n<li><a>...<\/a><\/li>\n\n\n\n<li><a href='?page_no=36999'>36999<\/a><\/li>\n\n\n\n<li><a href='?page_no=37000'>37000<\/a><\/li>\n\n    \n\t\n\n<li >\n\t<a href='?page_no=14845'>Next<\/a>\n\t<\/li>\n\n\n    \n\n<li><a href='?page_no=37000'>Last &rsaquo;&rsaquo;<\/a><\/li>\n\n<\/ul>\n\n\n--><br \/>\n<\/body><\/p>\n","protected":false},"excerpt":{"rendered":"<p>Santo Domingo, RD, 12 de agosto.- El primer vicepresidente del Partido Reformista Social Cristiano (PRSC), Louis Bogaert, felicit\u00f3 a todos los j\u00f3venes dominicanos con motivo de celebrarse este martes el D\u00eda Internacional de la Juventud y los exhort\u00f3 a trabajar para construir la naci\u00f3n \u00abque so\u00f1amos y merecemos\u00bb. Dijo que los j\u00f3venes son el presente [&hellip;]<\/p>\n","protected":false},"author":3,"featured_media":0,"comment_status":"open","ping_status":"open","sticky":false,"template":"","format":"standard","meta":{"footnotes":""},"categories":[22],"tags":[],"class_list":["post-162438","post","type-post","status-publish","format-standard","hentry","category-politica"],"_links":{"self":[{"href":"https:\/\/diariodominicano.com\/index.php?rest_route=\/wp\/v2\/posts\/162438","targetHints":{"allow":["GET"]}}],"collection":[{"href":"https:\/\/diariodominicano.com\/index.php?rest_route=\/wp\/v2\/posts"}],"about":[{"href":"https:\/\/diariodominicano.com\/index.php?rest_route=\/wp\/v2\/types\/post"}],"author":[{"embeddable":true,"href":"https:\/\/diariodominicano.com\/index.php?rest_route=\/wp\/v2\/users\/3"}],"replies":[{"embeddable":true,"href":"https:\/\/diariodominicano.com\/index.php?rest_route=%2Fwp%2Fv2%2Fcomments&post=162438"}],"version-history":[{"count":0,"href":"https:\/\/diariodominicano.com\/index.php?rest_route=\/wp\/v2\/posts\/162438\/revisions"}],"wp:attachment":[{"href":"https:\/\/diariodominicano.com\/index.php?rest_route=%2Fwp%2Fv2%2Fmedia&parent=162438"}],"wp:term":[{"taxonomy":"category","embeddable":true,"href":"https:\/\/diariodominicano.com\/index.php?rest_route=%2Fwp%2Fv2%2Fcategories&post=162438"},{"taxonomy":"post_tag","embeddable":true,"href":"https:\/\/diariodominicano.com\/index.php?rest_route=%2Fwp%2Fv2%2Ftags&post=162438"}],"curies":[{"name":"wp","href":"https:\/\/api.w.org\/{rel}","templated":true}]}}