{"id":162436,"date":"2014-08-13T16:31:16","date_gmt":"2014-08-13T16:31:16","guid":{"rendered":"http:\/\/diariodominicano.ddns.net\/?p=162436"},"modified":"2014-08-13T16:31:16","modified_gmt":"2014-08-13T16:31:16","slug":"cota-lama-dice-combatir-corrupcion-en-rd-es-compromiso-de-todos","status":"publish","type":"post","link":"https:\/\/diariodominicano.com\/?p=162436","title":{"rendered":"Cota Lama dice combatir corrupci\u00f3n en RD es compromiso de todos"},"content":{"rendered":"<p><body><\/p>\n<p><span class=\"text1noticias\">Santo Domingo, RD, 13 de Agosto.- El dirigente pol\u00edtico, Carlos Cota Lama consider\u00f3 que la lucha y el combate en contra de la corrupci\u00f3n y la impunidad que existe d\u00eda en la Rep\u00fablica Dominicana y que nos colocan en una posici\u00f3n dif\u00edcil ante organismos que realizan investigaciones sobre corrupci\u00f3n, como ha ocurrido con los \u00faltimos informes de Transparencia Internacional.<\/span><\/p>\n<\/p>\n<p><span class=\"text1noticias\">Cota Lama dijo que el Presidente Danilo Medina ha tomado un sin n\u00famero de medidas, para transparentar y eficientizar el manejo de los fondos p\u00fablicos, pero que en la gran mayor\u00eda de los funcionarios que llevan a\u00f1os ocupando posiciones en el tren gubernamental, persiste la vida del derroche, la francachela, la malversaci\u00f3n y la idea de que el cargo que le han dado de manera transitoria, es para que cuando culminen la gesti\u00f3n tengan todos sus problemas desde el punto de vista econ\u00f3mico resueltos, aunque al pa\u00eds se lo est\u00e9 llevando el mism\u00edsimo diablo.<\/span><\/p>\n<\/p>\n<p><span class=\"text1noticias\">El connotado dirigente pol\u00edtico, asegur\u00f3 que la lucha contra la corrupci\u00f3n y la impunidad que existe tanto en el sector p\u00fablico como el privado en la Rep\u00fablica Dominicana es una responsabilidad de todos, por lo que exhort\u00f3 a los servidores p\u00fablicos, al igual que los empleados privados a denunciar todas las acciones corruptas, sin tener miedo a ser despedidos o sometidos a la acci\u00f3n de la justicia, porque aunque en este pa\u00eds los p\u00e1jaros muchas veces quieren tirarle a las escopetas, los tiempos han cambiado y quienes tienen que darle explicaciones al pueblo sobre los dineros que manejan son los funcionarios, as\u00ed como el sector privado debe rendirle cuenta al sector gubernamental de sus transacciones operacionales, de las tres, cuatro y hasta cinco contabilidades que llevan, d\u00e1ndose el gusto de decir que \u00abQuien hizo la ley hizo la trampa\u00bb, como si se tratara de un chiste.<\/span><\/p>\n<\/p>\n<p><span class=\"text1noticias\">Cota Lama manifest\u00f3 que en cada instituci\u00f3n del Estado Dominicano, se han creado unidades de fiscalizaci\u00f3n por parte de la Contralor\u00eda General de la Rep\u00fablica, pero que el alto nivel de corrupci\u00f3n y la astucia con que se manejan ciertos personajes en la administraci\u00f3n p\u00fablica, le tuercen el brazo con d\u00e1divas y prebendas, por lo que consider\u00f3 en el pa\u00eds urge crear precedentes, sometiendo y enviando a la c\u00e1rcel que es donde deben de estar todos los ex funcionarios o funcionarios del actual gobierno, que hayan abusado de la confianza del Presidente de la Rep\u00fablica, de su honestidad, de su transparencia como persona, de sus decretos y ordenanzas, como ha ocurrido y ha sido denunciado en programas de gran renombre nacional e internacional, sin ning\u00fan tipo de reparos.(HG)<\/span>.<\/p>\n<\/p>\n<h6> 2014-08-13 16:31:16 <\/h6>\n<p><!--\n<link rel=\"stylesheet\" href=\"css\/bootstrap.min.css\">\n\n\n<ul class=\"pagination\">\n\t    \n\t\n\n<li >\n\t<a href='?page_no=14841'>Previous<\/a>\n\t<\/li>\n\n\n       \n    \n\n<li><a href='?page_no=1'>1<\/a><\/li>\n\n\n\n<li><a href='?page_no=2'>2<\/a><\/li>\n\n\n\n<li><a>...<\/a><\/li>\n\n\n\n<li><a href='?page_no=14840'>14840<\/a><\/li>\n\n\n\n<li><a href='?page_no=14841'>14841<\/a><\/li>\n\n\n\n<li class='active'><a>14842<\/a><\/li>\n\n\n\n<li><a href='?page_no=14843'>14843<\/a><\/li>\n\n\n\n<li><a href='?page_no=14844'>14844<\/a><\/li>\n\n\n\n<li><a>...<\/a><\/li>\n\n\n\n<li><a href='?page_no=36999'>36999<\/a><\/li>\n\n\n\n<li><a href='?page_no=37000'>37000<\/a><\/li>\n\n    \n\t\n\n<li >\n\t<a href='?page_no=14843'>Next<\/a>\n\t<\/li>\n\n\n    \n\n<li><a href='?page_no=37000'>Last &rsaquo;&rsaquo;<\/a><\/li>\n\n<\/ul>\n\n\n--><br \/>\n<\/body><\/p>\n","protected":false},"excerpt":{"rendered":"<p>Santo Domingo, RD, 13 de Agosto.- El dirigente pol\u00edtico, Carlos Cota Lama consider\u00f3 que la lucha y el combate en contra de la corrupci\u00f3n y la impunidad que existe d\u00eda en la Rep\u00fablica Dominicana y que nos colocan en una posici\u00f3n dif\u00edcil ante organismos que realizan investigaciones sobre corrupci\u00f3n, como ha ocurrido con los \u00faltimos [&hellip;]<\/p>\n","protected":false},"author":3,"featured_media":0,"comment_status":"open","ping_status":"open","sticky":false,"template":"","format":"standard","meta":{"footnotes":""},"categories":[22],"tags":[],"class_list":["post-162436","post","type-post","status-publish","format-standard","hentry","category-politica"],"_links":{"self":[{"href":"https:\/\/diariodominicano.com\/index.php?rest_route=\/wp\/v2\/posts\/162436","targetHints":{"allow":["GET"]}}],"collection":[{"href":"https:\/\/diariodominicano.com\/index.php?rest_route=\/wp\/v2\/posts"}],"about":[{"href":"https:\/\/diariodominicano.com\/index.php?rest_route=\/wp\/v2\/types\/post"}],"author":[{"embeddable":true,"href":"https:\/\/diariodominicano.com\/index.php?rest_route=\/wp\/v2\/users\/3"}],"replies":[{"embeddable":true,"href":"https:\/\/diariodominicano.com\/index.php?rest_route=%2Fwp%2Fv2%2Fcomments&post=162436"}],"version-history":[{"count":0,"href":"https:\/\/diariodominicano.com\/index.php?rest_route=\/wp\/v2\/posts\/162436\/revisions"}],"wp:attachment":[{"href":"https:\/\/diariodominicano.com\/index.php?rest_route=%2Fwp%2Fv2%2Fmedia&parent=162436"}],"wp:term":[{"taxonomy":"category","embeddable":true,"href":"https:\/\/diariodominicano.com\/index.php?rest_route=%2Fwp%2Fv2%2Fcategories&post=162436"},{"taxonomy":"post_tag","embeddable":true,"href":"https:\/\/diariodominicano.com\/index.php?rest_route=%2Fwp%2Fv2%2Ftags&post=162436"}],"curies":[{"name":"wp","href":"https:\/\/api.w.org\/{rel}","templated":true}]}}