{"id":162434,"date":"2014-08-13T18:13:21","date_gmt":"2014-08-13T18:13:21","guid":{"rendered":"http:\/\/diariodominicano.ddns.net\/?p=162434"},"modified":"2014-08-13T18:13:21","modified_gmt":"2014-08-13T18:13:21","slug":"sugiere-relanzar-las-relaciones-exteriores","status":"publish","type":"post","link":"https:\/\/diariodominicano.com\/?p=162434","title":{"rendered":"Sugiere relanzar las Relaciones Exteriores"},"content":{"rendered":"<p><body><\/p>\n<p><span class=\"text1noticias\">SANTO DOMINGO, RD, 13 de Agosto de  2014.- El profesor Luis Gonz\u00e1lez,  polit\u00f3logo internacionalista, sin\u00f3logo y catedr\u00e1tico universitario, sugiri\u00f3 al presidente Danilo Medina replantear  el ejercicio de las relaciones exteriores, \u00abredefiniendo la pol\u00edtica exterior y ejecut\u00e1ndola con una nueva Canciller\u00eda, y  sobre todo con un Servicio Exterior profesional, capacitado, eficiente y racional\u00bb.<\/span><\/p>\n<\/p>\n<p><span class=\"text1noticias\">Seg\u00fan Gonz\u00e1lez, si el Gobierno muestra voluntad pol\u00edtica y el Presidente Medina introduce los cambios necesarios en el Ministerio de Relaciones Exteriores, incluyendo la promoci\u00f3n de su nueva ley org\u00e1nica que sustituya la de 1964,  \u00abs\u00ed se puede tener un servicio exterior que reporte beneficios al pa\u00eds\u00bb.<\/span><\/p>\n<\/p>\n<p><span class=\"text1noticias\">\u00abCreo que, definitivamente, es preciso cambiar el rumbo de la pol\u00edtica exterior de nuestro pa\u00eds, porque no es un secreto que la Canciller\u00eda dominicana, ha sido sacudida por grandes esc\u00e1ndalos de malos manejos consulares y malversaci\u00f3n de fondos. Me parece que este es un buen momento para sanear ese importante Ministerio\u00bb, dijo.<\/span><\/p>\n<p><span class=\"text1noticias\"> <\/span><\/p>\n<p><span class=\"text1noticias\">Gonz\u00e1lez  es un especialista en asuntos asi\u00e1ticos, de manera especial en  los relacionados con China. Es profesor de Relaciones Internacionales en la Universidad del Caribe (UNICARIBE), de Ciencias Pol\u00edticas en la Universidad Aut\u00f3noma de Santo Domingo (UASD) y profesor invitado en las diferentes instituciones de Educaci\u00f3n Superior del Ministerio de Defensa de la Rep\u00fablica Dominicana.<\/span><\/p>\n<\/p>\n<p><span class=\"text1noticias\">Adem\u00e1s, el sin\u00f3logo y polit\u00f3logo ha dedicado varios a\u00f1os a gestionar con gobiernos de varias naciones y de  grupos de inversionistas privados  proyectos de inversi\u00f3n para la Rep\u00fablica Dominicana en \u00e1reas vitales como energ\u00eda renovable, agropecuaria, infraestructura, inversi\u00f3n inmobiliaria y turismo. Igualmente, intercambios culturales y acad\u00e9micos.<\/span><\/p>\n<\/p>\n<p><span class=\"text1noticias\">Refiri\u00f3 que recientemente fue invitado por el embajador de Turqu\u00eda en la Rep\u00fablica Dominicana a ese pa\u00eds euroasi\u00e1tico, donde realiz\u00f3 importantes gestiones para sectores acad\u00e9micos, turismo, seguridad y defensa, aviaci\u00f3n civil entre otros. Destac\u00e1ndose el v\u00ednculo para un acuerdo de cooperaci\u00f3n para profesores y estudiantes de la Facultad de Ciencias jur\u00eddicas y Pol\u00edticas de la UASD, que ser\u00e1 firmado en su momento por el Rector de la UASD, Dr. Iv\u00e1n Grull\u00f3n y el Rector de la Universidad  de Ankara, Dr. Erkan Ibis.  As\u00ed como con la poderosa Televisi\u00f3n y Radio de Turqu\u00eda (TRT),  con el objetivo de procurar un acuerdo de cooperaci\u00f3n y reciprocidad con  la Corporaci\u00f3n Estatal de Radio y Televisi\u00f3n (CERTV), de la Rep\u00fablica Dominicana.  <\/span><\/p>\n<\/p>\n<p><span class=\"text1noticias\">\u00abEn Turqu\u00eda, por citar un ejemplo, no tenemos Embajador permanente y es inaceptable, por reciprocidad y porque en esa naci\u00f3n hermana se est\u00e1 definiendo el nuevo orden mundial, conjuntamente con los Estados Unidos y los BRICS.  As\u00ed como China representa la transformaci\u00f3n, el ascenso en Asia oriental, Turqu\u00eda representa lo mismo en Asia occidental, puerta de Eurasia\u00bb.  Es una tarea pendiente del Presidente Danilo Medina, designar un embajador all\u00e1 que cubra desde ah\u00ed a Kazajist\u00e1n.<\/span><\/p>\n<\/p>\n<p><span class=\"text1noticias\">Entiende  el  Gobierno debe enfocar su atenci\u00f3n en Asia, con \u00e9nfasis en China y Turqu\u00eda, donde se barajan grande oportunidades  de negocios que debe aprovechar la Rep\u00fablica Dominicana.<\/span><\/p>\n<\/p>\n<\/p>\n<h6> 2014-08-13 18:13:21 <\/h6>\n<p><!--\n<link rel=\"stylesheet\" href=\"css\/bootstrap.min.css\">\n\n\n<ul class=\"pagination\">\n\t    \n\t\n\n<li >\n\t<a href='?page_no=14839'>Previous<\/a>\n\t<\/li>\n\n\n       \n    \n\n<li><a href='?page_no=1'>1<\/a><\/li>\n\n\n\n<li><a href='?page_no=2'>2<\/a><\/li>\n\n\n\n<li><a>...<\/a><\/li>\n\n\n\n<li><a href='?page_no=14838'>14838<\/a><\/li>\n\n\n\n<li><a href='?page_no=14839'>14839<\/a><\/li>\n\n\n\n<li class='active'><a>14840<\/a><\/li>\n\n\n\n<li><a href='?page_no=14841'>14841<\/a><\/li>\n\n\n\n<li><a href='?page_no=14842'>14842<\/a><\/li>\n\n\n\n<li><a>...<\/a><\/li>\n\n\n\n<li><a href='?page_no=36999'>36999<\/a><\/li>\n\n\n\n<li><a href='?page_no=37000'>37000<\/a><\/li>\n\n    \n\t\n\n<li >\n\t<a href='?page_no=14841'>Next<\/a>\n\t<\/li>\n\n\n    \n\n<li><a href='?page_no=37000'>Last &rsaquo;&rsaquo;<\/a><\/li>\n\n<\/ul>\n\n\n--><br \/>\n<\/body><\/p>\n","protected":false},"excerpt":{"rendered":"<p>SANTO DOMINGO, RD, 13 de Agosto de 2014.- El profesor Luis Gonz\u00e1lez, polit\u00f3logo internacionalista, sin\u00f3logo y catedr\u00e1tico universitario, sugiri\u00f3 al presidente Danilo Medina replantear el ejercicio de las relaciones exteriores, \u00abredefiniendo la pol\u00edtica exterior y ejecut\u00e1ndola con una nueva Canciller\u00eda, y sobre todo con un Servicio Exterior profesional, capacitado, eficiente y racional\u00bb. Seg\u00fan Gonz\u00e1lez, si [&hellip;]<\/p>\n","protected":false},"author":3,"featured_media":0,"comment_status":"open","ping_status":"open","sticky":false,"template":"","format":"standard","meta":{"footnotes":""},"categories":[22],"tags":[],"class_list":["post-162434","post","type-post","status-publish","format-standard","hentry","category-politica"],"_links":{"self":[{"href":"https:\/\/diariodominicano.com\/index.php?rest_route=\/wp\/v2\/posts\/162434","targetHints":{"allow":["GET"]}}],"collection":[{"href":"https:\/\/diariodominicano.com\/index.php?rest_route=\/wp\/v2\/posts"}],"about":[{"href":"https:\/\/diariodominicano.com\/index.php?rest_route=\/wp\/v2\/types\/post"}],"author":[{"embeddable":true,"href":"https:\/\/diariodominicano.com\/index.php?rest_route=\/wp\/v2\/users\/3"}],"replies":[{"embeddable":true,"href":"https:\/\/diariodominicano.com\/index.php?rest_route=%2Fwp%2Fv2%2Fcomments&post=162434"}],"version-history":[{"count":0,"href":"https:\/\/diariodominicano.com\/index.php?rest_route=\/wp\/v2\/posts\/162434\/revisions"}],"wp:attachment":[{"href":"https:\/\/diariodominicano.com\/index.php?rest_route=%2Fwp%2Fv2%2Fmedia&parent=162434"}],"wp:term":[{"taxonomy":"category","embeddable":true,"href":"https:\/\/diariodominicano.com\/index.php?rest_route=%2Fwp%2Fv2%2Fcategories&post=162434"},{"taxonomy":"post_tag","embeddable":true,"href":"https:\/\/diariodominicano.com\/index.php?rest_route=%2Fwp%2Fv2%2Ftags&post=162434"}],"curies":[{"name":"wp","href":"https:\/\/api.w.org\/{rel}","templated":true}]}}