{"id":162432,"date":"2014-08-13T19:01:53","date_gmt":"2014-08-13T19:01:53","guid":{"rendered":"http:\/\/diariodominicano.ddns.net\/?p=162432"},"modified":"2014-08-13T19:01:53","modified_gmt":"2014-08-13T19:01:53","slug":"sindico-de-la-capital-dice-presidente-dm-ha-sintonizado-con-los-anhelos-del-pais","status":"publish","type":"post","link":"https:\/\/diariodominicano.com\/?p=162432","title":{"rendered":"&#13;Sindico de la capital dice Presidente DM ha sintonizado con los anhelos del pa\u00eds"},"content":{"rendered":"<p><body><\/p>\n<p><img decoding=\"async\" src=\"img3\/Salcedo.jpg\" \/>  <\/p>\n<\/p>\n<p><span class=\"text1noticias\"> <\/span><\/p>\n<p><span class=\"text1noticias\">Santo Domingo, RD, 13 de agosto.- Roberto Salcedo, miembro del Comit\u00e9 Central del Partido de la Liberaci\u00f3n Dominicana, dijo que el presidente Danilo Medina es un hombre entregado en cuerpo y alma al ejercicio de gobernar el pa\u00eds, al tiempo que consider\u00f3 que el primer mandatario de la naci\u00f3n no optar\u00e1 por otro per\u00edodo presidencial en el 2016.<\/span><\/p>\n<p><span class=\"text1noticias\"> <\/span><\/p>\n<p><span class=\"text1noticias\">Salcedo, s\u00edndico del Distrito Nacional, afirm\u00f3 que Medina ha sabido conectarse con la poblaci\u00f3n dominicana y que fruto de esa empat\u00eda y su trabajo en beneficio de las grandes mayor\u00edas es la alta valoraci\u00f3n que tiene.<\/span><\/p>\n<p><span class=\"text1noticias\"> <\/span><\/p>\n<p><span class=\"text1noticias\">\u00abEl presidente Danilo Medina ha sido coherente con su discurso pol\u00edtico y el ejercicio del poder\u00bb, resalt\u00f3 el alcalde capitalino, entrevistado en el programa Matinal 5 y rese\u00f1ado por la Secretar\u00eda de Comunicaciones.<\/span><\/p>\n<p><span class=\"text1noticias\"> <\/span><\/p>\n<p><span class=\"text1noticias\">Entiende que el presidente Danilo Medina no optar\u00eda por otro per\u00edodo presidencial de manera consecutiva y que tampoco se lanzar\u00eda a una modificaci\u00f3n de la constituci\u00f3n para incluir la  figura de la reelecci\u00f3n.<\/span><\/p>\n<p><span class=\"text1noticias\"> <\/span><\/p>\n<p><span class=\"text1noticias\">\u00abEl presidente ha dicho en varias ocasiones que \u00e9l es un presidente para estos cuatro a\u00f1os, que jam\u00e1s violentar\u00eda un proceso para continuar. Soy de los que piensan que Danilo (Medina) cuando cumpla su primer mandato ser\u00eda un ganador en las elecciones del 2020\u00bb, se\u00f1al\u00f3.<\/span><\/p>\n<p><span class=\"text1noticias\"> <\/span><\/p>\n<p><span class=\"text1noticias\">Manifest\u00f3 que de lo que se trata es de mantener el Partido en el poder para que el pa\u00eds pueda seguir trillando el camino del progreso y que los pelede\u00edstas tienen que apostar a eso.<\/span><\/p>\n<h6> 2014-08-13 19:01:53 <\/h6>\n<p><!--\n<link rel=\"stylesheet\" href=\"css\/bootstrap.min.css\">\n\n\n<ul class=\"pagination\">\n\t    \n\t\n\n<li >\n\t<a href='?page_no=14838'>Previous<\/a>\n\t<\/li>\n\n\n       \n    \n\n<li><a href='?page_no=1'>1<\/a><\/li>\n\n\n\n<li><a href='?page_no=2'>2<\/a><\/li>\n\n\n\n<li><a>...<\/a><\/li>\n\n\n\n<li><a href='?page_no=14837'>14837<\/a><\/li>\n\n\n\n<li><a href='?page_no=14838'>14838<\/a><\/li>\n\n\n\n<li class='active'><a>14839<\/a><\/li>\n\n\n\n<li><a href='?page_no=14840'>14840<\/a><\/li>\n\n\n\n<li><a href='?page_no=14841'>14841<\/a><\/li>\n\n\n\n<li><a>...<\/a><\/li>\n\n\n\n<li><a href='?page_no=36999'>36999<\/a><\/li>\n\n\n\n<li><a href='?page_no=37000'>37000<\/a><\/li>\n\n    \n\t\n\n<li >\n\t<a href='?page_no=14840'>Next<\/a>\n\t<\/li>\n\n\n    \n\n<li><a href='?page_no=37000'>Last &rsaquo;&rsaquo;<\/a><\/li>\n\n<\/ul>\n\n\n--><br \/>\n<\/body><\/p>\n","protected":false},"excerpt":{"rendered":"<p>Santo Domingo, RD, 13 de agosto.- Roberto Salcedo, miembro del Comit\u00e9 Central del Partido de la Liberaci\u00f3n Dominicana, dijo que el presidente Danilo Medina es un hombre entregado en cuerpo y alma al ejercicio de gobernar el pa\u00eds, al tiempo que consider\u00f3 que el primer mandatario de la naci\u00f3n no optar\u00e1 por otro per\u00edodo presidencial [&hellip;]<\/p>\n","protected":false},"author":3,"featured_media":0,"comment_status":"open","ping_status":"open","sticky":false,"template":"","format":"standard","meta":{"footnotes":""},"categories":[22],"tags":[],"class_list":["post-162432","post","type-post","status-publish","format-standard","hentry","category-politica"],"_links":{"self":[{"href":"https:\/\/diariodominicano.com\/index.php?rest_route=\/wp\/v2\/posts\/162432","targetHints":{"allow":["GET"]}}],"collection":[{"href":"https:\/\/diariodominicano.com\/index.php?rest_route=\/wp\/v2\/posts"}],"about":[{"href":"https:\/\/diariodominicano.com\/index.php?rest_route=\/wp\/v2\/types\/post"}],"author":[{"embeddable":true,"href":"https:\/\/diariodominicano.com\/index.php?rest_route=\/wp\/v2\/users\/3"}],"replies":[{"embeddable":true,"href":"https:\/\/diariodominicano.com\/index.php?rest_route=%2Fwp%2Fv2%2Fcomments&post=162432"}],"version-history":[{"count":0,"href":"https:\/\/diariodominicano.com\/index.php?rest_route=\/wp\/v2\/posts\/162432\/revisions"}],"wp:attachment":[{"href":"https:\/\/diariodominicano.com\/index.php?rest_route=%2Fwp%2Fv2%2Fmedia&parent=162432"}],"wp:term":[{"taxonomy":"category","embeddable":true,"href":"https:\/\/diariodominicano.com\/index.php?rest_route=%2Fwp%2Fv2%2Fcategories&post=162432"},{"taxonomy":"post_tag","embeddable":true,"href":"https:\/\/diariodominicano.com\/index.php?rest_route=%2Fwp%2Fv2%2Ftags&post=162432"}],"curies":[{"name":"wp","href":"https:\/\/api.w.org\/{rel}","templated":true}]}}