{"id":162431,"date":"2014-08-13T19:13:51","date_gmt":"2014-08-13T19:13:51","guid":{"rendered":"http:\/\/diariodominicano.ddns.net\/?p=162431"},"modified":"2014-08-13T19:13:51","modified_gmt":"2014-08-13T19:13:51","slug":"gobernador-cuomo-respalda-al-senador-espaillat-en-su-reeleccion-alabo-el-record-pro-inquilino-de-espaillat","status":"publish","type":"post","link":"https:\/\/diariodominicano.com\/?p=162431","title":{"rendered":"&#13;&#13;Gobernador Cuomo respalda al senador Espaillat en su reelecci\u00f3n alab\u00f3 el r\u00e9cord Pro-Inquilino de Espaillat"},"content":{"rendered":"<p><body><\/p>\n<\/p>\n<\/p>\n<\/p>\n<p><span class=\"text1noticias\"> <\/span><\/p>\n<p><span class=\"text1noticias\"> <\/span><\/p>\n<p><span class=\"text1noticias\">Nueva York, NY, EEUU, 13 de agosto, El Gobernador Andrew Cuomo respald\u00f3 al Senador Adriano Espaillat en su propuesta de reelecci\u00f3n, citando el liderazgo de Espaillat en los temas de vivienda e inquilinos.<\/span><\/p>\n<\/p>\n<p><span class=\"text1noticias\">Las leyes de los alquileres que protegen a m\u00e1s de 2 millones de neoyorquinos y cerca de 1 mill\u00f3n de unidades de viviendas asequibles est\u00e1n programadas para renovarse el pr\u00f3ximo a\u00f1o; el Distrito Senatorial 31 representado por Espaillat tiene m\u00e1s apartamentos de alquileres estabilizados que ning\u00fan otro distrito del Senado en la ciudad de Nueva York o los condados circundantes.<\/span><\/p>\n<p><span class=\"text1noticias\"> <\/span><\/p>\n<p><span class=\"text1noticias\">En 2011, el Senador Espaillat fue nombrado \u00abhombre clave\u00bb de la Conferencia Dem\u00f3crata del Senado en las leyes de alquileres. A pesar de que el Senado estaba controlado por los republicanos, Espaillat y el Gobernador Cuomo tuvieron la capacidad de asegurar las primeras enmiendas pro-inquilinos en la Ley de Protecci\u00f3n de Inquilino de Emergencia en d\u00e9cadas y crear la Unidad de Protecci\u00f3n al Inquilinos que ha tomado medidas en\u00e9rgicas contra el acoso y el fraude de caseros en el Alto Manhattan. Espaillat tambi\u00e9n recibi\u00f3 el respaldo del Tenants PAC en julio.<\/span><\/p>\n<p><span class=\"text1noticias\"> <\/span><\/p>\n<p><span class=\"text1noticias\">\u00abMe siento orgulloso de respaldar al Senador Espaillat en su reelecci\u00f3n\u00bb, dijo el Gobernador Cuomo. \u00abEl Senador Espaillat ha sido un l\u00edder en temas de vivienda e inquilinos y un feroz defensor de sus constituyentes. Espero que los votantes del Distrito Senatorial 13 me acompa\u00f1en y den su apoyo a Adriano, para que as\u00ed podamos continuar trabajando juntos en la protecci\u00f3n de la vivienda asequible para todos los neoyorquinos\u00bb, se\u00f1al\u00f3.<\/span><\/p>\n<p><span class=\"text1noticias\"> <\/span><\/p>\n<p><span class=\"text1noticias\">\u00abM\u00e1s de dos millones de neoyorquinos dependen de nosotros para la renovaci\u00f3n y el fortalecimiento de las leyes de alquileres el pr\u00f3ximo a\u00f1os, y yo estoy agradecido del respaldo del Gobernador Cuomo\u00bb, dijo el Senador Adriano Espaillat. \u00abLos inquilinos de bajos ingresos en nuestra comunidad est\u00e1n gastando m\u00e1s del 50% de sus ingresos en alquiler, y los aumentos de los alquileres y el acoso de los caseros negligentes est\u00e1n sacando a las familias de sus viviendas. Tengo el compromiso de construir sobre el \u00e9xito que hemos logrado a trav\u00e9s de la creaci\u00f3n de la Unidad de Protecci\u00f3n al Inquilino antes de que m\u00e1s viviendas asequibles se pierdan\u00bb, expres\u00f3.<\/span><\/p>\n<p><span class=\"text1noticias\"> <\/span><\/p>\n<p><span class=\"text1noticias\">En el pasado mes, el Senador Adriano Espaillat tambi\u00e9n ha recibido el respaldo de importantes l\u00edderes y organizaciones progresistas, incluyendo la Defensora del Pueblo de la ciudad de Nueva York Letitia James, la L\u00edder de la Conferencia Dem\u00f3crata del Senado Andrea Stewart-Cousins, el L\u00edder Adjunto de la Conferencia Dem\u00f3crata del Senado Mike Gianaris, el Asamble\u00edsta Denny Farrell, los Concejales Ydanis Rodr\u00edguez y Mark Levine, el Partido de las Familias Trabajadoras, el sindicato 1199 SEIU United Healthcare Workers East, SEIU 32BJ, Teamsters 237, Mason Tenders District Union, Tenants PAC y la Empire State Pride Agenda.<\/span><\/p>\n<\/p>\n<p><span class=\"text1noticias\"> <\/span><\/p>\n<p><span class=\"text1noticias\"> <\/span><\/p>\n<p><span class=\"text1noticias\">Nueva York, NY, EEUU, 13 de agosto, El Gobernador Andrew Cuomo respald\u00f3 al Senador Adriano Espaillat en su propuesta de reelecci\u00f3n, citando el liderazgo de Espaillat en los temas de vivienda e inquilinos.<\/span><\/p>\n<\/p>\n<p><span class=\"text1noticias\">Las leyes de los alquileres que protegen a m\u00e1s de 2 millones de neoyorquinos y cerca de 1 mill\u00f3n de unidades de viviendas asequibles est\u00e1n programadas para renovarse el pr\u00f3ximo a\u00f1o; el Distrito Senatorial 31 representado por Espaillat tiene m\u00e1s apartamentos de alquileres estabilizados que ning\u00fan otro distrito del Senado en la ciudad de Nueva York o los condados circundantes.<\/span><\/p>\n<p><span class=\"text1noticias\"> <\/span><\/p>\n<p><span class=\"text1noticias\">En 2011, el Senador Espaillat fue nombrado \u00abhombre clave\u00bb de la Conferencia Dem\u00f3crata del Senado en las leyes de alquileres. A pesar de que el Senado estaba controlado por los republicanos, Espaillat y el Gobernador Cuomo tuvieron la capacidad de asegurar las primeras enmiendas pro-inquilinos en la Ley de Protecci\u00f3n de Inquilino de Emergencia en d\u00e9cadas y crear la Unidad de Protecci\u00f3n al Inquilinos que ha tomado medidas en\u00e9rgicas contra el acoso y el fraude de caseros en el Alto Manhattan. Espaillat tambi\u00e9n recibi\u00f3 el respaldo del Tenants PAC en julio.<\/span><\/p>\n<p><span class=\"text1noticias\"> <\/span><\/p>\n<p><span class=\"text1noticias\">\u00abMe siento orgulloso de respaldar al Senador Espaillat en su reelecci\u00f3n\u00bb, dijo el Gobernador Cuomo. \u00abEl Senador Espaillat ha sido un l\u00edder en temas de vivienda e inquilinos y un feroz defensor de sus constituyentes. Espero que los votantes del Distrito Senatorial 13 me acompa\u00f1en y den su apoyo a Adriano, para que as\u00ed podamos continuar trabajando juntos en la protecci\u00f3n de la vivienda asequible para todos los neoyorquinos\u00bb, se\u00f1al\u00f3.<\/span><\/p>\n<p><span class=\"text1noticias\"> <\/span><\/p>\n<p><span class=\"text1noticias\">\u00abM\u00e1s de dos millones de neoyorquinos dependen de nosotros para la renovaci\u00f3n y el fortalecimiento de las leyes de alquileres el pr\u00f3ximo a\u00f1os, y yo estoy agradecido del respaldo del Gobernador Cuomo\u00bb, dijo el Senador Adriano Espaillat. \u00abLos inquilinos de bajos ingresos en nuestra comunidad est\u00e1n gastando m\u00e1s del 50% de sus ingresos en alquiler, y los aumentos de los alquileres y el acoso de los caseros negligentes est\u00e1n sacando a las familias de sus viviendas. Tengo el compromiso de construir sobre el \u00e9xito que hemos logrado a trav\u00e9s de la creaci\u00f3n de la Unidad de Protecci\u00f3n al Inquilino antes de que m\u00e1s viviendas asequibles se pierdan\u00bb, expres\u00f3.<\/span><\/p>\n<p><span class=\"text1noticias\"> <\/span><\/p>\n<p><span class=\"text1noticias\">En el pasado mes, el Senador Adriano Espaillat tambi\u00e9n ha recibido el respaldo de importantes l\u00edderes y organizaciones progresistas, incluyendo la Defensora del Pueblo de la ciudad de Nueva York Letitia James, la L\u00edder de la Conferencia Dem\u00f3crata del Senado Andrea Stewart-Cousins, el L\u00edder Adjunto de la Conferencia Dem\u00f3crata del Senado Mike Gianaris, el Asamble\u00edsta Denny Farrell, los Concejales Ydanis Rodr\u00edguez y Mark Levine, el Partido de las Familias Trabajadoras, el sindicato 1199 SEIU United Healthcare Workers East, SEIU 32BJ, Teamsters 237, Mason Tenders District Union, Tenants PAC y la Empire State Pride Agenda.<\/span><\/p>\n<h6> 2014-08-13 19:13:51 <\/h6>\n<p><!--\n<link rel=\"stylesheet\" href=\"css\/bootstrap.min.css\">\n\n\n<ul class=\"pagination\">\n\t    \n\t\n\n<li >\n\t<a href='?page_no=14837'>Previous<\/a>\n\t<\/li>\n\n\n       \n    \n\n<li><a href='?page_no=1'>1<\/a><\/li>\n\n\n\n<li><a href='?page_no=2'>2<\/a><\/li>\n\n\n\n<li><a>...<\/a><\/li>\n\n\n\n<li><a href='?page_no=14836'>14836<\/a><\/li>\n\n\n\n<li><a href='?page_no=14837'>14837<\/a><\/li>\n\n\n\n<li class='active'><a>14838<\/a><\/li>\n\n\n\n<li><a href='?page_no=14839'>14839<\/a><\/li>\n\n\n\n<li><a href='?page_no=14840'>14840<\/a><\/li>\n\n\n\n<li><a>...<\/a><\/li>\n\n\n\n<li><a href='?page_no=36999'>36999<\/a><\/li>\n\n\n\n<li><a href='?page_no=37000'>37000<\/a><\/li>\n\n    \n\t\n\n<li >\n\t<a href='?page_no=14839'>Next<\/a>\n\t<\/li>\n\n\n    \n\n<li><a href='?page_no=37000'>Last &rsaquo;&rsaquo;<\/a><\/li>\n\n<\/ul>\n\n\n--><br \/>\n<\/body><\/p>\n","protected":false},"excerpt":{"rendered":"<p>Nueva York, NY, EEUU, 13 de agosto, El Gobernador Andrew Cuomo respald\u00f3 al Senador Adriano Espaillat en su propuesta de reelecci\u00f3n, citando el liderazgo de Espaillat en los temas de vivienda e inquilinos. Las leyes de los alquileres que protegen a m\u00e1s de 2 millones de neoyorquinos y cerca de 1 mill\u00f3n de unidades de [&hellip;]<\/p>\n","protected":false},"author":3,"featured_media":0,"comment_status":"open","ping_status":"open","sticky":false,"template":"","format":"standard","meta":{"footnotes":""},"categories":[22],"tags":[],"class_list":["post-162431","post","type-post","status-publish","format-standard","hentry","category-politica"],"_links":{"self":[{"href":"https:\/\/diariodominicano.com\/index.php?rest_route=\/wp\/v2\/posts\/162431","targetHints":{"allow":["GET"]}}],"collection":[{"href":"https:\/\/diariodominicano.com\/index.php?rest_route=\/wp\/v2\/posts"}],"about":[{"href":"https:\/\/diariodominicano.com\/index.php?rest_route=\/wp\/v2\/types\/post"}],"author":[{"embeddable":true,"href":"https:\/\/diariodominicano.com\/index.php?rest_route=\/wp\/v2\/users\/3"}],"replies":[{"embeddable":true,"href":"https:\/\/diariodominicano.com\/index.php?rest_route=%2Fwp%2Fv2%2Fcomments&post=162431"}],"version-history":[{"count":0,"href":"https:\/\/diariodominicano.com\/index.php?rest_route=\/wp\/v2\/posts\/162431\/revisions"}],"wp:attachment":[{"href":"https:\/\/diariodominicano.com\/index.php?rest_route=%2Fwp%2Fv2%2Fmedia&parent=162431"}],"wp:term":[{"taxonomy":"category","embeddable":true,"href":"https:\/\/diariodominicano.com\/index.php?rest_route=%2Fwp%2Fv2%2Fcategories&post=162431"},{"taxonomy":"post_tag","embeddable":true,"href":"https:\/\/diariodominicano.com\/index.php?rest_route=%2Fwp%2Fv2%2Ftags&post=162431"}],"curies":[{"name":"wp","href":"https:\/\/api.w.org\/{rel}","templated":true}]}}