{"id":162430,"date":"2014-08-13T19:35:36","date_gmt":"2014-08-13T19:35:36","guid":{"rendered":"http:\/\/diariodominicano.ddns.net\/?p=162430"},"modified":"2014-08-13T19:35:36","modified_gmt":"2014-08-13T19:35:36","slug":"senador-eddy-mateo-entrega-utiles-escolares-a-ninos-en-barahona","status":"publish","type":"post","link":"https:\/\/diariodominicano.com\/?p=162430","title":{"rendered":"&#13;&#13;Senador Eddy Mateo entrega \u00fatiles escolares a ni\u00f1os en Barahona"},"content":{"rendered":"<p><body><\/p>\n<p><img decoding=\"async\" src=\"http:\/\/localhost:8080\/img3\/eddyni%C3%83%C2%B10s.jpg\" \/>  <\/p>\n<\/p>\n<p>Barahona, RD, 13 de agosto.- El senador del Partido de la Liberaci\u00f3n Dominicana (PLD), Eddy Mateo V\u00e1squez, entreg\u00f3 mochilas conteniendo \u00fatiles escolares a decenas de ni\u00f1os y ni\u00f1as residentes de esta ciudad.<\/p>\n<\/p>\n<p>El acto de entrega fue realizado en la residencia del congresista ubicada en la calle S\u00f3crates Lagares de esta demarcaci\u00f3n.<\/p>\n<\/p>\n<p>Las mochilas entregadas contienen, mascotas, l\u00e1pices  a colores y de carb\u00f3n, sacapuntas, reglas, borradores, lapiceros entre otros art\u00edculos escolares.<\/p>\n<\/p>\n<p>Los padres de los ni\u00f1os y ni\u00f1as agradecieron el gesto del legislador Mateo V\u00e1squez, con sus hijos,  y expresaron que tienen asegurados los \u00fatiles escolares para el a\u00f1o escolar 2014-2015.<\/p>\n<\/p>\n<p>A la entrega de los utensilios acudieron ni\u00f1os y ni\u00f1as de los barrios Villa Estela, Palmarito, El Cacique, Savica, Los barracones de Jabid, Los Guandules, La Raqueta  y Camboya.<\/p>\n<\/p>\n<p>Tambi\u00e9n de Las Flores, Alto Velo, Pueblo Nuevo, La Playa, 30 de Mayo, Canta la Rana, Enriquillo, Baitoita, Casandra entre otros.<\/p>\n<p>Mateo V\u00e1squez dijo que esos \u00fatiles entregados son con miras al pr\u00f3ximo a\u00f1o escolar que se inicia este lunes 18.<\/p>\n<\/p>\n<p>El senador del oficialista indic\u00f3 que la entrega de mochilas se realiza en los 11 municipios y distrito municipales de esta provincia.<\/p>\n<\/p>\n<p>La entrega de \u00fatiles escolares por parte de Mateo V\u00e1squez es una tradici\u00f3n desde que era s\u00edndico de este municipio, diputado, gobernador y diputado al Parlacen.<\/p>\n<h6> 2014-08-13 19:35:36 <\/h6>\n<p><!--\n<link rel=\"stylesheet\" href=\"css\/bootstrap.min.css\">\n\n\n<ul class=\"pagination\">\n\t    \n\t\n\n<li >\n\t<a href='?page_no=14836'>Previous<\/a>\n\t<\/li>\n\n\n       \n    \n\n<li><a href='?page_no=1'>1<\/a><\/li>\n\n\n\n<li><a href='?page_no=2'>2<\/a><\/li>\n\n\n\n<li><a>...<\/a><\/li>\n\n\n\n<li><a href='?page_no=14835'>14835<\/a><\/li>\n\n\n\n<li><a href='?page_no=14836'>14836<\/a><\/li>\n\n\n\n<li class='active'><a>14837<\/a><\/li>\n\n\n\n<li><a href='?page_no=14838'>14838<\/a><\/li>\n\n\n\n<li><a href='?page_no=14839'>14839<\/a><\/li>\n\n\n\n<li><a>...<\/a><\/li>\n\n\n\n<li><a href='?page_no=36999'>36999<\/a><\/li>\n\n\n\n<li><a href='?page_no=37000'>37000<\/a><\/li>\n\n    \n\t\n\n<li >\n\t<a href='?page_no=14838'>Next<\/a>\n\t<\/li>\n\n\n    \n\n<li><a href='?page_no=37000'>Last &rsaquo;&rsaquo;<\/a><\/li>\n\n<\/ul>\n\n\n--><br \/>\n<\/body><\/p>\n","protected":false},"excerpt":{"rendered":"<p>Barahona, RD, 13 de agosto.- El senador del Partido de la Liberaci\u00f3n Dominicana (PLD), Eddy Mateo V\u00e1squez, entreg\u00f3 mochilas conteniendo \u00fatiles escolares a decenas de ni\u00f1os y ni\u00f1as residentes de esta ciudad. El acto de entrega fue realizado en la residencia del congresista ubicada en la calle S\u00f3crates Lagares de esta demarcaci\u00f3n. Las mochilas entregadas [&hellip;]<\/p>\n","protected":false},"author":3,"featured_media":0,"comment_status":"open","ping_status":"open","sticky":false,"template":"","format":"standard","meta":{"footnotes":""},"categories":[22],"tags":[],"class_list":["post-162430","post","type-post","status-publish","format-standard","hentry","category-politica"],"_links":{"self":[{"href":"https:\/\/diariodominicano.com\/index.php?rest_route=\/wp\/v2\/posts\/162430","targetHints":{"allow":["GET"]}}],"collection":[{"href":"https:\/\/diariodominicano.com\/index.php?rest_route=\/wp\/v2\/posts"}],"about":[{"href":"https:\/\/diariodominicano.com\/index.php?rest_route=\/wp\/v2\/types\/post"}],"author":[{"embeddable":true,"href":"https:\/\/diariodominicano.com\/index.php?rest_route=\/wp\/v2\/users\/3"}],"replies":[{"embeddable":true,"href":"https:\/\/diariodominicano.com\/index.php?rest_route=%2Fwp%2Fv2%2Fcomments&post=162430"}],"version-history":[{"count":0,"href":"https:\/\/diariodominicano.com\/index.php?rest_route=\/wp\/v2\/posts\/162430\/revisions"}],"wp:attachment":[{"href":"https:\/\/diariodominicano.com\/index.php?rest_route=%2Fwp%2Fv2%2Fmedia&parent=162430"}],"wp:term":[{"taxonomy":"category","embeddable":true,"href":"https:\/\/diariodominicano.com\/index.php?rest_route=%2Fwp%2Fv2%2Fcategories&post=162430"},{"taxonomy":"post_tag","embeddable":true,"href":"https:\/\/diariodominicano.com\/index.php?rest_route=%2Fwp%2Fv2%2Ftags&post=162430"}],"curies":[{"name":"wp","href":"https:\/\/api.w.org\/{rel}","templated":true}]}}