{"id":162429,"date":"2014-08-13T19:36:00","date_gmt":"2014-08-13T19:36:00","guid":{"rendered":"http:\/\/diariodominicano.ddns.net\/?p=162429"},"modified":"2014-08-13T19:36:00","modified_gmt":"2014-08-13T19:36:00","slug":"miguel-mejia-define-a-fidel-castro-reserva-moral-para-la-clase-politica-universal","status":"publish","type":"post","link":"https:\/\/diariodominicano.com\/?p=162429","title":{"rendered":"Miguel Mej\u00eda define a Fidel Castro reserva moral para la clase pol\u00edtica universal"},"content":{"rendered":"<p><body><\/p>\n<p><img decoding=\"async\" src=\"http:\/\/localhost:8080\/img3\/MIGUEL.jpg\" \/>  <\/p>\n<p><span class=\"text1noticias\">Santo Domingo, RD, 13 de Agosto.-El Secretario General del Movimiento Izquierda Unida (MIU) de Rep\u00fablica Dominicana, Miguel Mej\u00eda, felicit\u00f3 al Comandante y l\u00edder de la Revoluci\u00f3n cubana, Fidel Castro, por su cumplea\u00f1os 88, ocasi\u00f3n que aprovech\u00f3 para definirlo como un ejemplo de firmeza, coraje, fuerza de resistencia y, sobre todo, una reserva moral ante el estado de involuci\u00f3n que acosa a la clase pol\u00edtica universal.<\/span><\/p>\n<\/p>\n<p><span class=\"text1noticias\">En nombre del Movimiento Izquierda Unida, Miguel Mej\u00eda expres\u00f3 su gratitud de dirigirle una misiva al comandante Fidel Castro, con ocasi\u00f3n de su natalicio en esta fecha, \u00abcelebrando junto a Usted y su familia, al Partido Comunista de Cuba, al Gobierno y al pueblo cubano, su 88 cumplea\u00f1os\u00bb.<\/span><\/p>\n<\/p>\n<p><span class=\"text1noticias\">Exponemos \u00edntegro el texto de la comunicaci\u00f3n remitida al comandante Castro por el Secretario General del MIU y Ministro para Pol\u00edticas de Integraci\u00f3n Regional del Gobierno dominicano:<\/span><\/p>\n<p><span class=\"text1noticias\">\u00abAgosto 13, de 2014.<\/span><\/p>\n<\/p>\n<p><span class=\"text1noticias\">\u00abComandante <\/span><\/p>\n<p><span class=\"text1noticias\">Fidel Castro Ruz<\/span><\/p>\n<p><span class=\"text1noticias\">L\u00edder de la Revoluci\u00f3n Cubana<\/span><\/p>\n<p><span class=\"text1noticias\">La Habana, Cuba.<\/span><\/p>\n<\/p>\n<p><span class=\"text1noticias\">\u00abV\u00eda : Compa\u00f1ero Alexis Bandrich Vega<\/span><\/p>\n<p><span class=\"text1noticias\">         Embajador de la Rep\u00fablica de Cuba en Rep\u00fablica Dominicana.<\/span><\/p>\n<\/p>\n<p><span class=\"text1noticias\">\u00abEstimado Comandante y amigo:<\/span><\/p>\n<\/p>\n<p><span class=\"text1noticias\">\u00abNos es grato dirigirle esta misiva con ocasi\u00f3n de su natalicio en esta fecha, celebrando junto a Usted y su familia, al Partido Comunista de Cuba, al Gobierno y al pueblo cubano, su 88 cumplea\u00f1os.<\/span><\/p>\n<\/p>\n<p><span class=\"text1noticias\">\u00abEsta fecha y celebraci\u00f3n nos llena de orgullo, de firmeza y de motivaci\u00f3n para seguir adelante trillando el camino que iniciamos hace d\u00e9cadas los revolucionarios del mundo, desde distintas realidades y posiciones geogr\u00e1ficas, pero convencidos de luchar contra el enemigo com\u00fan; decimos que nos llena de orgullo, porque en Usted, Comandante, tenemos el ejemplo de la firmeza, el coraje, la fuerza de resistencia y, sobre todo, la reserva moral, ante el estado de involuci\u00f3n que acosa a la clase pol\u00edtica universal, como consecuencia de la mano hegem\u00f3nica, injerencista y corruptora del enemigo.<\/span><\/p>\n<\/p>\n<p><span class=\"text1noticias\">\u00abSu estirpe como revolucionario y estadista, a\u00f1adido a su calidad humana; la batalla que ha sabido y podido librar con su estado de salud, le mantienen en pi\u00e9 y al frente, como siempre, protagonizando importantes epopeyas por el bienestar de nuestros pueblos. Por eso hoy, celebramos con alegr\u00eda este nuevo aniversario de su natalicio, dese\u00e1ndole buena salud y larga vida que le permita dar m\u00e1s y m\u00e1s a su noble causa, y a nosotros, sus amigos y seguidores, disfrutar de los frutos de su ejemplo y sabidur\u00eda.<\/span><\/p>\n<\/p>\n<p><span class=\"text1noticias\">\u00abReciba un fuerte abrazo, de mi persona y de la dirigencia y militancia de nuestro Movimiento Izquierda Unida\u00bb.<\/span><\/p>\n<\/p>\n<p><span class=\"text1noticias\">Miguel Mej\u00eda<\/span><\/p>\n<p><span class=\"text1noticias\">Secretario General.(HG)<\/span>.<\/p>\n<h6> 2014-08-13 19:36:00 <\/h6>\n<p><!--\n<link rel=\"stylesheet\" href=\"css\/bootstrap.min.css\">\n\n\n<ul class=\"pagination\">\n\t    \n\t\n\n<li >\n\t<a href='?page_no=14835'>Previous<\/a>\n\t<\/li>\n\n\n       \n    \n\n<li><a href='?page_no=1'>1<\/a><\/li>\n\n\n\n<li><a href='?page_no=2'>2<\/a><\/li>\n\n\n\n<li><a>...<\/a><\/li>\n\n\n\n<li><a href='?page_no=14834'>14834<\/a><\/li>\n\n\n\n<li><a href='?page_no=14835'>14835<\/a><\/li>\n\n\n\n<li class='active'><a>14836<\/a><\/li>\n\n\n\n<li><a href='?page_no=14837'>14837<\/a><\/li>\n\n\n\n<li><a href='?page_no=14838'>14838<\/a><\/li>\n\n\n\n<li><a>...<\/a><\/li>\n\n\n\n<li><a href='?page_no=36999'>36999<\/a><\/li>\n\n\n\n<li><a href='?page_no=37000'>37000<\/a><\/li>\n\n    \n\t\n\n<li >\n\t<a href='?page_no=14837'>Next<\/a>\n\t<\/li>\n\n\n    \n\n<li><a href='?page_no=37000'>Last &rsaquo;&rsaquo;<\/a><\/li>\n\n<\/ul>\n\n\n--><br \/>\n<\/body><\/p>\n","protected":false},"excerpt":{"rendered":"<p>Santo Domingo, RD, 13 de Agosto.-El Secretario General del Movimiento Izquierda Unida (MIU) de Rep\u00fablica Dominicana, Miguel Mej\u00eda, felicit\u00f3 al Comandante y l\u00edder de la Revoluci\u00f3n cubana, Fidel Castro, por su cumplea\u00f1os 88, ocasi\u00f3n que aprovech\u00f3 para definirlo como un ejemplo de firmeza, coraje, fuerza de resistencia y, sobre todo, una reserva moral ante el [&hellip;]<\/p>\n","protected":false},"author":3,"featured_media":0,"comment_status":"open","ping_status":"open","sticky":false,"template":"","format":"standard","meta":{"footnotes":""},"categories":[22],"tags":[],"class_list":["post-162429","post","type-post","status-publish","format-standard","hentry","category-politica"],"_links":{"self":[{"href":"https:\/\/diariodominicano.com\/index.php?rest_route=\/wp\/v2\/posts\/162429","targetHints":{"allow":["GET"]}}],"collection":[{"href":"https:\/\/diariodominicano.com\/index.php?rest_route=\/wp\/v2\/posts"}],"about":[{"href":"https:\/\/diariodominicano.com\/index.php?rest_route=\/wp\/v2\/types\/post"}],"author":[{"embeddable":true,"href":"https:\/\/diariodominicano.com\/index.php?rest_route=\/wp\/v2\/users\/3"}],"replies":[{"embeddable":true,"href":"https:\/\/diariodominicano.com\/index.php?rest_route=%2Fwp%2Fv2%2Fcomments&post=162429"}],"version-history":[{"count":0,"href":"https:\/\/diariodominicano.com\/index.php?rest_route=\/wp\/v2\/posts\/162429\/revisions"}],"wp:attachment":[{"href":"https:\/\/diariodominicano.com\/index.php?rest_route=%2Fwp%2Fv2%2Fmedia&parent=162429"}],"wp:term":[{"taxonomy":"category","embeddable":true,"href":"https:\/\/diariodominicano.com\/index.php?rest_route=%2Fwp%2Fv2%2Fcategories&post=162429"},{"taxonomy":"post_tag","embeddable":true,"href":"https:\/\/diariodominicano.com\/index.php?rest_route=%2Fwp%2Fv2%2Ftags&post=162429"}],"curies":[{"name":"wp","href":"https:\/\/api.w.org\/{rel}","templated":true}]}}