{"id":162426,"date":"2014-08-14T15:55:56","date_gmt":"2014-08-14T15:55:56","guid":{"rendered":"http:\/\/diariodominicano.ddns.net\/?p=162426"},"modified":"2014-08-14T15:55:56","modified_gmt":"2014-08-14T15:55:56","slug":"reinaldo-pared-perez-considera-aventura-impulsar-reeleccion-del-presidente-medina","status":"publish","type":"post","link":"https:\/\/diariodominicano.com\/?p=162426","title":{"rendered":"Reinaldo Pared P\u00e9rez considera aventura impulsar reelecci\u00f3n del presidente Medina"},"content":{"rendered":"<p><body><\/p>\n<p><img decoding=\"async\" src=\"img3\/rtey 14.jpeg\" \/>  <\/p>\n<p>Santo Domingo RD 14 agosto.- El presidente del Senado, Reinaldo Pared P\u00e9rez, defini\u00f3 como \u00abuna aventura\u00bb impulsar un proyecto reeleccionista en este momento, debido a que la constituci\u00f3n de la Rep\u00fablica no lo permite.<\/p>\n<\/p>\n<p>Asegura que si la reelecci\u00f3n estuviera permitida, con la popularidad que posee Danilo Medina, todo el Partido de la Liberaci\u00f3n Dominicana (PLD) estar\u00eda detr\u00e1s de \u00e9l respald\u00e1ndolo para que el partido siga en el poder.<\/p>\n<\/p>\n<p>Dijo, sin embargo, que al estar prohibida la reelecci\u00f3n, dedicarse a impulsar la permanencia de Medina en el poder es una aventura que no conduce a nada positivo.<\/p>\n<\/p>\n<p>Con relaci\u00f3n a una posible postulaci\u00f3n de Leonel Fern\u00e1ndez, garantiz\u00f3 que si este es escogido candidato del PLD, todos los dirigentes y militantes de esa organizaci\u00f3n se sumar\u00e1n a trabajar por su retorno al poder en los pr\u00f3ximos comicios.<\/p>\n<\/p>\n<p>Aclar\u00f3 que, por el momento, \u00e9l sigue buscando la candidatura  por el PLD y mantiene firme sus aspiraciones.<\/p>\n<h6> 2014-08-14 15:55:56 <\/h6>\n<p><!--\n<link rel=\"stylesheet\" href=\"css\/bootstrap.min.css\">\n\n\n<ul class=\"pagination\">\n\t    \n\t\n\n<li >\n\t<a href='?page_no=14832'>Previous<\/a>\n\t<\/li>\n\n\n       \n    \n\n<li><a href='?page_no=1'>1<\/a><\/li>\n\n\n\n<li><a href='?page_no=2'>2<\/a><\/li>\n\n\n\n<li><a>...<\/a><\/li>\n\n\n\n<li><a href='?page_no=14831'>14831<\/a><\/li>\n\n\n\n<li><a href='?page_no=14832'>14832<\/a><\/li>\n\n\n\n<li class='active'><a>14833<\/a><\/li>\n\n\n\n<li><a href='?page_no=14834'>14834<\/a><\/li>\n\n\n\n<li><a href='?page_no=14835'>14835<\/a><\/li>\n\n\n\n<li><a>...<\/a><\/li>\n\n\n\n<li><a href='?page_no=36999'>36999<\/a><\/li>\n\n\n\n<li><a href='?page_no=37000'>37000<\/a><\/li>\n\n    \n\t\n\n<li >\n\t<a href='?page_no=14834'>Next<\/a>\n\t<\/li>\n\n\n    \n\n<li><a href='?page_no=37000'>Last &rsaquo;&rsaquo;<\/a><\/li>\n\n<\/ul>\n\n\n--><br \/>\n<\/body><\/p>\n","protected":false},"excerpt":{"rendered":"<p>Santo Domingo RD 14 agosto.- El presidente del Senado, Reinaldo Pared P\u00e9rez, defini\u00f3 como \u00abuna aventura\u00bb impulsar un proyecto reeleccionista en este momento, debido a que la constituci\u00f3n de la Rep\u00fablica no lo permite. Asegura que si la reelecci\u00f3n estuviera permitida, con la popularidad que posee Danilo Medina, todo el Partido de la Liberaci\u00f3n Dominicana [&hellip;]<\/p>\n","protected":false},"author":3,"featured_media":0,"comment_status":"open","ping_status":"open","sticky":false,"template":"","format":"standard","meta":{"footnotes":""},"categories":[22],"tags":[],"class_list":["post-162426","post","type-post","status-publish","format-standard","hentry","category-politica"],"_links":{"self":[{"href":"https:\/\/diariodominicano.com\/index.php?rest_route=\/wp\/v2\/posts\/162426","targetHints":{"allow":["GET"]}}],"collection":[{"href":"https:\/\/diariodominicano.com\/index.php?rest_route=\/wp\/v2\/posts"}],"about":[{"href":"https:\/\/diariodominicano.com\/index.php?rest_route=\/wp\/v2\/types\/post"}],"author":[{"embeddable":true,"href":"https:\/\/diariodominicano.com\/index.php?rest_route=\/wp\/v2\/users\/3"}],"replies":[{"embeddable":true,"href":"https:\/\/diariodominicano.com\/index.php?rest_route=%2Fwp%2Fv2%2Fcomments&post=162426"}],"version-history":[{"count":0,"href":"https:\/\/diariodominicano.com\/index.php?rest_route=\/wp\/v2\/posts\/162426\/revisions"}],"wp:attachment":[{"href":"https:\/\/diariodominicano.com\/index.php?rest_route=%2Fwp%2Fv2%2Fmedia&parent=162426"}],"wp:term":[{"taxonomy":"category","embeddable":true,"href":"https:\/\/diariodominicano.com\/index.php?rest_route=%2Fwp%2Fv2%2Fcategories&post=162426"},{"taxonomy":"post_tag","embeddable":true,"href":"https:\/\/diariodominicano.com\/index.php?rest_route=%2Fwp%2Fv2%2Ftags&post=162426"}],"curies":[{"name":"wp","href":"https:\/\/api.w.org\/{rel}","templated":true}]}}