{"id":162425,"date":"2014-08-14T18:45:34","date_gmt":"2014-08-14T18:45:34","guid":{"rendered":"http:\/\/diariodominicano.ddns.net\/?p=162425"},"modified":"2014-08-14T18:45:34","modified_gmt":"2014-08-14T18:45:34","slug":"senador-galan-valora-liciten-obras-por-rd240-millones-a-realizase-en-el-politecnico-loyola","status":"publish","type":"post","link":"https:\/\/diariodominicano.com\/?p=162425","title":{"rendered":"&#13;&#13;&#13;Senador Gal\u00e1n valora liciten obras por RD$240 millones a realizase en el Polit\u00e9cnico Loyola"},"content":{"rendered":"<p><body><\/p>\n<p><img decoding=\"async\" src=\"img3\/ptepalaza.jpg\" \/>  <\/p>\n<\/p>\n<p><span class=\"text1noticias\">San Crist\u00f3bal, RD.-14 agosto .- El senador Tommy Gal\u00e1n valor\u00f3 y calific\u00f3 como altamente positivo las licitaciones a final de este mes de varias obras por m\u00e1s de 300 millones de pesos a ser realizadas en el Instituto Polit\u00e9cnico Loyola (IPL).<\/span><\/p>\n<p><span class=\"text1noticias\"> <\/span><\/p>\n<p><span class=\"text1noticias\">Resalt\u00f3 la transparencia en los sorteos para optar para la construcci\u00f3n del Centro de Investigaci\u00f3n e Innovaci\u00f3n Cient\u00edfica que ejecutar\u00e1 en Gobierno en el Instituto Polit\u00e9cnico Loyola (IPL), con una inversi\u00f3n de 214 millones de pesos.<\/span><\/p>\n<p><span class=\"text1noticias\"> <\/span><\/p>\n<p><span class=\"text1noticias\">Tambi\u00e9n ser\u00e1n invertidos por el Gobierno otros 46 millones pesos, que ser\u00e1n licitados para la remodelaci\u00f3n del Pabell\u00f3n I, las aceras, verjas, parqueos y canchas<\/span><\/p>\n<p><span class=\"text1noticias\"> <\/span><\/p>\n<p><span class=\"text1noticias\">\u00abNosotros saludamos y ponderamos que se llame a licitaci\u00f3n o concurso para construcciones de esas importantes obras en el IPL\u00bb, dijo Gal\u00e1n, quien realiz\u00f3 sus estudios primarios en este centro.<\/span><\/p>\n<p><span class=\"text1noticias\"> <\/span><\/p>\n<p><span class=\"text1noticias\">Precisamente el presidente Danilo Medina dej\u00f3 iniciados los trabajos de varias obras por un monto de 93 millones de pesos.<\/span><\/p>\n<p><span class=\"text1noticias\"> <\/span><\/p>\n<p><span class=\"text1noticias\">Entre esas obras figuran las construcciones de 30 aulas, 26 oficinas y laboratorios, adem\u00e1s de un m\u00f3dulo de oficinas para profesores y el Centro Estudiantil.<\/span><\/p>\n<p><span class=\"text1noticias\"> <\/span><\/p>\n<p><span class=\"text1noticias\">Esos trabajos son realizados a trav\u00e9s del Plan Nacional de Edificaciones Escolares de el Ministerio de Obras P\u00fablicas (MOPC).<\/span><\/p>\n<h6> 2014-08-14 18:45:34 <\/h6>\n<p><!--\n<link rel=\"stylesheet\" href=\"css\/bootstrap.min.css\">\n\n\n<ul class=\"pagination\">\n\t    \n\t\n\n<li >\n\t<a href='?page_no=14831'>Previous<\/a>\n\t<\/li>\n\n\n       \n    \n\n<li><a href='?page_no=1'>1<\/a><\/li>\n\n\n\n<li><a href='?page_no=2'>2<\/a><\/li>\n\n\n\n<li><a>...<\/a><\/li>\n\n\n\n<li><a href='?page_no=14830'>14830<\/a><\/li>\n\n\n\n<li><a href='?page_no=14831'>14831<\/a><\/li>\n\n\n\n<li class='active'><a>14832<\/a><\/li>\n\n\n\n<li><a href='?page_no=14833'>14833<\/a><\/li>\n\n\n\n<li><a href='?page_no=14834'>14834<\/a><\/li>\n\n\n\n<li><a>...<\/a><\/li>\n\n\n\n<li><a href='?page_no=36999'>36999<\/a><\/li>\n\n\n\n<li><a href='?page_no=37000'>37000<\/a><\/li>\n\n    \n\t\n\n<li >\n\t<a href='?page_no=14833'>Next<\/a>\n\t<\/li>\n\n\n    \n\n<li><a href='?page_no=37000'>Last &rsaquo;&rsaquo;<\/a><\/li>\n\n<\/ul>\n\n\n--><br \/>\n<\/body><\/p>\n","protected":false},"excerpt":{"rendered":"<p>San Crist\u00f3bal, RD.-14 agosto .- El senador Tommy Gal\u00e1n valor\u00f3 y calific\u00f3 como altamente positivo las licitaciones a final de este mes de varias obras por m\u00e1s de 300 millones de pesos a ser realizadas en el Instituto Polit\u00e9cnico Loyola (IPL). Resalt\u00f3 la transparencia en los sorteos para optar para la construcci\u00f3n del Centro de [&hellip;]<\/p>\n","protected":false},"author":3,"featured_media":0,"comment_status":"open","ping_status":"open","sticky":false,"template":"","format":"standard","meta":{"footnotes":""},"categories":[22],"tags":[],"class_list":["post-162425","post","type-post","status-publish","format-standard","hentry","category-politica"],"_links":{"self":[{"href":"https:\/\/diariodominicano.com\/index.php?rest_route=\/wp\/v2\/posts\/162425","targetHints":{"allow":["GET"]}}],"collection":[{"href":"https:\/\/diariodominicano.com\/index.php?rest_route=\/wp\/v2\/posts"}],"about":[{"href":"https:\/\/diariodominicano.com\/index.php?rest_route=\/wp\/v2\/types\/post"}],"author":[{"embeddable":true,"href":"https:\/\/diariodominicano.com\/index.php?rest_route=\/wp\/v2\/users\/3"}],"replies":[{"embeddable":true,"href":"https:\/\/diariodominicano.com\/index.php?rest_route=%2Fwp%2Fv2%2Fcomments&post=162425"}],"version-history":[{"count":0,"href":"https:\/\/diariodominicano.com\/index.php?rest_route=\/wp\/v2\/posts\/162425\/revisions"}],"wp:attachment":[{"href":"https:\/\/diariodominicano.com\/index.php?rest_route=%2Fwp%2Fv2%2Fmedia&parent=162425"}],"wp:term":[{"taxonomy":"category","embeddable":true,"href":"https:\/\/diariodominicano.com\/index.php?rest_route=%2Fwp%2Fv2%2Fcategories&post=162425"},{"taxonomy":"post_tag","embeddable":true,"href":"https:\/\/diariodominicano.com\/index.php?rest_route=%2Fwp%2Fv2%2Ftags&post=162425"}],"curies":[{"name":"wp","href":"https:\/\/api.w.org\/{rel}","templated":true}]}}