{"id":162424,"date":"2014-08-14T18:53:57","date_gmt":"2014-08-14T18:53:57","guid":{"rendered":"http:\/\/diariodominicano.ddns.net\/?p=162424"},"modified":"2014-08-14T18:53:57","modified_gmt":"2014-08-14T18:53:57","slug":"director-del-cei-rd-expone-esta-tarde-en-la-casa-nacional-del-pld","status":"publish","type":"post","link":"https:\/\/diariodominicano.com\/?p=162424","title":{"rendered":"&#13;&#13;&#13;Director del CEI-RD expone esta tarde en la Casa Nacional del PLD"},"content":{"rendered":"<p><body><\/p>\n<p><img decoding=\"async\" src=\"img3\/alaim.jpg\" \/><br \/><img decoding=\"async\" src=\"img3\/alaim.jpg\" \/>  <\/p>\n<\/p>\n<p><span class=\"text1noticias\"> <\/span><\/p>\n<p><span class=\"text1noticias\">Santo Domingo, RD, 14 de agosto.-La Mesa del Dialogo de  la Juventud del PLD invit\u00f3  para esta tarde a la exposici\u00f3n:\u00bb Rep\u00fablica Dominicana: Oportunidades de Comercio e Inversi\u00f3n\u00bb a cargo del   miembro del Comit\u00e9 Central del PLD y Director Ejecutivo del Centro de Exportaci\u00f3n e Inversi\u00f3n de Rep\u00fablica Dominicana (CEI-RD), Jean Alain Rodr\u00edguez.<\/span><\/p>\n<p><span class=\"text1noticias\"> <\/span><\/p>\n<p><span class=\"text1noticias\">El encuentro est\u00e1 pautado para las 6:30 de la tarde y contar\u00e1 con la presencia de j\u00f3venes del PLD  y  p\u00fablico  en general que asisten cada jueves a la Casa Nacional del partido morado  <\/span><\/p>\n<p><span class=\"text1noticias\"> <\/span><\/p>\n<p><span class=\"text1noticias\">Jean Alain Rodr\u00edguez, asisti\u00f3 esta misma semana a un encuentro organizado por la juventud del PLD para hacer entrega de los galardones obtenidos por j\u00f3venes del partido que participaron en el Premio Nacional; \u00abPremio a la Excelencia Juvenil Profesor Juan Bosch\u00bb<\/span><\/p>\n<p><span class=\"text1noticias\"> <\/span><\/p>\n<p><span class=\"text1noticias\">Hasta el momento por el foro conocido como  Mesa del Dialogo han desfilado un gran n\u00famero de importantes panelistas, incluyendo alcalde, legisladores, autoridades nacionales y dirigentes pol\u00edticos enfocando diversos temas de inter\u00e9s nacional.<\/span><\/p>\n<p><span class=\"text1noticias\"> <\/span><\/p>\n<p><span class=\"text1noticias\">Mediante un comunicado enviado a trav\u00e9s de  la Secretar\u00eda de Comunicaciones del PLD, el secretario de la juventud pelede\u00edsta Franklin Rodr\u00edguez,  invita a los miembros de la entidad a participar masivamente de este encuentro con el doctor Jean Alain Rodr\u00edguez para tratar el tema de las inversiones en el pa\u00eds.<\/span><\/p>\n<h6> 2014-08-14 18:53:57 <\/h6>\n<p><!--\n<link rel=\"stylesheet\" href=\"css\/bootstrap.min.css\">\n\n\n<ul class=\"pagination\">\n\t    \n\t\n\n<li >\n\t<a href='?page_no=14830'>Previous<\/a>\n\t<\/li>\n\n\n       \n    \n\n<li><a href='?page_no=1'>1<\/a><\/li>\n\n\n\n<li><a href='?page_no=2'>2<\/a><\/li>\n\n\n\n<li><a>...<\/a><\/li>\n\n\n\n<li><a href='?page_no=14829'>14829<\/a><\/li>\n\n\n\n<li><a href='?page_no=14830'>14830<\/a><\/li>\n\n\n\n<li class='active'><a>14831<\/a><\/li>\n\n\n\n<li><a href='?page_no=14832'>14832<\/a><\/li>\n\n\n\n<li><a href='?page_no=14833'>14833<\/a><\/li>\n\n\n\n<li><a>...<\/a><\/li>\n\n\n\n<li><a href='?page_no=36999'>36999<\/a><\/li>\n\n\n\n<li><a href='?page_no=37000'>37000<\/a><\/li>\n\n    \n\t\n\n<li >\n\t<a href='?page_no=14832'>Next<\/a>\n\t<\/li>\n\n\n    \n\n<li><a href='?page_no=37000'>Last &rsaquo;&rsaquo;<\/a><\/li>\n\n<\/ul>\n\n\n--><br \/>\n<\/body><\/p>\n","protected":false},"excerpt":{"rendered":"<p>Santo Domingo, RD, 14 de agosto.-La Mesa del Dialogo de la Juventud del PLD invit\u00f3 para esta tarde a la exposici\u00f3n:\u00bb Rep\u00fablica Dominicana: Oportunidades de Comercio e Inversi\u00f3n\u00bb a cargo del miembro del Comit\u00e9 Central del PLD y Director Ejecutivo del Centro de Exportaci\u00f3n e Inversi\u00f3n de Rep\u00fablica Dominicana (CEI-RD), Jean Alain Rodr\u00edguez. El encuentro [&hellip;]<\/p>\n","protected":false},"author":3,"featured_media":0,"comment_status":"open","ping_status":"open","sticky":false,"template":"","format":"standard","meta":{"footnotes":""},"categories":[22],"tags":[],"class_list":["post-162424","post","type-post","status-publish","format-standard","hentry","category-politica"],"_links":{"self":[{"href":"https:\/\/diariodominicano.com\/index.php?rest_route=\/wp\/v2\/posts\/162424","targetHints":{"allow":["GET"]}}],"collection":[{"href":"https:\/\/diariodominicano.com\/index.php?rest_route=\/wp\/v2\/posts"}],"about":[{"href":"https:\/\/diariodominicano.com\/index.php?rest_route=\/wp\/v2\/types\/post"}],"author":[{"embeddable":true,"href":"https:\/\/diariodominicano.com\/index.php?rest_route=\/wp\/v2\/users\/3"}],"replies":[{"embeddable":true,"href":"https:\/\/diariodominicano.com\/index.php?rest_route=%2Fwp%2Fv2%2Fcomments&post=162424"}],"version-history":[{"count":0,"href":"https:\/\/diariodominicano.com\/index.php?rest_route=\/wp\/v2\/posts\/162424\/revisions"}],"wp:attachment":[{"href":"https:\/\/diariodominicano.com\/index.php?rest_route=%2Fwp%2Fv2%2Fmedia&parent=162424"}],"wp:term":[{"taxonomy":"category","embeddable":true,"href":"https:\/\/diariodominicano.com\/index.php?rest_route=%2Fwp%2Fv2%2Fcategories&post=162424"},{"taxonomy":"post_tag","embeddable":true,"href":"https:\/\/diariodominicano.com\/index.php?rest_route=%2Fwp%2Fv2%2Ftags&post=162424"}],"curies":[{"name":"wp","href":"https:\/\/api.w.org\/{rel}","templated":true}]}}