{"id":162423,"date":"2014-08-14T19:24:40","date_gmt":"2014-08-14T19:24:40","guid":{"rendered":"http:\/\/diariodominicano.ddns.net\/?p=162423"},"modified":"2014-08-14T19:24:40","modified_gmt":"2014-08-14T19:24:40","slug":"ditren-pacto-procura-que-municipalidad-se-muestre-madura-y-responsable","status":"publish","type":"post","link":"https:\/\/diariodominicano.com\/?p=162423","title":{"rendered":"&#13;&#13;Ditr\u00e9n: Pacto procura que municipalidad se muestre madura y responsable"},"content":{"rendered":"<p><body><\/p>\n<p><img decoding=\"async\" src=\"img3\/pacto.jpg\" \/>  <\/p>\n<p><span class=\"text1noticias\">Santo Domingo, RD, 14 de agosto.- El  Partido de la Liberaci\u00f3n Dominicana (PLD) suscribi\u00f3 este jueves, con los dem\u00e1s partidos pol\u00edticos del sistema electoral dominicano el \u00abPacto por la democracia y la gobernabilidad municipal\u00bb, que regir\u00e1 la elecci\u00f3n de las salas capitulares de los ayuntamientos y juntas de distritos municipales de todo el pa\u00eds.<\/span><\/p>\n<p><span class=\"text1noticias\"> <\/span><\/p>\n<p><span class=\"text1noticias\">Con el pacto se procura cumplir la denominada \u00abRegla de Oro en los Municipios\u00bb  en aras de que en las alcald\u00edas predomine   un clima de paz, armon\u00eda, sosiego y tranquilidad en beneficio de los mun\u00edcipes y diferentes asociaciones que conforman la municipalidad.<\/span><\/p>\n<p><span class=\"text1noticias\"> <\/span><\/p>\n<p><span class=\"text1noticias\">Tal y como se hab\u00eda anunciado, el pacto fue ratificado confirm\u00e1ndose el formato de que regidores y regidoras voten para la presidencia de la Sala Capitular por el candidato o candidata que presente el alcalde o alcaldesa.<\/span><\/p>\n<p><span class=\"text1noticias\"> <\/span><\/p>\n<p><span class=\"text1noticias\">\u00abLo que buscamos es que el 16 de agosto la municipalidad se muestre madura, responsable,  que presente  muestras de que tiene la estatura necesaria para convertirse en mejores gobiernos,  que se puede confiar en ellos y por lo tanto vamos a garantizar que esos procesos se har\u00e1n en paz, en tranquilidad, eso es lo que estamos garantizando con este pacto\u00bb, expres\u00f3 Iganacio Ditr\u00e9n quien coment\u00f3 que  el inter\u00e9s particular deber\u00e1 inclinarse al inter\u00e9s de la sociedad<\/span><\/p>\n<p><span class=\"text1noticias\"> <\/span><\/p>\n<p><span class=\"text1noticias\">En iguales t\u00e9rminos se expres\u00f3 Juan de los Santos, miembro del Comit\u00e9 Pol\u00edtico del PLD, presidente de FEDOMU, quien al referirse a la regla que desde hace a\u00f1os se  ha cumplido  entre las fuerzas pol\u00edticas del pa\u00eds, con  representaci\u00f3n municipal y que ha evitado acciones violentas del pasado.<\/span><\/p>\n<p><span class=\"text1noticias\"> <\/span><\/p>\n<p><span class=\"text1noticias\">\u00abBuscamos que suceda lo que ha pasado en los \u00faltimos a\u00f1os, la tranquilidad, la paz, y sobre todo garantizar la gobernabilidad en cada uno de los municipios\u00bb, expres\u00f3 De los Santos<\/span><\/p>\n<p><span class=\"text1noticias\"> <\/span><\/p>\n<p><span class=\"text1noticias\">Manifest\u00f3 que el PLD es garante de que cuando el alcalde y alcaldesa de una demarcaci\u00f3n cuando este presente una candidatura sea respaldada por el Bloque de regidores, cumplimiento que despeja cualquier dudas de que se puedan dar irregularidades el pr\u00f3ximo 16 de agosto.<\/span><\/p>\n<p><span class=\"text1noticias\"> <\/span><\/p>\n<p><span class=\"text1noticias\">A nombre del PLD firmaron el pacto Ignacio Ditr\u00e9n, secretario de Asuntos Municipales, y Juan de los Santos,  miembro del Comit\u00e9 Pol\u00edtico quien particip\u00f3 como presidente de FEDOMU y alcalde de Santo Domingo Este<\/span><\/p>\n<p><span class=\"text1noticias\"> <\/span><\/p>\n<p><span class=\"text1noticias\">El  secretario general del PRSC, Ram\u00f3n Rogelio Genao,  que firm\u00f3 por dicho partido declar\u00f3  que el pacto no es excluyente y que el Partido Revolucionario Mayoritario,  que busca su reconocimiento en la Junta Central Electoral, ha querido involucrarse, pero se recuerda que la firma se da entre los tres partidos que de manera oficial tienen representaci\u00f3n municipal<\/span><\/p>\n<p><span class=\"text1noticias\"> <\/span><\/p>\n<p><span class=\"text1noticias\">El pacto contentivo de unos tres considerando y de dos art\u00edculos, fue rubricado en el Hotel Lina de la capital, con la presencia de otros municipalistas de las diferentes agrupaciones pol\u00edticas.<\/span><\/p>\n<p><span class=\"text1noticias\"> <\/span><\/p>\n<p><span class=\"text1noticias\">Los Partidos Pol\u00edticos firmantes conformar\u00e1n una comisi\u00f3n de representantes de las Secretar\u00edas de Asuntos Municipales de los Partidos y dirigentes propuestos por las Direcciones Partidarias para garantizar su fiel cumplimiento.<\/span><\/p>\n<\/p>\n<p><span class=\"text1noticias\"> <\/span><\/p>\n<p><span class=\"text1noticias\">Santo Domingo, RD, 14 de agosto.- El  Partido de la Liberaci\u00f3n Dominicana (PLD) suscribi\u00f3 este jueves, con los dem\u00e1s partidos pol\u00edticos del sistema electoral dominicano el  \u00abPacto por la democracia y la gobernabilidad municipal\u00bb, que regir\u00e1 la elecci\u00f3n de las salas capitulares de los ayuntamientos y juntas de distritos municipales de todo el pa\u00eds.<\/span><\/p>\n<p><span class=\"text1noticias\"> <\/span><\/p>\n<p><span class=\"text1noticias\">Con el pacto se procura cumplir la denominada \u00abRegla de Oro en los Municipios\u00bb  en aras de que en las alcald\u00edas predomine   un clima de paz, armon\u00eda, sosiego y tranquilidad en beneficio de los mun\u00edcipes y diferentes asociaciones que conforman la municipalidad.<\/span><\/p>\n<p><span class=\"text1noticias\"> <\/span><\/p>\n<p><span class=\"text1noticias\">Tal y como se hab\u00eda anunciado, el pacto fue ratificado confirm\u00e1ndose el formato de que regidores y regidoras voten para la presidencia de la Sala Capitular por el candidato o candidata que presente el alcalde o alcaldesa.<\/span><\/p>\n<p><span class=\"text1noticias\"> <\/span><\/p>\n<p><span class=\"text1noticias\">\u00abLo que buscamos es que el 16 de agosto la municipalidad se muestre madura, responsable,  que presente  muestras de que tiene la estatura necesaria para convertirse en mejores gobiernos,  que se puede confiar en ellos y por lo tanto vamos a garantizar que esos procesos se har\u00e1n en paz, en tranquilidad, eso es lo que estamos garantizando con este pacto\u00bb, expres\u00f3 Iganacio Ditr\u00e9n quien coment\u00f3 que  el inter\u00e9s particular deber\u00e1 inclinarse al inter\u00e9s de la sociedad<\/span><\/p>\n<p><span class=\"text1noticias\"> <\/span><\/p>\n<p><span class=\"text1noticias\">En iguales t\u00e9rminos se expres\u00f3 Juan de los Santos, miembro del Comit\u00e9 Pol\u00edtico del PLD, presidente de FEDOMU, quien al referirse a la regla que desde hace a\u00f1os se  ha cumplido  entre las fuerzas pol\u00edticas del pa\u00eds, con  representaci\u00f3n municipal y que ha evitado acciones violentas del pasado.<\/span><\/p>\n<p><span class=\"text1noticias\"> <\/span><\/p>\n<p><span class=\"text1noticias\">\u00abBuscamos que suceda lo que ha pasado en los \u00faltimos a\u00f1os, la tranquilidad, la paz, y sobre todo garantizar la gobernabilidad en cada uno de los municipios\u00bb, expres\u00f3 De los Santos<\/span><\/p>\n<p><span class=\"text1noticias\"> <\/span><\/p>\n<p><span class=\"text1noticias\">Manifest\u00f3 que el PLD es garante de que cuando el alcalde y alcaldesa de una demarcaci\u00f3n cuando este presente una candidatura sea respaldada por el Bloque de regidores, cumplimiento que despeja cualquier dudas de que se puedan dar irregularidades el pr\u00f3ximo 16 de agosto.<\/span><\/p>\n<p><span class=\"text1noticias\"> <\/span><\/p>\n<p><span class=\"text1noticias\">A nombre del PLD firmaron el pacto Ignacio Ditr\u00e9n, secretario de Asuntos Municipales, y Juan de los Santos,  miembro del Comit\u00e9 Pol\u00edtico quien particip\u00f3 como presidente de FEDOMU y alcalde de Santo Domingo Este<\/span><\/p>\n<p><span class=\"text1noticias\"> <\/span><\/p>\n<p><span class=\"text1noticias\">El  secretario general del PRSC, Ram\u00f3n Rogelio Genao,  que firm\u00f3 por dicho partido declar\u00f3  que el pacto no es excluyente y que el Partido Revolucionario Mayoritario,  que busca su reconocimiento en la Junta Central Electoral, ha querido involucrarse, pero se recuerda que la firma se da entre los tres partidos que de manera oficial tienen representaci\u00f3n municipal<\/span><\/p>\n<p><span class=\"text1noticias\"> <\/span><\/p>\n<p><span class=\"text1noticias\">El pacto contentivo de unos tres considerando y de dos art\u00edculos, fue rubricado en el Hotel Lina de la capital, con la presencia de otros municipalistas de las diferentes agrupaciones pol\u00edticas.<\/span><\/p>\n<p><span class=\"text1noticias\"> <\/span><\/p>\n<p><span class=\"text1noticias\">Los Partidos Pol\u00edticos firmantes conformar\u00e1n una comisi\u00f3n de representantes de las Secretar\u00edas de Asuntos Municipales de los Partidos y dirigentes propuestos por las Direcciones Partidarias para garantizar su fiel cumplimiento.<\/span><\/p>\n<h6> 2014-08-14 19:24:40 <\/h6>\n<p><!--\n<link rel=\"stylesheet\" href=\"css\/bootstrap.min.css\">\n\n\n<ul class=\"pagination\">\n\t    \n\t\n\n<li >\n\t<a href='?page_no=14829'>Previous<\/a>\n\t<\/li>\n\n\n       \n    \n\n<li><a href='?page_no=1'>1<\/a><\/li>\n\n\n\n<li><a href='?page_no=2'>2<\/a><\/li>\n\n\n\n<li><a>...<\/a><\/li>\n\n\n\n<li><a href='?page_no=14828'>14828<\/a><\/li>\n\n\n\n<li><a href='?page_no=14829'>14829<\/a><\/li>\n\n\n\n<li class='active'><a>14830<\/a><\/li>\n\n\n\n<li><a href='?page_no=14831'>14831<\/a><\/li>\n\n\n\n<li><a href='?page_no=14832'>14832<\/a><\/li>\n\n\n\n<li><a>...<\/a><\/li>\n\n\n\n<li><a href='?page_no=36999'>36999<\/a><\/li>\n\n\n\n<li><a href='?page_no=37000'>37000<\/a><\/li>\n\n    \n\t\n\n<li >\n\t<a href='?page_no=14831'>Next<\/a>\n\t<\/li>\n\n\n    \n\n<li><a href='?page_no=37000'>Last &rsaquo;&rsaquo;<\/a><\/li>\n\n<\/ul>\n\n\n--><br \/>\n<\/body><\/p>\n","protected":false},"excerpt":{"rendered":"<p>Santo Domingo, RD, 14 de agosto.- El Partido de la Liberaci\u00f3n Dominicana (PLD) suscribi\u00f3 este jueves, con los dem\u00e1s partidos pol\u00edticos del sistema electoral dominicano el \u00abPacto por la democracia y la gobernabilidad municipal\u00bb, que regir\u00e1 la elecci\u00f3n de las salas capitulares de los ayuntamientos y juntas de distritos municipales de todo el pa\u00eds. Con [&hellip;]<\/p>\n","protected":false},"author":3,"featured_media":0,"comment_status":"open","ping_status":"open","sticky":false,"template":"","format":"standard","meta":{"footnotes":""},"categories":[22],"tags":[],"class_list":["post-162423","post","type-post","status-publish","format-standard","hentry","category-politica"],"_links":{"self":[{"href":"https:\/\/diariodominicano.com\/index.php?rest_route=\/wp\/v2\/posts\/162423","targetHints":{"allow":["GET"]}}],"collection":[{"href":"https:\/\/diariodominicano.com\/index.php?rest_route=\/wp\/v2\/posts"}],"about":[{"href":"https:\/\/diariodominicano.com\/index.php?rest_route=\/wp\/v2\/types\/post"}],"author":[{"embeddable":true,"href":"https:\/\/diariodominicano.com\/index.php?rest_route=\/wp\/v2\/users\/3"}],"replies":[{"embeddable":true,"href":"https:\/\/diariodominicano.com\/index.php?rest_route=%2Fwp%2Fv2%2Fcomments&post=162423"}],"version-history":[{"count":0,"href":"https:\/\/diariodominicano.com\/index.php?rest_route=\/wp\/v2\/posts\/162423\/revisions"}],"wp:attachment":[{"href":"https:\/\/diariodominicano.com\/index.php?rest_route=%2Fwp%2Fv2%2Fmedia&parent=162423"}],"wp:term":[{"taxonomy":"category","embeddable":true,"href":"https:\/\/diariodominicano.com\/index.php?rest_route=%2Fwp%2Fv2%2Fcategories&post=162423"},{"taxonomy":"post_tag","embeddable":true,"href":"https:\/\/diariodominicano.com\/index.php?rest_route=%2Fwp%2Fv2%2Ftags&post=162423"}],"curies":[{"name":"wp","href":"https:\/\/api.w.org\/{rel}","templated":true}]}}