{"id":162421,"date":"2014-08-15T14:13:41","date_gmt":"2014-08-15T14:13:41","guid":{"rendered":"http:\/\/diariodominicano.ddns.net\/?p=162421"},"modified":"2014-08-15T14:13:41","modified_gmt":"2014-08-15T14:13:41","slug":"prd-evaluara-hoy-los-2-anos-de-gobierno-de-danilo-medina","status":"publish","type":"post","link":"https:\/\/diariodominicano.com\/?p=162421","title":{"rendered":"PRD evaluar\u00e1 hoy los 2 a\u00f1os de Gobierno de Danilo Medina"},"content":{"rendered":"<p><body><\/p>\n<p><img decoding=\"async\" src=\"img3\/miguel 15.jpg\" \/>  <\/p>\n<p>Santo Domingo RD 15 agosto.- El presidente del PRD, Miguel Vargas y un grupo de t\u00e9cnicos evaluar\u00e1n este viernes los dos primeros a\u00f1os de Gobierno del presidente Danilo Medina, inform\u00f3 V\u00edctor G\u00f3mez Casanova, director Nacional de Comunicaciones de esa organizaci\u00f3n pol\u00edtica.<\/p>\n<\/p>\n<p>Durante un encuentro en la casa nacional del partido, pasar\u00e1n revista a las principales ejecutorias de los primeros 48 meses de Gobierno y a las 11:00 amm ofrecer\u00e1n una conferencia de prensa los medios de comunicaci\u00f3n.<\/p>\n<\/p>\n<p>Acompa\u00f1ar\u00e1n a Vargas el coordinador de la Comisi\u00f3n Econ\u00f3mica del PRD, Yv\u00e1n Rodr\u00edguez; del director de la Unidad de Pol\u00edticas P\u00fablicas, Hugo Rivera; los voceros del Bloque de Diputados del PRD, Radham\u00e9s Gonz\u00e1lez (saliente) y Ruddy Gonz\u00e1lez (entrante) as\u00ed como Eduardo Jorge Prats y Salim Ibarra.<\/p>\n<\/p>\n<p>Tambi\u00e9n estar\u00e1 presente G\u00f3mez Casanova y una Comisi\u00f3n de los Frentes de Masas y de t\u00e9cnicos especialistas en distintas \u00e1reas.<\/p>\n<h6> 2014-08-15 14:13:41 <\/h6>\n<p><!--\n<link rel=\"stylesheet\" href=\"css\/bootstrap.min.css\">\n\n\n<ul class=\"pagination\">\n\t    \n\t\n\n<li >\n\t<a href='?page_no=14828'>Previous<\/a>\n\t<\/li>\n\n\n       \n    \n\n<li><a href='?page_no=1'>1<\/a><\/li>\n\n\n\n<li><a href='?page_no=2'>2<\/a><\/li>\n\n\n\n<li><a>...<\/a><\/li>\n\n\n\n<li><a href='?page_no=14827'>14827<\/a><\/li>\n\n\n\n<li><a href='?page_no=14828'>14828<\/a><\/li>\n\n\n\n<li class='active'><a>14829<\/a><\/li>\n\n\n\n<li><a href='?page_no=14830'>14830<\/a><\/li>\n\n\n\n<li><a href='?page_no=14831'>14831<\/a><\/li>\n\n\n\n<li><a>...<\/a><\/li>\n\n\n\n<li><a href='?page_no=36999'>36999<\/a><\/li>\n\n\n\n<li><a href='?page_no=37000'>37000<\/a><\/li>\n\n    \n\t\n\n<li >\n\t<a href='?page_no=14830'>Next<\/a>\n\t<\/li>\n\n\n    \n\n<li><a href='?page_no=37000'>Last &rsaquo;&rsaquo;<\/a><\/li>\n\n<\/ul>\n\n\n--><br \/>\n<\/body><\/p>\n","protected":false},"excerpt":{"rendered":"<p>Santo Domingo RD 15 agosto.- El presidente del PRD, Miguel Vargas y un grupo de t\u00e9cnicos evaluar\u00e1n este viernes los dos primeros a\u00f1os de Gobierno del presidente Danilo Medina, inform\u00f3 V\u00edctor G\u00f3mez Casanova, director Nacional de Comunicaciones de esa organizaci\u00f3n pol\u00edtica. Durante un encuentro en la casa nacional del partido, pasar\u00e1n revista a las principales [&hellip;]<\/p>\n","protected":false},"author":3,"featured_media":0,"comment_status":"open","ping_status":"open","sticky":false,"template":"","format":"standard","meta":{"footnotes":""},"categories":[22],"tags":[],"class_list":["post-162421","post","type-post","status-publish","format-standard","hentry","category-politica"],"_links":{"self":[{"href":"https:\/\/diariodominicano.com\/index.php?rest_route=\/wp\/v2\/posts\/162421","targetHints":{"allow":["GET"]}}],"collection":[{"href":"https:\/\/diariodominicano.com\/index.php?rest_route=\/wp\/v2\/posts"}],"about":[{"href":"https:\/\/diariodominicano.com\/index.php?rest_route=\/wp\/v2\/types\/post"}],"author":[{"embeddable":true,"href":"https:\/\/diariodominicano.com\/index.php?rest_route=\/wp\/v2\/users\/3"}],"replies":[{"embeddable":true,"href":"https:\/\/diariodominicano.com\/index.php?rest_route=%2Fwp%2Fv2%2Fcomments&post=162421"}],"version-history":[{"count":0,"href":"https:\/\/diariodominicano.com\/index.php?rest_route=\/wp\/v2\/posts\/162421\/revisions"}],"wp:attachment":[{"href":"https:\/\/diariodominicano.com\/index.php?rest_route=%2Fwp%2Fv2%2Fmedia&parent=162421"}],"wp:term":[{"taxonomy":"category","embeddable":true,"href":"https:\/\/diariodominicano.com\/index.php?rest_route=%2Fwp%2Fv2%2Fcategories&post=162421"},{"taxonomy":"post_tag","embeddable":true,"href":"https:\/\/diariodominicano.com\/index.php?rest_route=%2Fwp%2Fv2%2Ftags&post=162421"}],"curies":[{"name":"wp","href":"https:\/\/api.w.org\/{rel}","templated":true}]}}