{"id":162420,"date":"2014-08-15T14:19:50","date_gmt":"2014-08-15T14:19:50","guid":{"rendered":"http:\/\/diariodominicano.ddns.net\/?p=162420"},"modified":"2014-08-15T14:19:50","modified_gmt":"2014-08-15T14:19:50","slug":"zorrilla-ozuna-destaca-logros-en-dos-anos-gestion-presidente-danilo-medina","status":"publish","type":"post","link":"https:\/\/diariodominicano.com\/?p=162420","title":{"rendered":"Zorrilla Ozuna destaca logros en dos a\u00f1os gesti\u00f3n presidente Danilo Medina"},"content":{"rendered":"<p><body><\/p>\n<p><img decoding=\"async\" src=\"img3\/ozuna 15.jpg\" \/>  <\/p>\n<p>Santo Domingo RD 15  agosto.- El presidente del Partido C\u00edvico Renovador, Jorge Radham\u00e9s Zorrilla Ozuna, defini\u00f3 como positivos los dos primeros a\u00f1os de Gobierno del presidente Danilo Medina.<\/p>\n<\/p>\n<p>Manifest\u00f3 que el Mandatario ha sorprendido a los dominicanos haciendo una gesti\u00f3n \u00abtransparente y ejecutando acciones que lo han colocado en la c\u00faspide de la popularidad nacional\u00bb.<\/p>\n<\/p>\n<p>El Mayor general retirado, cit\u00f3 como el logro m\u00e1s importante del Presidente el destinar el 4% del PIB a la educaci\u00f3n. \u00abCon ello se ha dado un salto gigantesco para alcanzar con mayor rapidez el desarrollo del pa\u00eds\u00bb.<\/p>\n<\/p>\n<p>Dijo que el pr\u00f3ximo paso para coronar la obra del Gobernante es adecuar la educaci\u00f3n a las prioridades del desarrollo nacional, con el aporte de los t\u00e9cnicos, profesionales y trabajadores especializados que necesita cada \u00e1rea productiva o de servicio en la naci\u00f3n.<\/p>\n<\/p>\n<p>\u00abDe esa manera evitaremos que nuestros profesionales y t\u00e9cnicos reci\u00e9n graduados tengan que emigrar a ofrecer sus servicios a otros pa\u00edses, que los reciben de gratis, sin haber invertido recursos en su formaci\u00f3n\u00bb, expres\u00f3 Zorrilla Ozuna en un documento de prensa,<\/p>\n<\/p>\n<p>Tambi\u00e9n mencion\u00f3 como logros del Jefe del Estado la renegociaci\u00f3n del contrato con la Barrik Gold y los recursos que ha destinado a las micro y peque\u00f1as empresas, entre otros.<\/p>\n<\/p>\n<h6> 2014-08-15 14:19:50 <\/h6>\n<p><!--\n<link rel=\"stylesheet\" href=\"css\/bootstrap.min.css\">\n\n\n<ul class=\"pagination\">\n\t    \n\t\n\n<li >\n\t<a href='?page_no=14827'>Previous<\/a>\n\t<\/li>\n\n\n       \n    \n\n<li><a href='?page_no=1'>1<\/a><\/li>\n\n\n\n<li><a href='?page_no=2'>2<\/a><\/li>\n\n\n\n<li><a>...<\/a><\/li>\n\n\n\n<li><a href='?page_no=14826'>14826<\/a><\/li>\n\n\n\n<li><a href='?page_no=14827'>14827<\/a><\/li>\n\n\n\n<li class='active'><a>14828<\/a><\/li>\n\n\n\n<li><a href='?page_no=14829'>14829<\/a><\/li>\n\n\n\n<li><a href='?page_no=14830'>14830<\/a><\/li>\n\n\n\n<li><a>...<\/a><\/li>\n\n\n\n<li><a href='?page_no=36999'>36999<\/a><\/li>\n\n\n\n<li><a href='?page_no=37000'>37000<\/a><\/li>\n\n    \n\t\n\n<li >\n\t<a href='?page_no=14829'>Next<\/a>\n\t<\/li>\n\n\n    \n\n<li><a href='?page_no=37000'>Last &rsaquo;&rsaquo;<\/a><\/li>\n\n<\/ul>\n\n\n--><br \/>\n<\/body><\/p>\n","protected":false},"excerpt":{"rendered":"<p>Santo Domingo RD 15 agosto.- El presidente del Partido C\u00edvico Renovador, Jorge Radham\u00e9s Zorrilla Ozuna, defini\u00f3 como positivos los dos primeros a\u00f1os de Gobierno del presidente Danilo Medina. Manifest\u00f3 que el Mandatario ha sorprendido a los dominicanos haciendo una gesti\u00f3n \u00abtransparente y ejecutando acciones que lo han colocado en la c\u00faspide de la popularidad nacional\u00bb. [&hellip;]<\/p>\n","protected":false},"author":3,"featured_media":0,"comment_status":"open","ping_status":"open","sticky":false,"template":"","format":"standard","meta":{"footnotes":""},"categories":[22],"tags":[],"class_list":["post-162420","post","type-post","status-publish","format-standard","hentry","category-politica"],"_links":{"self":[{"href":"https:\/\/diariodominicano.com\/index.php?rest_route=\/wp\/v2\/posts\/162420","targetHints":{"allow":["GET"]}}],"collection":[{"href":"https:\/\/diariodominicano.com\/index.php?rest_route=\/wp\/v2\/posts"}],"about":[{"href":"https:\/\/diariodominicano.com\/index.php?rest_route=\/wp\/v2\/types\/post"}],"author":[{"embeddable":true,"href":"https:\/\/diariodominicano.com\/index.php?rest_route=\/wp\/v2\/users\/3"}],"replies":[{"embeddable":true,"href":"https:\/\/diariodominicano.com\/index.php?rest_route=%2Fwp%2Fv2%2Fcomments&post=162420"}],"version-history":[{"count":0,"href":"https:\/\/diariodominicano.com\/index.php?rest_route=\/wp\/v2\/posts\/162420\/revisions"}],"wp:attachment":[{"href":"https:\/\/diariodominicano.com\/index.php?rest_route=%2Fwp%2Fv2%2Fmedia&parent=162420"}],"wp:term":[{"taxonomy":"category","embeddable":true,"href":"https:\/\/diariodominicano.com\/index.php?rest_route=%2Fwp%2Fv2%2Fcategories&post=162420"},{"taxonomy":"post_tag","embeddable":true,"href":"https:\/\/diariodominicano.com\/index.php?rest_route=%2Fwp%2Fv2%2Ftags&post=162420"}],"curies":[{"name":"wp","href":"https:\/\/api.w.org\/{rel}","templated":true}]}}