{"id":162417,"date":"2014-08-15T18:23:26","date_gmt":"2014-08-15T18:23:26","guid":{"rendered":"http:\/\/diariodominicano.ddns.net\/?p=162417"},"modified":"2014-08-15T18:23:26","modified_gmt":"2014-08-15T18:23:26","slug":"miguel-vargas-dice-danilo-medina-no-ha-resuelto-problemas-basicos-de-la-gente","status":"publish","type":"post","link":"https:\/\/diariodominicano.com\/?p=162417","title":{"rendered":"&#13;Miguel Vargas dice Danilo Medina no ha resuelto problemas b\u00e1sicos de la gente"},"content":{"rendered":"<p><body><\/p>\n<p><img decoding=\"async\" src=\"img3\/miki 15.jpg\" \/>  <\/p>\n<\/p>\n<\/p>\n<p>15\/8\/2014<\/p>\n<\/p>\n<p>Miguel Vargas dice Danilo Medina no ha resuelto problemas b\u00e1sicos de la gente<\/p>\n<\/p>\n<p>\tEnviar a un amigo<\/p>\n<p>El presidente del PRD, Miguel Vargas afirmo hoy que si bien en sus dos a\u00f1os de gesti\u00f3n el presidente Danilo Medina ha introducido  variaciones de forma en la imagen presidencial, no ha resuelto los problemas basicos del pueblo ni ha generado el bienestar que la mayor\u00eda de la gente esperaba de un nuevo gobierno.<\/p>\n<\/p>\n<p>Expuso que en situaciones como el alto endeudamiento y elevado d\u00e9ficit fiscal, en la inseguridad ciudadana y la crisis el\u00e9ctrica, el gobierno no ha tenido la voluntad pol\u00edtica necesaria para hacer lo que nunca se hab\u00eda hecho y corregir lo que est\u00e1 mal.<\/p>\n<\/p>\n<p>En rueda de prensa ofrecida en la casa nacional perredeista, en la que evaluo los primeros dos anios de gestion de la administracion Medina, Vargas afirmo que los productores y comerciantes no cuentan con incentivos para producir los buenos empleos y riquezas que provean verdadero progreso para el pueblo.<\/p>\n<\/p>\n<p>En estos dos a\u00f1os no se ha avanzado en establecer un modelo de desarrollo que genere el bienestar y la prosperidad a que todos y todas tienen derecho, expres\u00f3.<\/p>\n<\/p>\n<p>Se aprob\u00f3 el financiamiento del 4 por ciento para educaci\u00f3n, pero no se conoce de una reprogramaci\u00f3n que asegure un sistema de calidad educativa.<\/p>\n<\/p>\n<p>El gasto de menos de un 2% del PIB en salud es insuficiente para darle al pueblo la buena atenci\u00f3n sanitaria que se merece.  <\/p>\n<\/p>\n<p>En seguridad ciudadana seguimos igual, con los delincuentes atacando en plena calle, atracando sin control negocios y hogares.<\/p>\n<\/p>\n<p>No hay soluci\u00f3n a la vista para que tengamos un sistema el\u00e9ctrico eficiente y a precios razonables.<\/p>\n<\/p>\n<p>En cada uno de esos renglones el PRD ha hecho propuestas de soluci\u00f3n que lamentablemente las autoridades no han acogido.<\/p>\n<\/p>\n<p>En el PRD continuamos trabajando para hacer realidad esas soluciones.<\/p>\n<\/p>\n<p>Si no las hace el PLD en lo que le queda de gobierno, las haremos los perrede\u00edstas junto al pueblo a partir del 16 de agosto de 2016.<\/p>\n<\/p>\n<p>En su rueda de prensa Vargas estuvo acompanado por Yvan Rodriguez, director, y otros miembros del Departamento de Economia, Radhames Gonzalez y Ruddy Gonzalez, vocero saliente y electo en la Camara de Diputados; Eduardo Jorge Prats, director de Institucionalidad y Justicia, Janet Camilo, presidenta de Fedomusde, el diputado Victor Gomez Casanova, director de Comunicaciones, entre otros.<\/p>\n<h6> 2014-08-15 18:23:26 <\/h6>\n<p><!--\n<link rel=\"stylesheet\" href=\"css\/bootstrap.min.css\">\n\n\n<ul class=\"pagination\">\n\t    \n\t\n\n<li >\n\t<a href='?page_no=14824'>Previous<\/a>\n\t<\/li>\n\n\n       \n    \n\n<li><a href='?page_no=1'>1<\/a><\/li>\n\n\n\n<li><a href='?page_no=2'>2<\/a><\/li>\n\n\n\n<li><a>...<\/a><\/li>\n\n\n\n<li><a href='?page_no=14823'>14823<\/a><\/li>\n\n\n\n<li><a href='?page_no=14824'>14824<\/a><\/li>\n\n\n\n<li class='active'><a>14825<\/a><\/li>\n\n\n\n<li><a href='?page_no=14826'>14826<\/a><\/li>\n\n\n\n<li><a href='?page_no=14827'>14827<\/a><\/li>\n\n\n\n<li><a>...<\/a><\/li>\n\n\n\n<li><a href='?page_no=36999'>36999<\/a><\/li>\n\n\n\n<li><a href='?page_no=37000'>37000<\/a><\/li>\n\n    \n\t\n\n<li >\n\t<a href='?page_no=14826'>Next<\/a>\n\t<\/li>\n\n\n    \n\n<li><a href='?page_no=37000'>Last &rsaquo;&rsaquo;<\/a><\/li>\n\n<\/ul>\n\n\n--><br \/>\n<\/body><\/p>\n","protected":false},"excerpt":{"rendered":"<p>15\/8\/2014 Miguel Vargas dice Danilo Medina no ha resuelto problemas b\u00e1sicos de la gente Enviar a un amigo El presidente del PRD, Miguel Vargas afirmo hoy que si bien en sus dos a\u00f1os de gesti\u00f3n el presidente Danilo Medina ha introducido variaciones de forma en la imagen presidencial, no ha resuelto los problemas basicos del [&hellip;]<\/p>\n","protected":false},"author":3,"featured_media":0,"comment_status":"open","ping_status":"open","sticky":false,"template":"","format":"standard","meta":{"footnotes":""},"categories":[22],"tags":[],"class_list":["post-162417","post","type-post","status-publish","format-standard","hentry","category-politica"],"_links":{"self":[{"href":"https:\/\/diariodominicano.com\/index.php?rest_route=\/wp\/v2\/posts\/162417","targetHints":{"allow":["GET"]}}],"collection":[{"href":"https:\/\/diariodominicano.com\/index.php?rest_route=\/wp\/v2\/posts"}],"about":[{"href":"https:\/\/diariodominicano.com\/index.php?rest_route=\/wp\/v2\/types\/post"}],"author":[{"embeddable":true,"href":"https:\/\/diariodominicano.com\/index.php?rest_route=\/wp\/v2\/users\/3"}],"replies":[{"embeddable":true,"href":"https:\/\/diariodominicano.com\/index.php?rest_route=%2Fwp%2Fv2%2Fcomments&post=162417"}],"version-history":[{"count":0,"href":"https:\/\/diariodominicano.com\/index.php?rest_route=\/wp\/v2\/posts\/162417\/revisions"}],"wp:attachment":[{"href":"https:\/\/diariodominicano.com\/index.php?rest_route=%2Fwp%2Fv2%2Fmedia&parent=162417"}],"wp:term":[{"taxonomy":"category","embeddable":true,"href":"https:\/\/diariodominicano.com\/index.php?rest_route=%2Fwp%2Fv2%2Fcategories&post=162417"},{"taxonomy":"post_tag","embeddable":true,"href":"https:\/\/diariodominicano.com\/index.php?rest_route=%2Fwp%2Fv2%2Ftags&post=162417"}],"curies":[{"name":"wp","href":"https:\/\/api.w.org\/{rel}","templated":true}]}}