{"id":162416,"date":"2014-08-15T18:26:22","date_gmt":"2014-08-15T18:26:22","guid":{"rendered":"http:\/\/diariodominicano.ddns.net\/?p=162416"},"modified":"2014-08-15T18:26:22","modified_gmt":"2014-08-15T18:26:22","slug":"director-economico-prd-dice-danilo-medina-en-dos-anos-presenta-logros-y-fracasos","status":"publish","type":"post","link":"https:\/\/diariodominicano.com\/?p=162416","title":{"rendered":"Director econ\u00f3mico PRD dice Danilo Medina en dos a\u00f1os presenta logros y fracasos"},"content":{"rendered":"<p><body><\/p>\n<p><img decoding=\"async\" src=\"img3\/ivan 15.jpg\" \/>  <\/p>\n<p>Santo Domingo RD 15 agosto.- El director del departamento de Econom\u00eda del Partido Revolucionario Dominicano (PRD), Iv\u00e1n Rodr\u00edguez,  difundi\u00f3  un documento en el que planteo que al arribar a su segundo a\u00f1o, el gobierno del presidente Danilo Medina presenta fracasos y logros. <\/p>\n<\/p>\n<p>No puede subestimarse el entorno econ\u00f3mico interno heredado del anterior gobierno de su propio partido, el cual le entreg\u00f3 el mando presidencial con fuertes desequilibrios en sus cuentas fiscales y externas.<\/p>\n<\/p>\n<p>Por el lado fiscal, agreg\u00f3, el presidente Medina hered\u00f3 un d\u00e9ficit fiscal consolidado de RD$180,000 millones, equivalente a un 8% del PIB y una deuda p\u00fablica de US$24,421 millones. En cuanto a las cuentas externas, el Presidente Medina recibi\u00f3 un econom\u00eda con un d\u00e9ficit en cuentas corrientes de la balanza de pagos de US$4,240.2 millones, lo que representaba un 7.2% del PIB. En ambas variables el gobierno ha obtenido resultados satisfactorios. Ha reducido el d\u00e9ficit fiscal a 3,2% del PIB y a disminuido el d\u00e9ficit de la cuenta corriente de la balanza de pagos a 4.1%.<\/p>\n<\/p>\n<p>Puntualiz\u00f3 que sin embargo, el presidente Medina ha preferido seguir montado sobre un modelo de desarrollo agotado, que privilegia el endeudamiento, la mala calidad del gasto p\u00fablico, que aumenta la desigualdad y la inequidad, y carece de pol\u00edticas p\u00fablicas que estimulen las exportaciones y la generaci\u00f3n de empleos productivo y de calidad.<\/p>\n<\/p>\n<p>Ha preferido continuar con el m\u00e1s de lo mismo, expres\u00f3, buscando, como objetivos principales de su estrategia de desarrollo, aumentar el PIB y asegurar una estabilidad cambiaria que perjudica a los verdaderos creadores de divisas de la econom\u00eda nacional. Ha olvidado de que lo que importa es una menor desigualdad, m\u00e1s empleos y mejor cohesi\u00f3n social.<\/p>\n<\/p>\n<p>Desde de septiembre del 2012, cit\u00f3,  el gobierno del presidente Medina ha elevado la deuda p\u00fablica en US$6,447.3 millones hasta el 30 de julio del 2014, para situarse en US$30,868.3 millones. Es muy peligroso el manejo que se le viene dando al endeudamiento del sector p\u00fablico consolidado, ya que su principal indicador de sostenibilidad ha superado en 10 puntos porcentuales el umbral cr\u00edtico establecido por el Fondo Monetario Internacional, (FMI), que es del 40%. Se estima que al finalizar el presente a\u00f1o 2014, el servicio de la deuda p\u00fablica, (intereses y amortizaci\u00f3n) como porcentaje de los ingresos del gobierno ser\u00e1 de un 45.5%.<\/p>\n<\/p>\n<p>El gobierno se ha decidido por la v\u00eda m\u00e1s f\u00e1cil y dolorosa: aumentar los impuestos. A ello se debe que los sectores de clase media del pa\u00eds se vean obligados a soportar las m\u00e1s tediosas cargas tributarias. Altos impuestos por telecomunicaciones, por consumo de combustibles, por la adquisici\u00f3n de veh\u00edculos automotores, por las compras de medicamentos y otros bienes y servicios de sustentaci\u00f3n. Y, en franca violaci\u00f3n a la Constituci\u00f3n y a las Leyes, recientemente la DGA, por v\u00eda administrativa le asesta una nueva estocada, con la eliminaci\u00f3n de las compras por internet por debajo de los US$200. Sin agregar los costos ocultos, que disminuyen su poder adquisitivo, como mayores gastos en educaci\u00f3n, doble gastos en seguridad social, mayores gastos en proveerse de energ\u00eda domestica y agua potable, servicio privado de seguridad, etc.<\/p>\n<\/p>\n<p>El PRD es abanderado de una verdadera refundaci\u00f3n del sistema tributario dominicano, haci\u00e9ndolo m\u00e1s simple y flexible, reduciendo la carga tributaria de los desprotegidos, y transformando la estructura del gasto p\u00fablico, para privilegiar la educaci\u00f3n, la salud, la vivienda, la seguridad social y ciudadana, y dando mayores oportunidades al desarrollo de las micro, peque\u00f1as y medianas empresas con facilidades de cr\u00e9ditos y apoyo tecnol\u00f3gico, as\u00ed como fortaleciendo, con mayores inversiones en la agropecuaria nacional.<\/p>\n<\/p>\n<p>La ejecuci\u00f3n presupuestaria del gobierno central en estos primeros dos a\u00f1os de gobierno del presidente Medina se ha realizado dentro de las metas programadas, pero sus resultados se han obtenido al costo de una fuerte  contracci\u00f3n de los gastos de inversiones, que han ca\u00eddo en los primeros siete meses del 2014 en un 23%, mientras que en el 2013 su ca\u00edda fue del 25% con relaci\u00f3n al 2012, agreg\u00f3.<\/p>\n<\/p>\n<p>Los gastos corrientes contin\u00faan aumentando desproporcionalmente, haciendo m\u00e1s dif\u00edcil la capacidad y eficiencia recaudatorias de la administraci\u00f3n fiscal, la cual lleva un alt\u00edsimo nivel de cumplimiento en sus recaudaciones, y, sin embargo, los resultados presupuestarios contin\u00faan en n\u00fameros rojos, superando en el primer semestre del 2014 los RD$17,000 millones, sin sumarle los atrasos con los generadores de electricidad a menos de 60 d\u00edas, as\u00ed como atrasos con contratistas y suplidores del gobierno, que superan ya los 35 mil millones de pesos.<\/p>\n<\/p>\n<p>Es justo reconocer que la administraci\u00f3n del Presidente Medina ha hecho serios esfuerzos en transparentar las estad\u00edsticas econ\u00f3micas, y muy en especial, las informaciones fiscales, que por dem\u00e1s se vienen publicando en un tiempo significativamente menor que en el anterior gobierno del PLD, dijo para agregar que eval\u00faan  positivamente la voluntad expresada por el Presidente en resolver los asuntos acuciantes del pa\u00eds. En esa direcci\u00f3n, apoyamos los programas de alfabetizaci\u00f3n emprendidos por el gobierno, as\u00ed como el programa de visitas se\u00f1ales a las comunidades rurales de la Naci\u00f3n.<\/p>\n<\/p>\n<p>En la rueda de prensa intervino tambi\u00e9n Hugo Rivera, responsable de Industria y Comercio, quien puntualiz\u00f3 que en los dos anos de Medina n  o se ha avanzado en fortalecer la competitividad del sector externo de la econom\u00eda para aprovechar los beneficios que puede generar al pa\u00eds el DR-CAFTA.<\/p>\n<\/p>\n<p>Tambi\u00e9n cuestion\u00f3 la inconsistencia en seguridad jur\u00eddica para los inversionistas, como refleja la medida administrativa que busca imponer tributos a las compras por internet que excedan los 200 d\u00f3lares, asi como en el caso de la licitaci\u00f3n de dos plantas a carb\u00f3n, que el director ejecutivo de la CDEEE, Rub\u00e9n Bichara, ha deso\u00eddo una decisi\u00f3n del Tribunal Superior Administrativo.<\/p>\n<\/p>\n<p>Janet Camilo, presidenta de la Federaci\u00f3n Dominicana de Mujeres Social Dem\u00f3cratas, deploro que en el presente gobierno no se le haya mayor participaci\u00f3n en su gabinete y que no se haya adoptado una estrategia para hacer frente con eficacia a los feminicidios. <\/p>\n<\/p>\n<h6> 2014-08-15 18:26:22 <\/h6>\n<p><!--\n<link rel=\"stylesheet\" href=\"css\/bootstrap.min.css\">\n\n\n<ul class=\"pagination\">\n\t    \n\t\n\n<li >\n\t<a href='?page_no=14823'>Previous<\/a>\n\t<\/li>\n\n\n       \n    \n\n<li><a href='?page_no=1'>1<\/a><\/li>\n\n\n\n<li><a href='?page_no=2'>2<\/a><\/li>\n\n\n\n<li><a>...<\/a><\/li>\n\n\n\n<li><a href='?page_no=14822'>14822<\/a><\/li>\n\n\n\n<li><a href='?page_no=14823'>14823<\/a><\/li>\n\n\n\n<li class='active'><a>14824<\/a><\/li>\n\n\n\n<li><a href='?page_no=14825'>14825<\/a><\/li>\n\n\n\n<li><a href='?page_no=14826'>14826<\/a><\/li>\n\n\n\n<li><a>...<\/a><\/li>\n\n\n\n<li><a href='?page_no=36999'>36999<\/a><\/li>\n\n\n\n<li><a href='?page_no=37000'>37000<\/a><\/li>\n\n    \n\t\n\n<li >\n\t<a href='?page_no=14825'>Next<\/a>\n\t<\/li>\n\n\n    \n\n<li><a href='?page_no=37000'>Last &rsaquo;&rsaquo;<\/a><\/li>\n\n<\/ul>\n\n\n--><br \/>\n<\/body><\/p>\n","protected":false},"excerpt":{"rendered":"<p>Santo Domingo RD 15 agosto.- El director del departamento de Econom\u00eda del Partido Revolucionario Dominicano (PRD), Iv\u00e1n Rodr\u00edguez, difundi\u00f3 un documento en el que planteo que al arribar a su segundo a\u00f1o, el gobierno del presidente Danilo Medina presenta fracasos y logros. No puede subestimarse el entorno econ\u00f3mico interno heredado del anterior gobierno de su [&hellip;]<\/p>\n","protected":false},"author":3,"featured_media":0,"comment_status":"open","ping_status":"open","sticky":false,"template":"","format":"standard","meta":{"footnotes":""},"categories":[22],"tags":[],"class_list":["post-162416","post","type-post","status-publish","format-standard","hentry","category-politica"],"_links":{"self":[{"href":"https:\/\/diariodominicano.com\/index.php?rest_route=\/wp\/v2\/posts\/162416","targetHints":{"allow":["GET"]}}],"collection":[{"href":"https:\/\/diariodominicano.com\/index.php?rest_route=\/wp\/v2\/posts"}],"about":[{"href":"https:\/\/diariodominicano.com\/index.php?rest_route=\/wp\/v2\/types\/post"}],"author":[{"embeddable":true,"href":"https:\/\/diariodominicano.com\/index.php?rest_route=\/wp\/v2\/users\/3"}],"replies":[{"embeddable":true,"href":"https:\/\/diariodominicano.com\/index.php?rest_route=%2Fwp%2Fv2%2Fcomments&post=162416"}],"version-history":[{"count":0,"href":"https:\/\/diariodominicano.com\/index.php?rest_route=\/wp\/v2\/posts\/162416\/revisions"}],"wp:attachment":[{"href":"https:\/\/diariodominicano.com\/index.php?rest_route=%2Fwp%2Fv2%2Fmedia&parent=162416"}],"wp:term":[{"taxonomy":"category","embeddable":true,"href":"https:\/\/diariodominicano.com\/index.php?rest_route=%2Fwp%2Fv2%2Fcategories&post=162416"},{"taxonomy":"post_tag","embeddable":true,"href":"https:\/\/diariodominicano.com\/index.php?rest_route=%2Fwp%2Fv2%2Ftags&post=162416"}],"curies":[{"name":"wp","href":"https:\/\/api.w.org\/{rel}","templated":true}]}}