{"id":162415,"date":"2014-08-15T18:31:52","date_gmt":"2014-08-15T18:31:52","guid":{"rendered":"http:\/\/diariodominicano.ddns.net\/?p=162415"},"modified":"2014-08-15T18:31:52","modified_gmt":"2014-08-15T18:31:52","slug":"el-prm-rechaza-el-pacto-por-la-gobernanza-en-los-cabildos-suscrito-por-el-pld-prsc-y-prd","status":"publish","type":"post","link":"https:\/\/diariodominicano.com\/?p=162415","title":{"rendered":"&#13;El PRM rechaza el Pacto por la Gobernanza en los cabildos suscrito por el  PLD, PRSC y PRD"},"content":{"rendered":"<p><body><\/p>\n<p><img decoding=\"async\" src=\"img3\/PRM15082014.jpg\" \/>  <\/p>\n<p><span class=\"text1noticias\">SANTO DOMINGO, RD, 15 de Agosto de 2015.- El Partido Revolucionario Mayoritario (PRM) sostuvo  el viernes  que el pacto firmado el jueves  por el PLD, PRSC y PRD por la gobernalidad en los cabildos  anula el derecho de los regidores y vocales a elegir y ser elegidos democr\u00e1ticamente y pone en manos del alcalde  a quien quiere como presidente y vicepresidente de las salas capitulares.<\/span><\/p>\n<\/p>\n<p><span class=\"text1noticias\">En una  rueda de prensa, celebrada en el Instituto Jos\u00e9 Francisco Pe\u00f1a G\u00f3mez, el doctor H\u00e9ctor Grullon Moronta,  Director del Departamento de Asuntos Municipales del PRM, dijo que \u00abal analizar el contenido del pacto firmado en el jueves y compararlo con el texto del acuerdo vigente y firmado por las mismas entidades los \u00faltimos a\u00f1os, hemos podido comprobar serias y graves modificaciones en el mismo, alteraciones que se pueden comprobar al comparar el acuerdo original con el firmado  por los partidos\u00bb.<\/span><\/p>\n<\/p>\n<p><span class=\"text1noticias\">Dijo que el PRD est\u00e1 sorprendido porque \u00aben conversaciones sostenidas con el representante del PLD, responsable de los asuntos municipales,  Ignacio Ditr\u00e9n, acordamos participar en la elaboraci\u00f3n del documento de referencia, el cual ser\u00eda consensuado y luego firmado por las fuerzas pol\u00edticas con representaci\u00f3n municipal y posteriormente dado a conocer al pa\u00eds\u00bb.<\/span><\/p>\n<\/p>\n<p><span class=\"text1noticias\">El PRM facilit\u00f3 una copia de la que dijo es la versi\u00f3n original de la regla de oro y la contrast\u00f3 con el contenido del documento firmado sin su presencia. En la comparaci\u00f3n se ve claramente c\u00f3mo se firm\u00f3 un texto que elimina la facultad de los regidores de elegir y elegir al presidente y vicepresidente de los respectivos cabildos.<\/span><\/p>\n<\/p>\n<p><span class=\"text1noticias\">En la rueda del PRM participaron  Andr\u00e9s Bautista, Presidente del PRM; H\u00e9ctor Guzm\u00e1n, Geanilda V\u00e1squez, los regidores Waldys Taveras,  Rosanna Delgado, Eduardito Arias, Rolfi Rojas, Alex N\u00fa\u00f1ez, Blas Blanc por el Distrito Nacional; por el municipio Santo Domingo Este estuvieron Robert Arias, Fernando Arturo Qui\u00f1ones, Amado Antonio D\u00edas,  Darlin Castillo, Adriano Rojas, Wanda Garc\u00eda y Antonio F&#8217;eliz..<\/span><\/p>\n<\/p>\n<p><span class=\"text1noticias\">Por Santo  Domingo Norte estuvieron  Yovanny   Bruno y  Dar\u00edo Liriano.<\/span><\/p>\n<\/p>\n<p><span class=\"text1noticias\">\u00abEste hecho, adem\u00e1s de violar en su esencia el pacto original, constituye una violaci\u00f3n a la ley de organizaci\u00f3n municipal que asigna las funciones de normar y fiscalizar al Concejo de Regidores y es un atentado a la institucionalidad municipal y a la democracia interna de los bloques de Regidores\u00bb.<\/span><\/p>\n<\/p>\n<p><span class=\"text1noticias\">Dijeron que el PRM es un  partido que, antes que cualquier otra consideraci\u00f3n, pone en primer lugar el inter\u00e9s del pa\u00eds y el inter\u00e9s de los mun\u00edcipes de cada comunidad. <\/span><\/p>\n<p><span class=\"text1noticias\">Dijeron  que tienen un compromiso con la gobernabilidad y la preservaci\u00f3n de la democracia por encima de cualquier otro inter\u00e9s\u00bb.<\/span><\/p>\n<\/p>\n<p><span class=\"text1noticias\">A continuaci\u00f3n Diariodominicano.com  reproduce el texto de la declaraci\u00f3n  del PRM:<\/span><\/p>\n<\/p>\n<p><strong><span class=\"text1noticias\">PRM Reitera Apoyo al \u00abPacto por la Democracia y la<\/span><\/strong><\/p>\n<p><strong><span class=\"text1noticias\">Gobernabilidad Municipal\u00bb Original<\/span><\/strong><\/p>\n<\/p>\n<p><span class=\"text1noticias\">Considera que el  pacto firmado ayer por el PLD, PRSC y PRD modifica el anterior al anular el derecho de los regidores y regidoras a elegir y ser elegidos.<\/span><\/p>\n<\/p>\n<p><span class=\"text1noticias\">El Partido Revolucionario Mayoritario, quiere dejar constancia de su sorpresa ante la noticia que da cuenta de la firma del Pacto por la Democracia y la Gobernabilidad Municipal\u00bb entre los partidos de la Liberaci\u00f3n Dominicana (PLD), Reformista Social Cristiano (PRSC) y Revolucionario Dominicano (PRD), en el d\u00eda de ayer, Jueves 14, en el Hotel Lina de esta capital.<\/span><\/p>\n<\/p>\n<p><span class=\"text1noticias\">Nuestra sorpresa se debe al hecho de que, en conversaciones sostenidas con el representante del PLD, responsable de los asuntos municipales, ingeniero Ignacio Ditr\u00e9n, acordamos participar en la elaboraci\u00f3n del documento de referencia, el cual ser\u00eda consensuado y luego firmado por las fuerzas pol\u00edticas con representaci\u00f3n municipal y posteriormente dado a conocer al pa\u00eds.<\/span><\/p>\n<p><span class=\"text1noticias\">Dentro de los compromisos acordados con el Partido de Gobierno, estaba la realizaci\u00f3n de una Rueda de Prensa que llevar\u00eda a cabo cada organizaci\u00f3n por separado, la cual servir\u00eda para presentar ante la opini\u00f3n p\u00fablica nuestras posiciones con relaci\u00f3n a la firma del Pacto, siendo nosotros los primeros en efectuar el encuentro con los periodistas.<\/span><\/p>\n<p><span class=\"text1noticias\">Al analizar el contenido del pacto firmado en el d\u00eda de ayer por las organizaciones pol\u00edticas mencionadas y compararlo con el texto del acuerdo vigente y firmado por las mismas entidades los \u00faltimos a\u00f1os, hemos podido comprobar serias y graves modificaciones en el mismo, alteraciones que se pueden comprobar al comparar los dispositivos siguientes.<\/span><\/p>\n<p><span class=\"text1noticias\">Versi\u00f3n Original de la llamada \u00abRegla de Oro\u00bb, iniciativa del Dr. Jos\u00e9 Francisco Pe\u00f1a G\u00f3mez:<\/span><\/p>\n<p><span class=\"text1noticias\">PRIMERO Instruir a nuestros alcaldes\/as, directores\/as, regidores\/as, y vocales para que en la conformaci\u00f3n de los bufetes directivos a ser escogidos el pr\u00f3ximo 16 de agosto sea respaldado para ocupar el cargo de presidente\/a y vicepresidente\/a, el\/la candidata a ser escogido democr\u00e1ticamente por el bloque de regidores\/as o vocales del partido o coalici\u00f3n mayoritaria, al cual pertenece el\/la alcalde\/sa o director\/a de distrito.<\/span><\/p>\n<p><span class=\"text1noticias\">Queda bien claro que es el Bloque de Regidores o Vocales del Partido el que escoge los directivos del bufete y no los alcaldes.<\/span><\/p>\n<p><span class=\"text1noticias\">Versi\u00f3n firmada por el PRD, PLD y el PRSC:<\/span><\/p>\n<p><span class=\"text1noticias\">PRIMERO: Instruir a sus Alcaldes\/Alcaldesas, Directores\/Directoras de Distritos Municipales, Regidores\/Regidoras, as\u00ed como sus respectivos Vocales, para que en la conformaci\u00f3n de los bufetes directivos de sus Salas Capitulares, a ser escogidos el pr\u00f3ximo 16 de agosto, sean respaldados\/respaldadas, para ocupar el cargo de Presidente\/Presidenta, as\u00ed como de Vicepresidente\/ Vice Presidenta de la Sala Capitular, el candidato\/candidata que proponga el Alcalde\/Alcaldesa o Director\/Directora a ser consensuado democr\u00e1ticamente con el bloque de Regidores o Vocales al cual pertenece.<\/span><\/p>\n<p><span class=\"text1noticias\">El pacto firmado ayer por el PLD, PRSC y PRD anula el derecho de los regidores y vocales a elegir y ser elegidos democr\u00e1ticamente y pone en manos del alcalde a quien quiere como presidente y vicepresidente de las salas capitulares.<\/span><\/p>\n<p><span class=\"text1noticias\">Este hecho, adem\u00e1s de violar en su esencia el pacto original, constituye una violaci\u00f3n a la ley de organizaci\u00f3n municipal que asigna las funciones de normar y fiscalizar al Concejo de Regidores y es un atentado a la institucionalidad municipal y a la democracia interna de los bloques de Regidores.<\/span><\/p>\n<p><span class=\"text1noticias\">Esta parece ser la raz\u00f3n, por la cual nuestros delegados no fueron convocados a participar de la firma del pacto, conociendo nuestro apoyo p\u00fablico al pacto original en lo concerniente a que los directivos de los bufetes de las salas capitulares sean escogidos democr\u00e1ticamente por el bloque de regidores\/as o vocales del partido o coalici\u00f3n mayoritaria.<\/span><\/p>\n<p><span class=\"text1noticias\">Somos un partido que, antes que cualquier otra consideraci\u00f3n, pone en primer lugar el inter\u00e9s del pa\u00eds y, en el caso que nos ocupa, el inter\u00e9s de los mun\u00edcipes de cada comunidad.<\/span><\/p>\n<p><span class=\"text1noticias\">Reiteramos nuestro compromiso con la gobernabilidad y la preservaci\u00f3n de la democracia por encima de cualquier otro inter\u00e9s.<\/span><\/p>\n<p><span class=\"text1noticias\">Dejamos claro que somos respetuosos de los acuerdos y honramos los pactos que asumimos. Por ello, pese a todo, reiteramos el compromiso contenido en el Pacto Original por la Democracia y la Gobernabilidad Municipal tal y como lo concibi\u00f3 el doctor Jos\u00e9 Francisco Pe\u00f1a G\u00f3mez y que nosotros present\u00e1ramos al pa\u00eds el pasado mi\u00e9rcoles, en Rueda de Prensa.<\/span><\/p>\n<\/p>\n<\/p>\n<\/p>\n<\/p>\n<h6> 2014-08-15 18:31:52 <\/h6>\n<p><!--\n<link rel=\"stylesheet\" href=\"css\/bootstrap.min.css\">\n\n\n<ul class=\"pagination\">\n\t    \n\t\n\n<li >\n\t<a href='?page_no=14822'>Previous<\/a>\n\t<\/li>\n\n\n       \n    \n\n<li><a href='?page_no=1'>1<\/a><\/li>\n\n\n\n<li><a href='?page_no=2'>2<\/a><\/li>\n\n\n\n<li><a>...<\/a><\/li>\n\n\n\n<li><a href='?page_no=14821'>14821<\/a><\/li>\n\n\n\n<li><a href='?page_no=14822'>14822<\/a><\/li>\n\n\n\n<li class='active'><a>14823<\/a><\/li>\n\n\n\n<li><a href='?page_no=14824'>14824<\/a><\/li>\n\n\n\n<li><a href='?page_no=14825'>14825<\/a><\/li>\n\n\n\n<li><a>...<\/a><\/li>\n\n\n\n<li><a href='?page_no=36999'>36999<\/a><\/li>\n\n\n\n<li><a href='?page_no=37000'>37000<\/a><\/li>\n\n    \n\t\n\n<li >\n\t<a href='?page_no=14824'>Next<\/a>\n\t<\/li>\n\n\n    \n\n<li><a href='?page_no=37000'>Last &rsaquo;&rsaquo;<\/a><\/li>\n\n<\/ul>\n\n\n--><br \/>\n<\/body><\/p>\n","protected":false},"excerpt":{"rendered":"<p>SANTO DOMINGO, RD, 15 de Agosto de 2015.- El Partido Revolucionario Mayoritario (PRM) sostuvo el viernes que el pacto firmado el jueves por el PLD, PRSC y PRD por la gobernalidad en los cabildos anula el derecho de los regidores y vocales a elegir y ser elegidos democr\u00e1ticamente y pone en manos del alcalde a [&hellip;]<\/p>\n","protected":false},"author":3,"featured_media":0,"comment_status":"open","ping_status":"open","sticky":false,"template":"","format":"standard","meta":{"footnotes":""},"categories":[22],"tags":[],"class_list":["post-162415","post","type-post","status-publish","format-standard","hentry","category-politica"],"_links":{"self":[{"href":"https:\/\/diariodominicano.com\/index.php?rest_route=\/wp\/v2\/posts\/162415","targetHints":{"allow":["GET"]}}],"collection":[{"href":"https:\/\/diariodominicano.com\/index.php?rest_route=\/wp\/v2\/posts"}],"about":[{"href":"https:\/\/diariodominicano.com\/index.php?rest_route=\/wp\/v2\/types\/post"}],"author":[{"embeddable":true,"href":"https:\/\/diariodominicano.com\/index.php?rest_route=\/wp\/v2\/users\/3"}],"replies":[{"embeddable":true,"href":"https:\/\/diariodominicano.com\/index.php?rest_route=%2Fwp%2Fv2%2Fcomments&post=162415"}],"version-history":[{"count":0,"href":"https:\/\/diariodominicano.com\/index.php?rest_route=\/wp\/v2\/posts\/162415\/revisions"}],"wp:attachment":[{"href":"https:\/\/diariodominicano.com\/index.php?rest_route=%2Fwp%2Fv2%2Fmedia&parent=162415"}],"wp:term":[{"taxonomy":"category","embeddable":true,"href":"https:\/\/diariodominicano.com\/index.php?rest_route=%2Fwp%2Fv2%2Fcategories&post=162415"},{"taxonomy":"post_tag","embeddable":true,"href":"https:\/\/diariodominicano.com\/index.php?rest_route=%2Fwp%2Fv2%2Ftags&post=162415"}],"curies":[{"name":"wp","href":"https:\/\/api.w.org\/{rel}","templated":true}]}}