{"id":162414,"date":"2014-08-15T18:36:44","date_gmt":"2014-08-15T18:36:44","guid":{"rendered":"http:\/\/diariodominicano.ddns.net\/?p=162414"},"modified":"2014-08-15T18:36:44","modified_gmt":"2014-08-15T18:36:44","slug":"pld-recuerda-a-norge-botello-en-6to-aniversario-de-su-fallecimiento","status":"publish","type":"post","link":"https:\/\/diariodominicano.com\/?p=162414","title":{"rendered":"PLD recuerda a Norge Botello en 6to aniversario de su fallecimiento"},"content":{"rendered":"<p><body><\/p>\n<p><img decoding=\"async\" src=\"img3\/norge 15.jpg\" \/>  <\/p>\n<p>Santo Domingo RD 15 agosto.- El Partido de la Liberaci\u00f3n Dominicana (PLD)  recuerda este d\u00eda a su miembro fundador, Norge Botello, quien falleciera un d\u00eda como hoy en el a\u00f1o 2008.<\/p>\n<\/p>\n<p>A su memoria, familiares, amigos, relacionados y dirigentes del PLD, as\u00ed como representantes del sector aeron\u00e1utico participar\u00e1n de una eucarist\u00eda pautada para realizarse en la Iglesia Jes\u00fas Maestro en el sector Mirador Sur de la Capital  <\/p>\n<\/p>\n<p>Al ser sepultado en el cementerio Cristo Redentor su panegirista, tambi\u00e9n  fundador  del PLD, Euclides Guti\u00e9rrez F\u00e9lix, lo calific\u00f3 de pr\u00f3cer por sus virtudes de hombre honrado y luchador por los m\u00e1s preciados intereses de la naci\u00f3n. Botello, quien falleci\u00f3 siendo miembro del Comit\u00e9 Pol\u00edtico del PLD, ingres\u00f3 a la vida pol\u00edtica muy joven  como miembro de la resistencia antitrujillista durante los a\u00f1os finales de la dictadura.<\/p>\n<\/p>\n<p>Perteneci\u00f3 al Movimiento Revolucionario 14 de Junio, organizaci\u00f3n patri\u00f3tica que lider\u00f3 Manuel Aurelio Tavares Justo, quien falleci\u00f3 en la loma Las Manaclas durante la guerrilla de diciembre de 1963.<\/p>\n<\/p>\n<p>Tuvo una destacada participaci\u00f3n en la insurrecci\u00f3n c\u00edvico militar de abril de 1965, en la que fue comandante del comando B-3, ubicado en la calle Jacinto de la Concha, en Villa Francisca.<\/p>\n<\/p>\n<p>Botello fue jefe de la seguridad de Juan Bosch durante varios a\u00f1os. Fue diputado al Congreso Nacional y presidente de la C\u00e1mara de Diputados, secretario de Interior y Polic\u00eda, director de Autoridad Portuaria y del  Instituto Dominicano de Aviaci\u00f3n Civil (IDAC).<\/p>\n<\/p>\n<p>El  hoy Presidente de la Rep\u00fablica,  Danilo Medina, quien  sustituy\u00f3 a Botello en la presidencia de la C\u00e1mara de Diputados, defini\u00f3 al dirigente fenecido como un patriota.<\/p>\n<\/p>\n<p>\u00abFue un hombre con una gran sensibilidad social, creo que para el PLD es una p\u00e9rdida irreparable y el pa\u00eds pierde uno de sus mejores hombres\u00bb dijo Medina, previo al acto de sepelio. <\/p>\n<\/p>\n<p>El sepelio de Botello se realiz\u00f3 al segundo d\u00eda de su fallecimiento, el d\u00eda 17 de agosto, constituyendo este acto un masivo acto que congreg\u00f3 los sectores sociales y pol\u00edticos m\u00e1s diversos del pa\u00eds.<\/p>\n<\/p>\n<p>El pasado mes de enero el PLD clausur\u00f3 su congreso ordinario, que en honor al fenecido dirigente le llam\u00f3   VIII Congreso Ordinario del PLD Comandante Norge Botello.<\/p>\n<\/p>\n<p>Adjunto: Norge Botello a quien el PLD dedicara su reci\u00e9n concluido VIII Congreso Ordinario.<\/p>\n<\/p>\n<p>SECRETARIA DE COMUNICACIONES<\/p>\n<p>15 DE AGOSTO DE 2014.<\/p>\n<p> ________________________________________________________________________________________________________<\/p>\n<p>Av. Independencia No. 401. Esq. Cervantes, Gazcue . Tels.: 809-685-3440 . Fax: 809-685-3445 . Central: 809-685-3540 . http:\/\/www.pldaldia.com<\/p>\n<p>Zona de los archivos adjuntos<\/p>\n<p>Vista previa del archivo adjunto Botello 15-8-14.JPG<\/p>\n<p>Imagen<\/p>\n<p>Botello 15-8-14.JPG<\/p>\n<h6> 2014-08-15 18:36:44 <\/h6>\n<p><!--\n<link rel=\"stylesheet\" href=\"css\/bootstrap.min.css\">\n\n\n<ul class=\"pagination\">\n\t    \n\t\n\n<li >\n\t<a href='?page_no=14821'>Previous<\/a>\n\t<\/li>\n\n\n       \n    \n\n<li><a href='?page_no=1'>1<\/a><\/li>\n\n\n\n<li><a href='?page_no=2'>2<\/a><\/li>\n\n\n\n<li><a>...<\/a><\/li>\n\n\n\n<li><a href='?page_no=14820'>14820<\/a><\/li>\n\n\n\n<li><a href='?page_no=14821'>14821<\/a><\/li>\n\n\n\n<li class='active'><a>14822<\/a><\/li>\n\n\n\n<li><a href='?page_no=14823'>14823<\/a><\/li>\n\n\n\n<li><a href='?page_no=14824'>14824<\/a><\/li>\n\n\n\n<li><a>...<\/a><\/li>\n\n\n\n<li><a href='?page_no=36999'>36999<\/a><\/li>\n\n\n\n<li><a href='?page_no=37000'>37000<\/a><\/li>\n\n    \n\t\n\n<li >\n\t<a href='?page_no=14823'>Next<\/a>\n\t<\/li>\n\n\n    \n\n<li><a href='?page_no=37000'>Last &rsaquo;&rsaquo;<\/a><\/li>\n\n<\/ul>\n\n\n--><br \/>\n<\/body><\/p>\n","protected":false},"excerpt":{"rendered":"<p>Santo Domingo RD 15 agosto.- El Partido de la Liberaci\u00f3n Dominicana (PLD) recuerda este d\u00eda a su miembro fundador, Norge Botello, quien falleciera un d\u00eda como hoy en el a\u00f1o 2008. A su memoria, familiares, amigos, relacionados y dirigentes del PLD, as\u00ed como representantes del sector aeron\u00e1utico participar\u00e1n de una eucarist\u00eda pautada para realizarse en [&hellip;]<\/p>\n","protected":false},"author":3,"featured_media":0,"comment_status":"open","ping_status":"open","sticky":false,"template":"","format":"standard","meta":{"footnotes":""},"categories":[22],"tags":[],"class_list":["post-162414","post","type-post","status-publish","format-standard","hentry","category-politica"],"_links":{"self":[{"href":"https:\/\/diariodominicano.com\/index.php?rest_route=\/wp\/v2\/posts\/162414","targetHints":{"allow":["GET"]}}],"collection":[{"href":"https:\/\/diariodominicano.com\/index.php?rest_route=\/wp\/v2\/posts"}],"about":[{"href":"https:\/\/diariodominicano.com\/index.php?rest_route=\/wp\/v2\/types\/post"}],"author":[{"embeddable":true,"href":"https:\/\/diariodominicano.com\/index.php?rest_route=\/wp\/v2\/users\/3"}],"replies":[{"embeddable":true,"href":"https:\/\/diariodominicano.com\/index.php?rest_route=%2Fwp%2Fv2%2Fcomments&post=162414"}],"version-history":[{"count":0,"href":"https:\/\/diariodominicano.com\/index.php?rest_route=\/wp\/v2\/posts\/162414\/revisions"}],"wp:attachment":[{"href":"https:\/\/diariodominicano.com\/index.php?rest_route=%2Fwp%2Fv2%2Fmedia&parent=162414"}],"wp:term":[{"taxonomy":"category","embeddable":true,"href":"https:\/\/diariodominicano.com\/index.php?rest_route=%2Fwp%2Fv2%2Fcategories&post=162414"},{"taxonomy":"post_tag","embeddable":true,"href":"https:\/\/diariodominicano.com\/index.php?rest_route=%2Fwp%2Fv2%2Ftags&post=162414"}],"curies":[{"name":"wp","href":"https:\/\/api.w.org\/{rel}","templated":true}]}}