{"id":162413,"date":"2014-08-15T19:35:37","date_gmt":"2014-08-15T19:35:37","guid":{"rendered":"http:\/\/diariodominicano.ddns.net\/?p=162413"},"modified":"2014-08-15T19:35:37","modified_gmt":"2014-08-15T19:35:37","slug":"partido-reformista-escoge-aristy-castro-y-ratifica-a-genao-como-voceros-en-congreso","status":"publish","type":"post","link":"https:\/\/diariodominicano.com\/?p=162413","title":{"rendered":"Partido Reformista escoge Aristy Castro y ratifica a Genao como voceros en Congreso"},"content":{"rendered":"<p><body><\/p>\n<p><img decoding=\"async\" src=\"img3\/RPSC.jpg\" \/>  <\/p>\n<p><span class=\"text1noticias\">Santo Domingo, R. D., 15 de agosto.- El Partido Reformista Social Cristiano, (PRSC) en su reuni\u00f3n del Directorio Presidencial, escogi\u00f3 como voceros en el Senado al representante por la provincia La Altagracia, Amable Aristy Castro y ratific\u00f3 en la c\u00e1mara de Diputados a Ram\u00f3n Rogelio Genao.<\/span><\/p>\n<p><span class=\"text1noticias\"> <\/span><\/p>\n<p><span class=\"text1noticias\">La decisi\u00f3n que fue acogida a unanimidad, incluido el voto favorable del legislador Feliz V\u00e1squez, actual vocero de esa organizaci\u00f3n pol\u00edtica en el senado.<\/span><\/p>\n<p><span class=\"text1noticias\"> <\/span><\/p>\n<p><span class=\"text1noticias\">El presidente del PRSC, Quique Ant\u00fan, felicit\u00f3 la actitud desprendida y sensata del Senador V\u00e1squez, a quien congratul\u00f3 por el trabajo desarrollado como portavoz de la organizaci\u00f3n en el Senado de la Rep\u00fablica.<\/span><\/p>\n<p><span class=\"text1noticias\"> <\/span><\/p>\n<p><span class=\"text1noticias\">En ese mismo orden, los miembros del Directorio Presidencial reformista, aprobaron la moci\u00f3n presentada por varios diputados y otros miembros del \u00f3rgano de direcci\u00f3n del PRSC, para que Ram\u00f3n Rogelio Genao, quien adem\u00e1s es el Secretario General de la organizaci\u00f3n color\u00e1, contin\u00fae  como vocero del bloque en la C\u00e1mara de Diputados.<\/span><\/p>\n<p><span class=\"text1noticias\"> <\/span><\/p>\n<p><span class=\"text1noticias\">Ambas propuestas, fueron presentadas a los miembros presentes del Directorio Presidencial,  por la diputada por Monse\u00f1or Nouel, Mercedes Fern\u00e1ndez y sometida a votaci\u00f3n por el ingeniero Ant\u00fan<\/span><\/p>\n<p><span class=\"text1noticias\"> <\/span><\/p>\n<p><span class=\"text1noticias\">De inmediato, Ant\u00fan procedi\u00f3 a juramentar a los nuevos voceros del Senado y la C\u00e1mara de Diputados, Amable Aristy Castro y Ram\u00f3n Rogelio Genao, respectivamente.<\/span><\/p>\n<p><span class=\"text1noticias\"> <\/span><\/p>\n<p><span class=\"text1noticias\">El Directorio Presidencial decidi\u00f3 tambi\u00e9n dar un voto de reconocimiento al regidor y actual presidente del Consejo de Regidores del Ayuntamiento de Santiago, Rafael Cruz (Papito), por su trayectoria y ardua labor en beneficio de la organizaci\u00f3n pol\u00edtica y los mun\u00edcipes de su natal San<\/span>tiago.<\/p>\n<h6> 2014-08-15 19:35:37 <\/h6>\n<p><!--\n<link rel=\"stylesheet\" href=\"css\/bootstrap.min.css\">\n\n\n<ul class=\"pagination\">\n\t    \n\t\n\n<li >\n\t<a href='?page_no=14820'>Previous<\/a>\n\t<\/li>\n\n\n       \n    \n\n<li><a href='?page_no=1'>1<\/a><\/li>\n\n\n\n<li><a href='?page_no=2'>2<\/a><\/li>\n\n\n\n<li><a>...<\/a><\/li>\n\n\n\n<li><a href='?page_no=14819'>14819<\/a><\/li>\n\n\n\n<li><a href='?page_no=14820'>14820<\/a><\/li>\n\n\n\n<li class='active'><a>14821<\/a><\/li>\n\n\n\n<li><a href='?page_no=14822'>14822<\/a><\/li>\n\n\n\n<li><a href='?page_no=14823'>14823<\/a><\/li>\n\n\n\n<li><a>...<\/a><\/li>\n\n\n\n<li><a href='?page_no=36999'>36999<\/a><\/li>\n\n\n\n<li><a href='?page_no=37000'>37000<\/a><\/li>\n\n    \n\t\n\n<li >\n\t<a href='?page_no=14822'>Next<\/a>\n\t<\/li>\n\n\n    \n\n<li><a href='?page_no=37000'>Last &rsaquo;&rsaquo;<\/a><\/li>\n\n<\/ul>\n\n\n--><br \/>\n<\/body><\/p>\n","protected":false},"excerpt":{"rendered":"<p>Santo Domingo, R. D., 15 de agosto.- El Partido Reformista Social Cristiano, (PRSC) en su reuni\u00f3n del Directorio Presidencial, escogi\u00f3 como voceros en el Senado al representante por la provincia La Altagracia, Amable Aristy Castro y ratific\u00f3 en la c\u00e1mara de Diputados a Ram\u00f3n Rogelio Genao. La decisi\u00f3n que fue acogida a unanimidad, incluido el [&hellip;]<\/p>\n","protected":false},"author":3,"featured_media":0,"comment_status":"open","ping_status":"open","sticky":false,"template":"","format":"standard","meta":{"footnotes":""},"categories":[22],"tags":[],"class_list":["post-162413","post","type-post","status-publish","format-standard","hentry","category-politica"],"_links":{"self":[{"href":"https:\/\/diariodominicano.com\/index.php?rest_route=\/wp\/v2\/posts\/162413","targetHints":{"allow":["GET"]}}],"collection":[{"href":"https:\/\/diariodominicano.com\/index.php?rest_route=\/wp\/v2\/posts"}],"about":[{"href":"https:\/\/diariodominicano.com\/index.php?rest_route=\/wp\/v2\/types\/post"}],"author":[{"embeddable":true,"href":"https:\/\/diariodominicano.com\/index.php?rest_route=\/wp\/v2\/users\/3"}],"replies":[{"embeddable":true,"href":"https:\/\/diariodominicano.com\/index.php?rest_route=%2Fwp%2Fv2%2Fcomments&post=162413"}],"version-history":[{"count":0,"href":"https:\/\/diariodominicano.com\/index.php?rest_route=\/wp\/v2\/posts\/162413\/revisions"}],"wp:attachment":[{"href":"https:\/\/diariodominicano.com\/index.php?rest_route=%2Fwp%2Fv2%2Fmedia&parent=162413"}],"wp:term":[{"taxonomy":"category","embeddable":true,"href":"https:\/\/diariodominicano.com\/index.php?rest_route=%2Fwp%2Fv2%2Fcategories&post=162413"},{"taxonomy":"post_tag","embeddable":true,"href":"https:\/\/diariodominicano.com\/index.php?rest_route=%2Fwp%2Fv2%2Ftags&post=162413"}],"curies":[{"name":"wp","href":"https:\/\/api.w.org\/{rel}","templated":true}]}}