{"id":162412,"date":"2014-08-15T20:06:17","date_gmt":"2014-08-15T20:06:17","guid":{"rendered":"http:\/\/diariodominicano.ddns.net\/?p=162412"},"modified":"2014-08-15T20:06:17","modified_gmt":"2014-08-15T20:06:17","slug":"concluye-diplomado-en-redes-sociales-para-capacitar-dirigentes-pld","status":"publish","type":"post","link":"https:\/\/diariodominicano.com\/?p=162412","title":{"rendered":"Concluye Diplomado en Redes Sociales para capacitar dirigentes PLD"},"content":{"rendered":"<p><body><\/p>\n<p><img decoding=\"async\" src=\"img3\/DSC_1271.JPG\" \/>  <\/p>\n<p><span class=\"text1noticias\">Santo Domingo, R. D., 15 de agosto.- A fin de seguir con la formaci\u00f3n de sus miembros y desarrollar un liderazgo en esa organizaci\u00f3n, tanto pol\u00edtico como tecnol\u00f3gico dentro de las redes sociales, el presidente de la Circunscripci\u00f3n 2 del Distrito Nacional por el Partido de la Liberaci\u00f3n Dominicana, (PLD), licenciado H\u00e9ctor Mojica,  presidi\u00f3 la graduaci\u00f3n del Diplomado 2.0 impartido por un grupo de dirigentes profesionales del partido morado.<\/span><\/p>\n<p><span class=\"text1noticias\"> <\/span><\/p>\n<p><span class=\"text1noticias\">Mojica durante la entrega de los certificados a 30 estudiantes, dijo sentirse contento por los frutos recibidos del diplomado que viene a fortalecer los conocimientos en cuanto al manejo y publicaci\u00f3n, aplicando las estrategias comunicacionales aprendidas y de esa forma seguir consolidando la plataforma de poder en esa demarcaci\u00f3n territorial.<\/span><\/p>\n<p><span class=\"text1noticias\"> <\/span><\/p>\n<p><span class=\"text1noticias\">El funcionario dijo que nuestro pa\u00eds est\u00e1 cada d\u00eda m\u00e1s en v\u00eda de desarrollo de los medios electr\u00f3nicos, especialmente en el uso de las Redes Sociales como es el caso de Facebook y Twitter, donde se usa adem\u00e1s los celulares, los cuales si son inteligentes tienen todas las aplicaciones de la Internet. Indic\u00f3 que el sistema de partidos tiene que renovarse, debido a que va envejeciendo en su funcionalidad estructural y se separa de la realidad cibern\u00e9tica en la medida en que se ausenta del uso de las tecnolog\u00edas.<\/span><\/p>\n<p><span class=\"text1noticias\"> <\/span><\/p>\n<p><span class=\"text1noticias\">El presidente de la circunscripci\u00f3n 2 del Distrito Nacional dijo es necesario incorporar la tecnolog\u00eda  a la pol\u00edtica generando la participaci\u00f3n en foros y el debate respetuoso, conceptual  dentro de una lluvia de  ideas.<\/span><\/p>\n<p><span class=\"text1noticias\"> <\/span><\/p>\n<p><span class=\"text1noticias\">Mientras que, el licenciado Manuel Cruz, uno de los instructores, expres\u00f3 que el diplomado ya est\u00e1 contribuyendo en la formaci\u00f3n del equipo de trabajo de comunicaci\u00f3n y redes sociales en la circunscripci\u00f3n 2 del Distrito Nacional del PLD.<\/span><\/p>\n<p><span class=\"text1noticias\"> <\/span><\/p>\n<p><span class=\"text1noticias\">Dentro de los temas impartidos figuran: Manejo de Twitter, Facebook, P\u00e1gina Web, medici\u00f3n de candidatos y medici\u00f3n en las Redes Sociales, que son una pieza clave para trabajar publicaciones y llevar a cualquier  candidato de la circunscripci\u00f3n 2 del Distrito Nacional a un alto nivel en la preferencia del electo<\/span>rado.<\/p>\n<h6> 2014-08-15 20:06:17 <\/h6>\n<p><!--\n<link rel=\"stylesheet\" href=\"css\/bootstrap.min.css\">\n\n\n<ul class=\"pagination\">\n\t    \n\t\n\n<li >\n\t<a href='?page_no=14819'>Previous<\/a>\n\t<\/li>\n\n\n       \n    \n\n<li><a href='?page_no=1'>1<\/a><\/li>\n\n\n\n<li><a href='?page_no=2'>2<\/a><\/li>\n\n\n\n<li><a>...<\/a><\/li>\n\n\n\n<li><a href='?page_no=14818'>14818<\/a><\/li>\n\n\n\n<li><a href='?page_no=14819'>14819<\/a><\/li>\n\n\n\n<li class='active'><a>14820<\/a><\/li>\n\n\n\n<li><a href='?page_no=14821'>14821<\/a><\/li>\n\n\n\n<li><a href='?page_no=14822'>14822<\/a><\/li>\n\n\n\n<li><a>...<\/a><\/li>\n\n\n\n<li><a href='?page_no=36999'>36999<\/a><\/li>\n\n\n\n<li><a href='?page_no=37000'>37000<\/a><\/li>\n\n    \n\t\n\n<li >\n\t<a href='?page_no=14821'>Next<\/a>\n\t<\/li>\n\n\n    \n\n<li><a href='?page_no=37000'>Last &rsaquo;&rsaquo;<\/a><\/li>\n\n<\/ul>\n\n\n--><br \/>\n<\/body><\/p>\n","protected":false},"excerpt":{"rendered":"<p>Santo Domingo, R. D., 15 de agosto.- A fin de seguir con la formaci\u00f3n de sus miembros y desarrollar un liderazgo en esa organizaci\u00f3n, tanto pol\u00edtico como tecnol\u00f3gico dentro de las redes sociales, el presidente de la Circunscripci\u00f3n 2 del Distrito Nacional por el Partido de la Liberaci\u00f3n Dominicana, (PLD), licenciado H\u00e9ctor Mojica, presidi\u00f3 la [&hellip;]<\/p>\n","protected":false},"author":3,"featured_media":0,"comment_status":"open","ping_status":"open","sticky":false,"template":"","format":"standard","meta":{"footnotes":""},"categories":[22],"tags":[],"class_list":["post-162412","post","type-post","status-publish","format-standard","hentry","category-politica"],"_links":{"self":[{"href":"https:\/\/diariodominicano.com\/index.php?rest_route=\/wp\/v2\/posts\/162412","targetHints":{"allow":["GET"]}}],"collection":[{"href":"https:\/\/diariodominicano.com\/index.php?rest_route=\/wp\/v2\/posts"}],"about":[{"href":"https:\/\/diariodominicano.com\/index.php?rest_route=\/wp\/v2\/types\/post"}],"author":[{"embeddable":true,"href":"https:\/\/diariodominicano.com\/index.php?rest_route=\/wp\/v2\/users\/3"}],"replies":[{"embeddable":true,"href":"https:\/\/diariodominicano.com\/index.php?rest_route=%2Fwp%2Fv2%2Fcomments&post=162412"}],"version-history":[{"count":0,"href":"https:\/\/diariodominicano.com\/index.php?rest_route=\/wp\/v2\/posts\/162412\/revisions"}],"wp:attachment":[{"href":"https:\/\/diariodominicano.com\/index.php?rest_route=%2Fwp%2Fv2%2Fmedia&parent=162412"}],"wp:term":[{"taxonomy":"category","embeddable":true,"href":"https:\/\/diariodominicano.com\/index.php?rest_route=%2Fwp%2Fv2%2Fcategories&post=162412"},{"taxonomy":"post_tag","embeddable":true,"href":"https:\/\/diariodominicano.com\/index.php?rest_route=%2Fwp%2Fv2%2Ftags&post=162412"}],"curies":[{"name":"wp","href":"https:\/\/api.w.org\/{rel}","templated":true}]}}