{"id":162409,"date":"2014-08-15T23:18:29","date_gmt":"2014-08-15T23:18:29","guid":{"rendered":"http:\/\/diariodominicano.ddns.net\/?p=162409"},"modified":"2014-08-15T23:18:29","modified_gmt":"2014-08-15T23:18:29","slug":"jce-informa-no-habra-cedulacion-este-fin-de-semana","status":"publish","type":"post","link":"https:\/\/diariodominicano.com\/?p=162409","title":{"rendered":"JCE informa no habr\u00e1 cedulaci\u00f3n este fin de semana"},"content":{"rendered":"<p><body><\/p>\n<p><span class=\"text1noticias\">Santo Domingo, R. D., 15 de agosto.- La Junta Central Electoral Inform\u00f3 que por motivos de la conmemoraci\u00f3n del D\u00eda de la Restauraci\u00f3n  de la Independencia  de la Rep\u00fablica Dominicana, los Centros de Cedulaci\u00f3n  de la Junta Central Electoral No Laborar\u00e1n, con servicio al p\u00fablico,  durante este fin de semana.<\/span><\/p>\n<p><span class=\"text1noticias\"> <\/span><\/p>\n<p><span class=\"text1noticias\">La Direcci\u00f3n de Comunicaciones  expresa que La ocasi\u00f3n ser\u00e1 aprovechada para que  el  personal t\u00e9cnico realice    una  actualizaci\u00f3n  de la Plataforma  Tecnol\u00f3gica   que eleve la calidad de los procesos correspondientes     a la   expedici\u00f3n  de la nueva c\u00e9dula de Identidad y Electoral y continuar brindando de esa manera un servicio al p\u00fablico cada vez m\u00e1s  eficiente.<\/span><\/p>\n<p><span class=\"text1noticias\"> <\/span><\/p>\n<p><span class=\"text1noticias\">La disposici\u00f3n contenida en una circular del Presidente de la  Junta Central Electoral, doctor Roberto Rosario M\u00e1rquez, expresa que     los servicios al p\u00fablico en todos los centros de cedulaci\u00f3n  as\u00ed como en las dem\u00e1s oficinas de la Junta Central Electoral  ser\u00e1n reabiertos en los horarios habituales  a partir de este lunes  18 de agosto del a\u00f1o en curso.<\/span><\/p>\n<h6> 2014-08-15 23:18:29 <\/h6>\n<p><!--\n<link rel=\"stylesheet\" href=\"css\/bootstrap.min.css\">\n\n\n<ul class=\"pagination\">\n\t    \n\t\n\n<li >\n\t<a href='?page_no=14817'>Previous<\/a>\n\t<\/li>\n\n\n       \n    \n\n<li><a href='?page_no=1'>1<\/a><\/li>\n\n\n\n<li><a href='?page_no=2'>2<\/a><\/li>\n\n\n\n<li><a>...<\/a><\/li>\n\n\n\n<li><a href='?page_no=14816'>14816<\/a><\/li>\n\n\n\n<li><a href='?page_no=14817'>14817<\/a><\/li>\n\n\n\n<li class='active'><a>14818<\/a><\/li>\n\n\n\n<li><a href='?page_no=14819'>14819<\/a><\/li>\n\n\n\n<li><a href='?page_no=14820'>14820<\/a><\/li>\n\n\n\n<li><a>...<\/a><\/li>\n\n\n\n<li><a href='?page_no=36999'>36999<\/a><\/li>\n\n\n\n<li><a href='?page_no=37000'>37000<\/a><\/li>\n\n    \n\t\n\n<li >\n\t<a href='?page_no=14819'>Next<\/a>\n\t<\/li>\n\n\n    \n\n<li><a href='?page_no=37000'>Last &rsaquo;&rsaquo;<\/a><\/li>\n\n<\/ul>\n\n\n--><br \/>\n<\/body><\/p>\n","protected":false},"excerpt":{"rendered":"<p>Santo Domingo, R. D., 15 de agosto.- La Junta Central Electoral Inform\u00f3 que por motivos de la conmemoraci\u00f3n del D\u00eda de la Restauraci\u00f3n de la Independencia de la Rep\u00fablica Dominicana, los Centros de Cedulaci\u00f3n de la Junta Central Electoral No Laborar\u00e1n, con servicio al p\u00fablico, durante este fin de semana. La Direcci\u00f3n de Comunicaciones expresa [&hellip;]<\/p>\n","protected":false},"author":3,"featured_media":0,"comment_status":"open","ping_status":"open","sticky":false,"template":"","format":"standard","meta":{"footnotes":""},"categories":[22],"tags":[],"class_list":["post-162409","post","type-post","status-publish","format-standard","hentry","category-politica"],"_links":{"self":[{"href":"https:\/\/diariodominicano.com\/index.php?rest_route=\/wp\/v2\/posts\/162409","targetHints":{"allow":["GET"]}}],"collection":[{"href":"https:\/\/diariodominicano.com\/index.php?rest_route=\/wp\/v2\/posts"}],"about":[{"href":"https:\/\/diariodominicano.com\/index.php?rest_route=\/wp\/v2\/types\/post"}],"author":[{"embeddable":true,"href":"https:\/\/diariodominicano.com\/index.php?rest_route=\/wp\/v2\/users\/3"}],"replies":[{"embeddable":true,"href":"https:\/\/diariodominicano.com\/index.php?rest_route=%2Fwp%2Fv2%2Fcomments&post=162409"}],"version-history":[{"count":0,"href":"https:\/\/diariodominicano.com\/index.php?rest_route=\/wp\/v2\/posts\/162409\/revisions"}],"wp:attachment":[{"href":"https:\/\/diariodominicano.com\/index.php?rest_route=%2Fwp%2Fv2%2Fmedia&parent=162409"}],"wp:term":[{"taxonomy":"category","embeddable":true,"href":"https:\/\/diariodominicano.com\/index.php?rest_route=%2Fwp%2Fv2%2Fcategories&post=162409"},{"taxonomy":"post_tag","embeddable":true,"href":"https:\/\/diariodominicano.com\/index.php?rest_route=%2Fwp%2Fv2%2Ftags&post=162409"}],"curies":[{"name":"wp","href":"https:\/\/api.w.org\/{rel}","templated":true}]}}