{"id":162408,"date":"2014-08-16T14:08:01","date_gmt":"2014-08-16T14:08:01","guid":{"rendered":"http:\/\/diariodominicano.ddns.net\/?p=162408"},"modified":"2014-08-16T14:08:01","modified_gmt":"2014-08-16T14:08:01","slug":"juramentan-a-cristina-lizardo-y-a-abel-martinez-en-ambas-camaras","status":"publish","type":"post","link":"https:\/\/diariodominicano.com\/?p=162408","title":{"rendered":"Juramentan a Cristina Lizardo y a Abel Mart\u00ednez en ambas c\u00e1maras"},"content":{"rendered":"<p><body><\/p>\n<p><img decoding=\"async\" src=\"img3\/cristina 16.jpg\" \/>  <\/p>\n<p>Santo Domingo RD 16 agosto.- Senadora Cristina Lizardo y Abel Mart\u00ednez fueron juramentados este s\u00e1bado como presidentes del Senado y la C\u00e1mara de Diputados, respectivamente, luego de ser seleccionados por el Comit\u00e9 Pol\u00edtico del Partido de la Liberaci\u00f3n Dominicana.<\/p>\n<\/p>\n<p>La senadora Lizardo se convierte en la primera mujer que ocupa la presidencia en el Senado. En tanto, Mart\u00ednez fue reelecto en el cargo.<\/p>\n<\/p>\n<p>Con la juramentaci\u00f3n de sus respectivos bufetes directivos este 16 de agosto, el Senado y la C\u00e1mara de Diputados dejan abiertos los trabajos correspondientes a la segunda legislatura ordinaria de este a\u00f1o.<\/p>\n<\/p>\n<p>En la C\u00e1mara de Diputados funge como vicepresidenta Lucia Medina. Jos\u00e9 Luis Cosme y Licelot Arias ser\u00e1n los secretarios del bufete directivo<\/p>\n<\/p>\n<p>Mientras que a Lizardo le acompa\u00f1ar\u00e1n en la tarea, el senador por la provincia de Puerto Plata, Francis Vargas, quien fungir\u00e1 como vicepresidente de ese \u00f3rgano legislativo y los senadores, Amarilis Santana y Antonio Cruz, como secretarios.<\/p>\n<\/p>\n<h6> 2014-08-16 14:08:01 <\/h6>\n<p><!--\n<link rel=\"stylesheet\" href=\"css\/bootstrap.min.css\">\n\n\n<ul class=\"pagination\">\n\t    \n\t\n\n<li >\n\t<a href='?page_no=14816'>Previous<\/a>\n\t<\/li>\n\n\n       \n    \n\n<li><a href='?page_no=1'>1<\/a><\/li>\n\n\n\n<li><a href='?page_no=2'>2<\/a><\/li>\n\n\n\n<li><a>...<\/a><\/li>\n\n\n\n<li><a href='?page_no=14815'>14815<\/a><\/li>\n\n\n\n<li><a href='?page_no=14816'>14816<\/a><\/li>\n\n\n\n<li class='active'><a>14817<\/a><\/li>\n\n\n\n<li><a href='?page_no=14818'>14818<\/a><\/li>\n\n\n\n<li><a href='?page_no=14819'>14819<\/a><\/li>\n\n\n\n<li><a>...<\/a><\/li>\n\n\n\n<li><a href='?page_no=36999'>36999<\/a><\/li>\n\n\n\n<li><a href='?page_no=37000'>37000<\/a><\/li>\n\n    \n\t\n\n<li >\n\t<a href='?page_no=14818'>Next<\/a>\n\t<\/li>\n\n\n    \n\n<li><a href='?page_no=37000'>Last &rsaquo;&rsaquo;<\/a><\/li>\n\n<\/ul>\n\n\n--><br \/>\n<\/body><\/p>\n","protected":false},"excerpt":{"rendered":"<p>Santo Domingo RD 16 agosto.- Senadora Cristina Lizardo y Abel Mart\u00ednez fueron juramentados este s\u00e1bado como presidentes del Senado y la C\u00e1mara de Diputados, respectivamente, luego de ser seleccionados por el Comit\u00e9 Pol\u00edtico del Partido de la Liberaci\u00f3n Dominicana. La senadora Lizardo se convierte en la primera mujer que ocupa la presidencia en el Senado. [&hellip;]<\/p>\n","protected":false},"author":3,"featured_media":0,"comment_status":"open","ping_status":"open","sticky":false,"template":"","format":"standard","meta":{"footnotes":""},"categories":[22],"tags":[],"class_list":["post-162408","post","type-post","status-publish","format-standard","hentry","category-politica"],"_links":{"self":[{"href":"https:\/\/diariodominicano.com\/index.php?rest_route=\/wp\/v2\/posts\/162408","targetHints":{"allow":["GET"]}}],"collection":[{"href":"https:\/\/diariodominicano.com\/index.php?rest_route=\/wp\/v2\/posts"}],"about":[{"href":"https:\/\/diariodominicano.com\/index.php?rest_route=\/wp\/v2\/types\/post"}],"author":[{"embeddable":true,"href":"https:\/\/diariodominicano.com\/index.php?rest_route=\/wp\/v2\/users\/3"}],"replies":[{"embeddable":true,"href":"https:\/\/diariodominicano.com\/index.php?rest_route=%2Fwp%2Fv2%2Fcomments&post=162408"}],"version-history":[{"count":0,"href":"https:\/\/diariodominicano.com\/index.php?rest_route=\/wp\/v2\/posts\/162408\/revisions"}],"wp:attachment":[{"href":"https:\/\/diariodominicano.com\/index.php?rest_route=%2Fwp%2Fv2%2Fmedia&parent=162408"}],"wp:term":[{"taxonomy":"category","embeddable":true,"href":"https:\/\/diariodominicano.com\/index.php?rest_route=%2Fwp%2Fv2%2Fcategories&post=162408"},{"taxonomy":"post_tag","embeddable":true,"href":"https:\/\/diariodominicano.com\/index.php?rest_route=%2Fwp%2Fv2%2Ftags&post=162408"}],"curies":[{"name":"wp","href":"https:\/\/api.w.org\/{rel}","templated":true}]}}