{"id":162407,"date":"2014-08-16T14:38:09","date_gmt":"2014-08-16T14:38:09","guid":{"rendered":"http:\/\/diariodominicano.ddns.net\/?p=162407"},"modified":"2014-08-16T14:38:09","modified_gmt":"2014-08-16T14:38:09","slug":"abel-martinez-duran-fue-juramentado-presidente-camara-de-diputados-por-5ta-ocasion","status":"publish","type":"post","link":"https:\/\/diariodominicano.com\/?p=162407","title":{"rendered":"Abel Mart\u00ednez Dur\u00e1n fue juramentado, presidente C\u00e1mara de Diputados por 5ta ocasi\u00f3n"},"content":{"rendered":"<p><body><\/p>\n<p><img decoding=\"async\" src=\"img3\/eleccion 16.jpg\" \/>  <\/p>\n<p>Santo Domingo RD 16 agosto.- La C\u00e1mara de Diputados eligi\u00f3 este s\u00e1bado por quinta ocasi\u00f3n a Abel Mart\u00ednez Duran como presidente y de ese organismo legislativo para el periodo del 16 de agosto 2014 al 16 de agosto de 2015.<\/p>\n<\/p>\n<p> Le acompa\u00f1an Luc\u00eda Medina S\u00e1nchez, como vicepresidenta y los secretarios Licelot Arias y Jos\u00e9 Luis Cosme, quien completa el bufete directivo.<\/p>\n<\/p>\n<p>Mart\u00ednez Duran cont\u00f3 con  el voto favorable 166 diputados presentes.<\/p>\n<\/p>\n<p>Al ser juramentado por el diputado M\u00e1ximo Castro Silverio, Mart\u00ednez Duran dijo que seguir\u00e1 trabajando por la transparencia y con el apoyo de sus colegas para seguir impulsando leyes dirigida a fortalecer la institucionalidad y a  beneficiar a la ciudadan\u00eda.<\/p>\n<\/p>\n<p>Expres\u00f3 que la C\u00e1mara de Diputados defender\u00e1 los mejores intereses de la naci\u00f3n sin importar los sectores que se oponen a estos.<\/p>\n<\/p>\n<p>Dijo que a pesar de la diversidad de  la ideolog\u00eda a pod\u00edan ponerse de acuerdos en aquellos proyectos de gran importancia para la naci\u00f3n dominicana.<\/p>\n<\/p>\n<p>El bufete de edad provincial lo encabez\u00f3 el diputado reformista M\u00e1ximo Castro Silverio y actuaron como secretarios los diputados de menor edad, Carlos Guzm\u00e1n, representante del PLD, por la provincia de Santo Domingo y Enmanuel Bautista Taveras, del PRD, por la provincia Espaillat.<\/p>\n<\/p>\n<p>Luego de dejar abiertos los trabajos de la sesi\u00f3n, cada bloque present\u00f3 sus voceros, Rub\u00e9n Maldonado, por el PLD; Nelson Arroyo, del Partido Revolucionario Mayoritario (PRM; Ruddy Gonz\u00e1lez, por el PRD y Ram\u00f3n Rogelio Genao, por el PRSC.<\/p>\n<\/p>\n<p>Tambi\u00e9n se conform\u00f3 el bloque Parlamentario por la Democracia y la Institucionalidad, integrada por las diputadas Guadalupe Valdez y Minou Tav\u00e1rez Mirabal.<\/p>\n<\/p>\n<p>La C\u00e1mara de Diputados tiene en agenda importantes proyectos para su estudio y discusi\u00f3n, entre los que se destacan la reforma a la ley organiza de la Polic\u00eda Nacional, la Ley de Expresi\u00f3n y Difusi\u00f3n del Pensamiento, el proyecto de Ley de Movilidad, Transporte y Seguridad Vial, el que modifica la Ley Reordenamiento Territorial y la Ley de Agrupaciones y Partidos Pol\u00edticos, entre otras proyectos. <\/p>\n<h6> 2014-08-16 14:38:09 <\/h6>\n<p><!--\n<link rel=\"stylesheet\" href=\"css\/bootstrap.min.css\">\n\n\n<ul class=\"pagination\">\n\t    \n\t\n\n<li >\n\t<a href='?page_no=14815'>Previous<\/a>\n\t<\/li>\n\n\n       \n    \n\n<li><a href='?page_no=1'>1<\/a><\/li>\n\n\n\n<li><a href='?page_no=2'>2<\/a><\/li>\n\n\n\n<li><a>...<\/a><\/li>\n\n\n\n<li><a href='?page_no=14814'>14814<\/a><\/li>\n\n\n\n<li><a href='?page_no=14815'>14815<\/a><\/li>\n\n\n\n<li class='active'><a>14816<\/a><\/li>\n\n\n\n<li><a href='?page_no=14817'>14817<\/a><\/li>\n\n\n\n<li><a href='?page_no=14818'>14818<\/a><\/li>\n\n\n\n<li><a>...<\/a><\/li>\n\n\n\n<li><a href='?page_no=36999'>36999<\/a><\/li>\n\n\n\n<li><a href='?page_no=37000'>37000<\/a><\/li>\n\n    \n\t\n\n<li >\n\t<a href='?page_no=14817'>Next<\/a>\n\t<\/li>\n\n\n    \n\n<li><a href='?page_no=37000'>Last &rsaquo;&rsaquo;<\/a><\/li>\n\n<\/ul>\n\n\n--><br \/>\n<\/body><\/p>\n","protected":false},"excerpt":{"rendered":"<p>Santo Domingo RD 16 agosto.- La C\u00e1mara de Diputados eligi\u00f3 este s\u00e1bado por quinta ocasi\u00f3n a Abel Mart\u00ednez Duran como presidente y de ese organismo legislativo para el periodo del 16 de agosto 2014 al 16 de agosto de 2015. Le acompa\u00f1an Luc\u00eda Medina S\u00e1nchez, como vicepresidenta y los secretarios Licelot Arias y Jos\u00e9 Luis [&hellip;]<\/p>\n","protected":false},"author":3,"featured_media":0,"comment_status":"open","ping_status":"open","sticky":false,"template":"","format":"standard","meta":{"footnotes":""},"categories":[22],"tags":[],"class_list":["post-162407","post","type-post","status-publish","format-standard","hentry","category-politica"],"_links":{"self":[{"href":"https:\/\/diariodominicano.com\/index.php?rest_route=\/wp\/v2\/posts\/162407","targetHints":{"allow":["GET"]}}],"collection":[{"href":"https:\/\/diariodominicano.com\/index.php?rest_route=\/wp\/v2\/posts"}],"about":[{"href":"https:\/\/diariodominicano.com\/index.php?rest_route=\/wp\/v2\/types\/post"}],"author":[{"embeddable":true,"href":"https:\/\/diariodominicano.com\/index.php?rest_route=\/wp\/v2\/users\/3"}],"replies":[{"embeddable":true,"href":"https:\/\/diariodominicano.com\/index.php?rest_route=%2Fwp%2Fv2%2Fcomments&post=162407"}],"version-history":[{"count":0,"href":"https:\/\/diariodominicano.com\/index.php?rest_route=\/wp\/v2\/posts\/162407\/revisions"}],"wp:attachment":[{"href":"https:\/\/diariodominicano.com\/index.php?rest_route=%2Fwp%2Fv2%2Fmedia&parent=162407"}],"wp:term":[{"taxonomy":"category","embeddable":true,"href":"https:\/\/diariodominicano.com\/index.php?rest_route=%2Fwp%2Fv2%2Fcategories&post=162407"},{"taxonomy":"post_tag","embeddable":true,"href":"https:\/\/diariodominicano.com\/index.php?rest_route=%2Fwp%2Fv2%2Ftags&post=162407"}],"curies":[{"name":"wp","href":"https:\/\/api.w.org\/{rel}","templated":true}]}}