{"id":162405,"date":"2014-08-16T16:34:47","date_gmt":"2014-08-16T16:34:47","guid":{"rendered":"http:\/\/diariodominicano.ddns.net\/?p=162405"},"modified":"2014-08-16T16:34:47","modified_gmt":"2014-08-16T16:34:47","slug":"ratifican-a-winni-terrero-como-presidente-sala-capitular-del-adn","status":"publish","type":"post","link":"https:\/\/diariodominicano.com\/?p=162405","title":{"rendered":"Ratifican a Winni Terrero como presidente Sala Capitular del ADN"},"content":{"rendered":"<p><body><\/p>\n<p><img decoding=\"async\" src=\"img3\/winni 16.jpg\" \/>  <\/p>\n<p>Santo Domingo RD 16 agosto.- La Sala Capitular del Ayuntamiento del Distrito Nacional ratific\u00f3 como presidente del Concejo de Regidores a Winni Terrero, William Pe\u00f1a, como vicepresidente, y Betsy C\u00e9spedes, como secretaria para el per\u00edodo 2014-2015.<\/p>\n<\/p>\n<p>A la sesi\u00f3n asistieron 34 de los 37 regidores que conforman la Sala Capitular del Ayuntamiento del Distrito Nacional.<\/p>\n<\/p>\n<p>La terna fue presentada por Teotiste S\u00e1nchez, en representaci\u00f3n de los regidores del Partido de la Liberaci\u00f3n Dominicana (PLD), cuya moci\u00f3n fue secundada por Francisca J\u00e1quez, del Partido Revolucionario Dominicano (PRD), Tania B\u00e1ez, del Partido Quisqueyano Dem\u00f3crata Cristiano (PQDC), y el representante del Movimiento C\u00edvico Renovador.<\/p>\n<\/p>\n<p>Socorro Despradel, en su condici\u00f3n de regidora de mayor edad, presidi\u00f3 la sesi\u00f3n donde fueron ratificados como presidente de la Sala Capitular, Winni Terrero, y William C\u00e9spedes, como vicepresidente.<\/p>\n<\/p>\n<p>Terrero y Pe\u00f1a fueron juramentados por Despradel en presencia del Alcalde del Distrito Nacional, Roberto Salcedo, quien rindi\u00f3 sus memorias de gesti\u00f3n correspondiente al per\u00edodo 2013-2014.<\/p>\n<\/p>\n<p>Luego del juramento, Terrero agradeci\u00f3 su escogencia para dirigir por un a\u00f1o los trabajos de la Sala Capitular.<\/p>\n<\/p>\n<p>Terrero calific\u00f3 el 151 aniversario de la Restauraci\u00f3n \u00abcomo un d\u00eda hist\u00f3rico porque por primera vez se escogi\u00f3 a una mujer como presidente del Senado\u00bb.<\/p>\n<h6> 2014-08-16 16:34:47 <\/h6>\n<p><!--\n<link rel=\"stylesheet\" href=\"css\/bootstrap.min.css\">\n\n\n<ul class=\"pagination\">\n\t    \n\t\n\n<li >\n\t<a href='?page_no=14813'>Previous<\/a>\n\t<\/li>\n\n\n       \n    \n\n<li><a href='?page_no=1'>1<\/a><\/li>\n\n\n\n<li><a href='?page_no=2'>2<\/a><\/li>\n\n\n\n<li><a>...<\/a><\/li>\n\n\n\n<li><a href='?page_no=14812'>14812<\/a><\/li>\n\n\n\n<li><a href='?page_no=14813'>14813<\/a><\/li>\n\n\n\n<li class='active'><a>14814<\/a><\/li>\n\n\n\n<li><a href='?page_no=14815'>14815<\/a><\/li>\n\n\n\n<li><a href='?page_no=14816'>14816<\/a><\/li>\n\n\n\n<li><a>...<\/a><\/li>\n\n\n\n<li><a href='?page_no=36999'>36999<\/a><\/li>\n\n\n\n<li><a href='?page_no=37000'>37000<\/a><\/li>\n\n    \n\t\n\n<li >\n\t<a href='?page_no=14815'>Next<\/a>\n\t<\/li>\n\n\n    \n\n<li><a href='?page_no=37000'>Last &rsaquo;&rsaquo;<\/a><\/li>\n\n<\/ul>\n\n\n--><br \/>\n<\/body><\/p>\n","protected":false},"excerpt":{"rendered":"<p>Santo Domingo RD 16 agosto.- La Sala Capitular del Ayuntamiento del Distrito Nacional ratific\u00f3 como presidente del Concejo de Regidores a Winni Terrero, William Pe\u00f1a, como vicepresidente, y Betsy C\u00e9spedes, como secretaria para el per\u00edodo 2014-2015. A la sesi\u00f3n asistieron 34 de los 37 regidores que conforman la Sala Capitular del Ayuntamiento del Distrito Nacional. [&hellip;]<\/p>\n","protected":false},"author":3,"featured_media":0,"comment_status":"open","ping_status":"open","sticky":false,"template":"","format":"standard","meta":{"footnotes":""},"categories":[22],"tags":[],"class_list":["post-162405","post","type-post","status-publish","format-standard","hentry","category-politica"],"_links":{"self":[{"href":"https:\/\/diariodominicano.com\/index.php?rest_route=\/wp\/v2\/posts\/162405","targetHints":{"allow":["GET"]}}],"collection":[{"href":"https:\/\/diariodominicano.com\/index.php?rest_route=\/wp\/v2\/posts"}],"about":[{"href":"https:\/\/diariodominicano.com\/index.php?rest_route=\/wp\/v2\/types\/post"}],"author":[{"embeddable":true,"href":"https:\/\/diariodominicano.com\/index.php?rest_route=\/wp\/v2\/users\/3"}],"replies":[{"embeddable":true,"href":"https:\/\/diariodominicano.com\/index.php?rest_route=%2Fwp%2Fv2%2Fcomments&post=162405"}],"version-history":[{"count":0,"href":"https:\/\/diariodominicano.com\/index.php?rest_route=\/wp\/v2\/posts\/162405\/revisions"}],"wp:attachment":[{"href":"https:\/\/diariodominicano.com\/index.php?rest_route=%2Fwp%2Fv2%2Fmedia&parent=162405"}],"wp:term":[{"taxonomy":"category","embeddable":true,"href":"https:\/\/diariodominicano.com\/index.php?rest_route=%2Fwp%2Fv2%2Fcategories&post=162405"},{"taxonomy":"post_tag","embeddable":true,"href":"https:\/\/diariodominicano.com\/index.php?rest_route=%2Fwp%2Fv2%2Ftags&post=162405"}],"curies":[{"name":"wp","href":"https:\/\/api.w.org\/{rel}","templated":true}]}}