{"id":162404,"date":"2014-08-16T16:38:38","date_gmt":"2014-08-16T16:38:38","guid":{"rendered":"http:\/\/diariodominicano.ddns.net\/?p=162404"},"modified":"2014-08-16T16:38:38","modified_gmt":"2014-08-16T16:38:38","slug":"concejo-edilicio-santiago-escoge-como-presidenta-a-la-profesora-daisy-diaz","status":"publish","type":"post","link":"https:\/\/diariodominicano.com\/?p=162404","title":{"rendered":"Concejo Edilicio Santiago escoge como presidenta a la profesora Daisy D\u00edaz."},"content":{"rendered":"<p><body><\/p>\n<p><img decoding=\"async\" src=\"img3\/santi 16.jpg\" \/>  <\/p>\n<p>Concejo Edilicio Santiago escoge como presidenta a la profesora Daisy D\u00edaz.<\/p>\n<\/p>\n<p>Ram\u00f3n Pichardo deposita memorias ejecutorias del Alcalde doctor Gilberto Serulle.<\/p>\n<\/p>\n<p>BOLETIN DE PRENSA:<\/p>\n<\/p>\n<p>SANTIAGO.-En una sesi\u00f3n extra-ordinaria del Concejo de Regidores del Ayuntamiento local, fue escogida por una mayor\u00eda, la profesora Daysi Diaz para presidir ese \u00f3rgano legislativo, convirti\u00e9ndose as\u00ed en la primera mujer de aqu\u00ed que dirige la Sala Capitular.<\/p>\n<\/p>\n<p>Asimismo, durante la sesi\u00f3n de este 16 de Agosto, los concejales reunidos en el sal\u00f3n de sesiones, recibieron de manos del licenciado <\/p>\n<p>Ram\u00f3n Pichardo, las memorias del Alcalde doctor Gilberto Serulle, sobre sus ejecutorias comprendidas en el per\u00edodo 2013-2014.<\/p>\n<\/p>\n<p>El licenciado Pichardo inform\u00f3 que en esas memorias est\u00e1n consignadas las principales obras realizadas por el Alcalde Gilberto Serulle.<\/p>\n<\/p>\n<p>Como vice-presidente de la Sala Capitular fue escogido el licenciado Juan de Dios Almonte, en representaci\u00f3n del Partido Reformista Social Cristiano (PRSC).  Luego que la profesora Daysi D\u00edaz tom\u00f3 juramento procedi\u00f3 a presidir el concejo y someti\u00f3 a los presentes la sustituci\u00f3n del secretario de la Sala, recayendo la selecci\u00f3n en el licenciado Juan Antonio Henr\u00edquez, quien fue inmediatamente juramentado.<\/p>\n<\/p>\n<p>La profesora Daysi Diaz agradeci\u00f3 a los concejales que les apoyaron para obtener la presidencia del \u00f3rgano legislativo del Ayuntamiento y prometi\u00f3 seguir trabajando de manera conjunta con las distintas comisiones y la administraci\u00f3n que encabeza el doctor Gilberto Serulle, en inter\u00e9s de aportar a las soluciones de los principales problemas municipales.<\/p>\n<\/p>\n<p>A la sesi\u00f3n extraordinaria asistieron funcionarios municipales, dirigentes comunitarios y dirigentes de los diferentes partidos representados en el Ayuntamiento de Santiago.<\/p>\n<\/p>\n<h6> 2014-08-16 16:38:38 <\/h6>\n<p><!--\n<link rel=\"stylesheet\" href=\"css\/bootstrap.min.css\">\n\n\n<ul class=\"pagination\">\n\t    \n\t\n\n<li >\n\t<a href='?page_no=14812'>Previous<\/a>\n\t<\/li>\n\n\n       \n    \n\n<li><a href='?page_no=1'>1<\/a><\/li>\n\n\n\n<li><a href='?page_no=2'>2<\/a><\/li>\n\n\n\n<li><a>...<\/a><\/li>\n\n\n\n<li><a href='?page_no=14811'>14811<\/a><\/li>\n\n\n\n<li><a href='?page_no=14812'>14812<\/a><\/li>\n\n\n\n<li class='active'><a>14813<\/a><\/li>\n\n\n\n<li><a href='?page_no=14814'>14814<\/a><\/li>\n\n\n\n<li><a href='?page_no=14815'>14815<\/a><\/li>\n\n\n\n<li><a>...<\/a><\/li>\n\n\n\n<li><a href='?page_no=36999'>36999<\/a><\/li>\n\n\n\n<li><a href='?page_no=37000'>37000<\/a><\/li>\n\n    \n\t\n\n<li >\n\t<a href='?page_no=14814'>Next<\/a>\n\t<\/li>\n\n\n    \n\n<li><a href='?page_no=37000'>Last &rsaquo;&rsaquo;<\/a><\/li>\n\n<\/ul>\n\n\n--><br \/>\n<\/body><\/p>\n","protected":false},"excerpt":{"rendered":"<p>Concejo Edilicio Santiago escoge como presidenta a la profesora Daisy D\u00edaz. Ram\u00f3n Pichardo deposita memorias ejecutorias del Alcalde doctor Gilberto Serulle. BOLETIN DE PRENSA: SANTIAGO.-En una sesi\u00f3n extra-ordinaria del Concejo de Regidores del Ayuntamiento local, fue escogida por una mayor\u00eda, la profesora Daysi Diaz para presidir ese \u00f3rgano legislativo, convirti\u00e9ndose as\u00ed en la primera mujer [&hellip;]<\/p>\n","protected":false},"author":3,"featured_media":0,"comment_status":"open","ping_status":"open","sticky":false,"template":"","format":"standard","meta":{"footnotes":""},"categories":[22],"tags":[],"class_list":["post-162404","post","type-post","status-publish","format-standard","hentry","category-politica"],"_links":{"self":[{"href":"https:\/\/diariodominicano.com\/index.php?rest_route=\/wp\/v2\/posts\/162404","targetHints":{"allow":["GET"]}}],"collection":[{"href":"https:\/\/diariodominicano.com\/index.php?rest_route=\/wp\/v2\/posts"}],"about":[{"href":"https:\/\/diariodominicano.com\/index.php?rest_route=\/wp\/v2\/types\/post"}],"author":[{"embeddable":true,"href":"https:\/\/diariodominicano.com\/index.php?rest_route=\/wp\/v2\/users\/3"}],"replies":[{"embeddable":true,"href":"https:\/\/diariodominicano.com\/index.php?rest_route=%2Fwp%2Fv2%2Fcomments&post=162404"}],"version-history":[{"count":0,"href":"https:\/\/diariodominicano.com\/index.php?rest_route=\/wp\/v2\/posts\/162404\/revisions"}],"wp:attachment":[{"href":"https:\/\/diariodominicano.com\/index.php?rest_route=%2Fwp%2Fv2%2Fmedia&parent=162404"}],"wp:term":[{"taxonomy":"category","embeddable":true,"href":"https:\/\/diariodominicano.com\/index.php?rest_route=%2Fwp%2Fv2%2Fcategories&post=162404"},{"taxonomy":"post_tag","embeddable":true,"href":"https:\/\/diariodominicano.com\/index.php?rest_route=%2Fwp%2Fv2%2Ftags&post=162404"}],"curies":[{"name":"wp","href":"https:\/\/api.w.org\/{rel}","templated":true}]}}