{"id":162401,"date":"2014-08-16T20:14:39","date_gmt":"2014-08-16T20:14:39","guid":{"rendered":"http:\/\/diariodominicano.ddns.net\/?p=162401"},"modified":"2014-08-16T20:14:39","modified_gmt":"2014-08-16T20:14:39","slug":"dirigente-sector-externo-pld-exhorta-a-dm-a-fortalecer-aun-mas-su-gobierno-con-rostros-nuevos","status":"publish","type":"post","link":"https:\/\/diariodominicano.com\/?p=162401","title":{"rendered":"Dirigente sector externo PLD exhorta a DM a fortalecer a\u00fan m\u00e1s su gobierno con rostros nuevos"},"content":{"rendered":"<p><body><\/p>\n<p><img decoding=\"async\" src=\"img3\/muro.jpg\" \/>  <\/p>\n<p><span class=\"text1noticias\">Santo Domingo, RD, 16 de Agosto.- El presidente del Movimiento Unidad, Renovaci\u00f3n y Orden (MURO),  V\u00edctor Pav\u00f3n valor\u00f3 como positivo los dos primeros a\u00f1os del  gobierno  de Danilo Medina y ponder\u00f3 el respaldo millonario que el actual mandatario le ha dado en este corto tiempo a \u00e1reas vitales para el desarrollo nacional, como a la Educaci\u00f3n, a los productores agropecuarios, la  microempresa, el sector el\u00e9ctrico y al turismo.<\/span><\/p>\n<\/p>\n<p><span class=\"text1noticias\">Pav\u00f3n dijo que la forma correcta con que Danilo ha conducido su gobierno se explica porque \u00e9ste  es un verdadero heredero de los principios duartianos enarbolados por el gu\u00eda, maestro y presidente advitam del PLD, el profesor Juan Bosch.<\/span><\/p>\n<\/p>\n<p><span class=\"text1noticias\">\u00abDanilo como fundador del PLD y hombre de confianza del profesor Bosch, desde el gobierno no ha defraudado los principios \u00e9ticos que le dieron origen a su organizaci\u00f3n\u00bb, sostuvo.<\/span><\/p>\n<\/p>\n<p><span class=\"text1noticias\">Expres\u00f3 que Medina en los dos a\u00f1os que lleva en el poder tiene una impronta de realizaciones como muy pocos presidentes latinoamericanos, contribuyendo a esto, la plataforma socio econ\u00f3mico y pol\u00edtico que dej\u00f3 el ex gobernante Leonel Fern\u00e1ndez.<\/span><\/p>\n<\/p>\n<p><span class=\"text1noticias\">Indic\u00f3 que con las visitas sorpresas que realiza Medina al campo,  \u00e9ste se percata de las necesidades que confrontan los campesinos dominicanos y de cu\u00e1les son  las zonas m\u00e1s deprimidas del pa\u00eds, para de esa forma hacer una evaluaci\u00f3n exhaustiva y luego invertir los recursos que se necesitan para transformar esa realidad..<\/span><\/p>\n<\/p>\n<p><span class=\"text1noticias\">Sugiri\u00f3 al presidente invertir m\u00e1s en el sector el\u00e9ctrico nacional, con el objetivo de  reducir el costo de generaci\u00f3n el\u00e9ctrica, que actualmente es una de la traba que impide el verdadero desarrollo de la naci\u00f3n.<\/span><\/p>\n<\/p>\n<p><span class=\"text1noticias\">\u00abDanilo en los pr\u00f3ximos dos a\u00f1os que le quedan, debe continuar ampliando el Plan de Emergencia Nacional 9 11, para as\u00ed contribuir a mantener la seguridad ciudadana\u00bb, acot\u00f3.<\/span><\/p>\n<\/p>\n<p><span class=\"text1noticias\">Pav\u00f3n exhort\u00f3 a Medina en este 16 de agosto, d\u00eda de la Restauraci\u00f3n de la Rep\u00fablica, a realizar cambios importantes en el tren gubernamental, d\u00e1ndoles posiciones a nuevos rostros que tienen deseo de impregnarle energ\u00eda e ideas positivas a su gobierno, a fin de  construir hacer posible una sociedad m\u00e1s justa y equitativa.<\/span><\/p>\n<\/p>\n<p><span class=\"text1noticias\">\u00abA dos a\u00f1os de gobierno no es posible que a\u00fan haya funcionarios que tienen m\u00e1s de catorce a\u00f1os dirigiendo los Ministerios y las Direcciones del Estado, como si en el PLD, no hubiera militantes con capacidad y reciedumbre moral para sustituirlos\u00bb, destac\u00f3.<\/span><\/p>\n<\/p>\n<p><span class=\"text1noticias\">Dijo que los j\u00f3venes peledeistas que est\u00e1n en el banco esperan ser incorporados para poner al servicio de la patria sus conocimientos en pro del progreso y el desarrollo del pueblo.<\/span><\/p>\n<p><span class=\"text1noticias\">Pav\u00f3n record\u00f3 a Medina que es necesario que se empodere a la base del PLD para que esta levante la moral y defienda con dignidad, las acciones positivas de su gobierno.(HG)<\/span>.<\/p>\n<h6> 2014-08-16 20:14:39 <\/h6>\n<p><!--\n<link rel=\"stylesheet\" href=\"css\/bootstrap.min.css\">\n\n\n<ul class=\"pagination\">\n\t    \n\t\n\n<li >\n\t<a href='?page_no=14809'>Previous<\/a>\n\t<\/li>\n\n\n       \n    \n\n<li><a href='?page_no=1'>1<\/a><\/li>\n\n\n\n<li><a href='?page_no=2'>2<\/a><\/li>\n\n\n\n<li><a>...<\/a><\/li>\n\n\n\n<li><a href='?page_no=14808'>14808<\/a><\/li>\n\n\n\n<li><a href='?page_no=14809'>14809<\/a><\/li>\n\n\n\n<li class='active'><a>14810<\/a><\/li>\n\n\n\n<li><a href='?page_no=14811'>14811<\/a><\/li>\n\n\n\n<li><a href='?page_no=14812'>14812<\/a><\/li>\n\n\n\n<li><a>...<\/a><\/li>\n\n\n\n<li><a href='?page_no=36999'>36999<\/a><\/li>\n\n\n\n<li><a href='?page_no=37000'>37000<\/a><\/li>\n\n    \n\t\n\n<li >\n\t<a href='?page_no=14811'>Next<\/a>\n\t<\/li>\n\n\n    \n\n<li><a href='?page_no=37000'>Last &rsaquo;&rsaquo;<\/a><\/li>\n\n<\/ul>\n\n\n--><br \/>\n<\/body><\/p>\n","protected":false},"excerpt":{"rendered":"<p>Santo Domingo, RD, 16 de Agosto.- El presidente del Movimiento Unidad, Renovaci\u00f3n y Orden (MURO), V\u00edctor Pav\u00f3n valor\u00f3 como positivo los dos primeros a\u00f1os del gobierno de Danilo Medina y ponder\u00f3 el respaldo millonario que el actual mandatario le ha dado en este corto tiempo a \u00e1reas vitales para el desarrollo nacional, como a la [&hellip;]<\/p>\n","protected":false},"author":3,"featured_media":0,"comment_status":"open","ping_status":"open","sticky":false,"template":"","format":"standard","meta":{"footnotes":""},"categories":[22],"tags":[],"class_list":["post-162401","post","type-post","status-publish","format-standard","hentry","category-politica"],"_links":{"self":[{"href":"https:\/\/diariodominicano.com\/index.php?rest_route=\/wp\/v2\/posts\/162401","targetHints":{"allow":["GET"]}}],"collection":[{"href":"https:\/\/diariodominicano.com\/index.php?rest_route=\/wp\/v2\/posts"}],"about":[{"href":"https:\/\/diariodominicano.com\/index.php?rest_route=\/wp\/v2\/types\/post"}],"author":[{"embeddable":true,"href":"https:\/\/diariodominicano.com\/index.php?rest_route=\/wp\/v2\/users\/3"}],"replies":[{"embeddable":true,"href":"https:\/\/diariodominicano.com\/index.php?rest_route=%2Fwp%2Fv2%2Fcomments&post=162401"}],"version-history":[{"count":0,"href":"https:\/\/diariodominicano.com\/index.php?rest_route=\/wp\/v2\/posts\/162401\/revisions"}],"wp:attachment":[{"href":"https:\/\/diariodominicano.com\/index.php?rest_route=%2Fwp%2Fv2%2Fmedia&parent=162401"}],"wp:term":[{"taxonomy":"category","embeddable":true,"href":"https:\/\/diariodominicano.com\/index.php?rest_route=%2Fwp%2Fv2%2Fcategories&post=162401"},{"taxonomy":"post_tag","embeddable":true,"href":"https:\/\/diariodominicano.com\/index.php?rest_route=%2Fwp%2Fv2%2Ftags&post=162401"}],"curies":[{"name":"wp","href":"https:\/\/api.w.org\/{rel}","templated":true}]}}