{"id":162398,"date":"2014-08-17T14:03:34","date_gmt":"2014-08-17T14:03:34","guid":{"rendered":"http:\/\/diariodominicano.ddns.net\/?p=162398"},"modified":"2014-08-17T14:03:34","modified_gmt":"2014-08-17T14:03:34","slug":"vocero-prm-asegura-miguel-vagas-se-quedara-solo-en-el-prd","status":"publish","type":"post","link":"https:\/\/diariodominicano.com\/?p=162398","title":{"rendered":"Vocero PRM asegura Miguel Vagas se quedara solo en el PRD"},"content":{"rendered":"<p><body><\/p>\n<p><img decoding=\"async\" src=\"img3\/nelson.jpg\" \/>  <\/p>\n<p><span class=\"text1noticias\">Santo Domingo, RD, 17 de Agosto.-El diputado por San Pedro de Macor\u00eds, Nelson Arrollo, vaticin\u00f3 que a m\u00e1s tardar a principios de a\u00f1os el presidente del Partido Revolucionario Dominicano, Miguel Vargas, se quedara solo en esa organizaci\u00f3n pol\u00edtica debido, seg\u00fan el vocero del llamado PRD Mayoritario, a las \u00abmarrullas\u00bb realizadas por Vargas Maldonado. <\/span><\/p>\n<\/p>\n<p><span class=\"text1noticias\">\u00abcuando t\u00fa le pregunta a la gente que si apoyan a Lu\u00eds Abinader y a Hip\u00f3lito Mej\u00eda en la formaci\u00f3n del nuevo partido el 90 por ciento te contesta que s\u00ed, solo un reducido diez por ciento dice que se va a mantener con Miguel Vargas, que cuando vean la verdad yo te vaticino que a principio de a\u00f1o ese diez no ser\u00e1 un cinco\u00bb.<\/span><\/p>\n<p><span class=\"text1noticias\"> <\/span><\/p>\n<p><span class=\"text1noticias\">Entrevistado por la periodista Mari Carmen Rojas en el programa Foro Semanal que se transmite por el canal 45, Teleradio Am\u00e9rica el vocero del PRM garantiz\u00f3, adem\u00e1s, que ahora s\u00ed habr\u00e1 una verdadera y agresiva oposici\u00f3n al gobierno contrario a como ha venido ocurriendo.<\/span><\/p>\n<\/p>\n<p><span class=\"text1noticias\">El diputado Nelson Arrollo afirm\u00f3 que la Junta Central Electoral no tiene argumento legal para no aceptar el cambio de nombre de Alianza Social Dominicana por Partido Revolucionario Mayoritario \u00abyo pienso que Roberto Rosario y el equipo de la Junta no debe cometer o hacer un acto que le quite confianza y m\u00e1s legitimidad a la Junta\u00bb.<\/span><\/p>\n<\/p>\n<p><span class=\"text1noticias\">Para el legislador, oriundo de San Pedro de Macor\u00eds, su papel en lo adelante en la C\u00e1mara de Diputados es hacer oposici\u00f3n al gobierno, \u00abnosotros vamos hacerle oposici\u00f3n al verdadero contrincante nuestro de cara a las elecciones del 16 que es el Partido de la Liberaci\u00f3n Dominicana\u00bb.<\/span><\/p>\n<\/p>\n<\/p>\n<p><span class=\"text1noticias\">Recalc\u00f3 tambi\u00e9n que ha sido t\u00edmida la oposici\u00f3n hecha al gobierno hasta este momento, han habido voces aisladas de nosotros, pero nada contundente y agreg\u00f3 que en ese sentido se enmarca la posible interpelaci\u00f3n al Director General de Aduanas, con respecto al cobro de impuesto a las compras por internet por debajo de los 200 d\u00f3lares,  por entender que est\u00e1 usurpando el poder del Congreso Nacional que es la \u00fanica instituci\u00f3n con categor\u00eda para poner tributos a la poblaci\u00f3n, \u00abentendemos que el director general de aduanas est\u00e1 violando una normativa legal que \u00e9l no puede hacerlo con una decisi\u00f3n administrativa\u00bb.<\/span><\/p>\n<p><span class=\"text1noticias\">Culpo a la alta dirigencia del PLD de la no aprobaci\u00f3n de la Ley de partidos pol\u00edticos que tiene 14 a\u00f1os en el Congreso sin que se produzca una discusi\u00f3n favorable en tono a la referida pieza, lo mismo pasa con la reforma a la ley electoral. Adelant\u00f3 que ambas iniciativas cuentan con el apoyo del PRM.(HG)<\/span>.<\/p>\n<\/p>\n<h6> 2014-08-17 14:03:34 <\/h6>\n<p><!--\n<link rel=\"stylesheet\" href=\"css\/bootstrap.min.css\">\n\n\n<ul class=\"pagination\">\n\t    \n\t\n\n<li >\n\t<a href='?page_no=14807'>Previous<\/a>\n\t<\/li>\n\n\n       \n    \n\n<li><a href='?page_no=1'>1<\/a><\/li>\n\n\n\n<li><a href='?page_no=2'>2<\/a><\/li>\n\n\n\n<li><a>...<\/a><\/li>\n\n\n\n<li><a href='?page_no=14806'>14806<\/a><\/li>\n\n\n\n<li><a href='?page_no=14807'>14807<\/a><\/li>\n\n\n\n<li class='active'><a>14808<\/a><\/li>\n\n\n\n<li><a href='?page_no=14809'>14809<\/a><\/li>\n\n\n\n<li><a href='?page_no=14810'>14810<\/a><\/li>\n\n\n\n<li><a>...<\/a><\/li>\n\n\n\n<li><a href='?page_no=36999'>36999<\/a><\/li>\n\n\n\n<li><a href='?page_no=37000'>37000<\/a><\/li>\n\n    \n\t\n\n<li >\n\t<a href='?page_no=14809'>Next<\/a>\n\t<\/li>\n\n\n    \n\n<li><a href='?page_no=37000'>Last &rsaquo;&rsaquo;<\/a><\/li>\n\n<\/ul>\n\n\n--><br \/>\n<\/body><\/p>\n","protected":false},"excerpt":{"rendered":"<p>Santo Domingo, RD, 17 de Agosto.-El diputado por San Pedro de Macor\u00eds, Nelson Arrollo, vaticin\u00f3 que a m\u00e1s tardar a principios de a\u00f1os el presidente del Partido Revolucionario Dominicano, Miguel Vargas, se quedara solo en esa organizaci\u00f3n pol\u00edtica debido, seg\u00fan el vocero del llamado PRD Mayoritario, a las \u00abmarrullas\u00bb realizadas por Vargas Maldonado. \u00abcuando t\u00fa [&hellip;]<\/p>\n","protected":false},"author":3,"featured_media":0,"comment_status":"open","ping_status":"open","sticky":false,"template":"","format":"standard","meta":{"footnotes":""},"categories":[22],"tags":[],"class_list":["post-162398","post","type-post","status-publish","format-standard","hentry","category-politica"],"_links":{"self":[{"href":"https:\/\/diariodominicano.com\/index.php?rest_route=\/wp\/v2\/posts\/162398","targetHints":{"allow":["GET"]}}],"collection":[{"href":"https:\/\/diariodominicano.com\/index.php?rest_route=\/wp\/v2\/posts"}],"about":[{"href":"https:\/\/diariodominicano.com\/index.php?rest_route=\/wp\/v2\/types\/post"}],"author":[{"embeddable":true,"href":"https:\/\/diariodominicano.com\/index.php?rest_route=\/wp\/v2\/users\/3"}],"replies":[{"embeddable":true,"href":"https:\/\/diariodominicano.com\/index.php?rest_route=%2Fwp%2Fv2%2Fcomments&post=162398"}],"version-history":[{"count":0,"href":"https:\/\/diariodominicano.com\/index.php?rest_route=\/wp\/v2\/posts\/162398\/revisions"}],"wp:attachment":[{"href":"https:\/\/diariodominicano.com\/index.php?rest_route=%2Fwp%2Fv2%2Fmedia&parent=162398"}],"wp:term":[{"taxonomy":"category","embeddable":true,"href":"https:\/\/diariodominicano.com\/index.php?rest_route=%2Fwp%2Fv2%2Fcategories&post=162398"},{"taxonomy":"post_tag","embeddable":true,"href":"https:\/\/diariodominicano.com\/index.php?rest_route=%2Fwp%2Fv2%2Ftags&post=162398"}],"curies":[{"name":"wp","href":"https:\/\/api.w.org\/{rel}","templated":true}]}}