{"id":162397,"date":"2014-08-17T15:05:22","date_gmt":"2014-08-17T15:05:22","guid":{"rendered":"http:\/\/diariodominicano.ddns.net\/?p=162397"},"modified":"2014-08-17T15:05:22","modified_gmt":"2014-08-17T15:05:22","slug":"conformacion-de-direcciones-de-salas-capitulares-se-realiza-en-total-armonia-respetando-pacto-firmado","status":"publish","type":"post","link":"https:\/\/diariodominicano.com\/?p=162397","title":{"rendered":"Conformaci\u00f3n de direcciones de salas capitulares se realiza en total armon\u00eda, respetando pacto firmado"},"content":{"rendered":"<p><body><\/p>\n<p><img decoding=\"async\" src=\"img3\/cmunicpal.jpg\" \/>  <\/p>\n<p><span class=\"text1noticias\">Santo Domingo, RD, 17 de Agosto.-La Secretar\u00eda de Asuntos Municipales del Partido de la Liberaci\u00f3n Dominicana (PLD) emiti\u00f3 este domingo una nota de felicitaci\u00f3n a los municipalistas del pa\u00eds por la forma ejemplar, que este 16 de agosto, se escogieron las direcciones de las salas capitulares.<\/span><\/p>\n<p><span class=\"text1noticias\"> <\/span><\/p>\n<p><span class=\"text1noticias\">\u00abSe ha cumplido cabalmente el pacto firmado por los partidos , lo que constituye una muestra de madurez del sector pol\u00edtico en Republica Dominicana\u00bb declar\u00f3 este dia Ignacio Ditr\u00e9n, secretario de los asuntos municipales del PLD, principal mentol para la firma del pacto con el que se ha cumplido la  \u00abRegla de Oro de la Municipalidad\u00bb.<\/span><\/p>\n<p><span class=\"text1noticias\"> <\/span><\/p>\n<p><span class=\"text1noticias\">Admite Ditr\u00e9n que en la conformaci\u00f3n  de las salas capitulares se presentaron escasos inconvenientes, que no trascendieron mas all\u00e1 de las reuniones de regidores en los ayuntamientos.<\/span><\/p>\n<p><span class=\"text1noticias\"> <\/span><\/p>\n<p><span class=\"text1noticias\">\u00abEn lo que al PLD respecta hemos tomado nota y aquellos que violaron las directrices trazadas, sus casos  ser\u00e1n llevados al Comit\u00e9 Pol\u00edtico para se apliquen las sanciones correspondientes\u00bb declar\u00f3 Ditr\u00e9n adelantando que se seguir\u00e1 mediando para buscar salidas a los pocos casos presentados.<\/span><\/p>\n<p><span class=\"text1noticias\"> <\/span><\/p>\n<p><span class=\"text1noticias\">En declaraciones a la Secretar\u00eda de Comunicaciones Ignacio Ditr\u00e9n destac\u00f3 que as\u00ed como se escogi\u00f3 por primera vez una mujer para presidir el Senado de la Republica, Cristina Lizardo, a quien felicita y resalta su preparaci\u00f3n y capacidad, de igual forma se escogi\u00f3 una mujer como primera presidenta de la sala capitular de Santiago.<\/span><\/p>\n<p><span class=\"text1noticias\"> <\/span><\/p>\n<p><span class=\"text1noticias\">Se trata de  la profesora  Deisy D\u00edaz, quien se convierte en la primera mujer en dirigir los destinos  del \u00f3rgano municipal.<\/span><\/p>\n<p><span class=\"text1noticias\"> <\/span><\/p>\n<p><span class=\"text1noticias\">\u00abSin sobresalto, en armon\u00eda se ha escogido los equipos directivos de las salas capitulares de los ayuntamientos del pa\u00eds, hecho que constituye en una madurez del sector de las y los municipalistas\u00bb coment\u00f3 Ignacio Ditr\u00e9n.(HG)<\/span>.<\/p>\n<h6> 2014-08-17 15:05:22 <\/h6>\n<p><!--\n<link rel=\"stylesheet\" href=\"css\/bootstrap.min.css\">\n\n\n<ul class=\"pagination\">\n\t    \n\t\n\n<li >\n\t<a href='?page_no=14806'>Previous<\/a>\n\t<\/li>\n\n\n       \n    \n\n<li><a href='?page_no=1'>1<\/a><\/li>\n\n\n\n<li><a href='?page_no=2'>2<\/a><\/li>\n\n\n\n<li><a>...<\/a><\/li>\n\n\n\n<li><a href='?page_no=14805'>14805<\/a><\/li>\n\n\n\n<li><a href='?page_no=14806'>14806<\/a><\/li>\n\n\n\n<li class='active'><a>14807<\/a><\/li>\n\n\n\n<li><a href='?page_no=14808'>14808<\/a><\/li>\n\n\n\n<li><a href='?page_no=14809'>14809<\/a><\/li>\n\n\n\n<li><a>...<\/a><\/li>\n\n\n\n<li><a href='?page_no=36999'>36999<\/a><\/li>\n\n\n\n<li><a href='?page_no=37000'>37000<\/a><\/li>\n\n    \n\t\n\n<li >\n\t<a href='?page_no=14808'>Next<\/a>\n\t<\/li>\n\n\n    \n\n<li><a href='?page_no=37000'>Last &rsaquo;&rsaquo;<\/a><\/li>\n\n<\/ul>\n\n\n--><br \/>\n<\/body><\/p>\n","protected":false},"excerpt":{"rendered":"<p>Santo Domingo, RD, 17 de Agosto.-La Secretar\u00eda de Asuntos Municipales del Partido de la Liberaci\u00f3n Dominicana (PLD) emiti\u00f3 este domingo una nota de felicitaci\u00f3n a los municipalistas del pa\u00eds por la forma ejemplar, que este 16 de agosto, se escogieron las direcciones de las salas capitulares. \u00abSe ha cumplido cabalmente el pacto firmado por los [&hellip;]<\/p>\n","protected":false},"author":3,"featured_media":0,"comment_status":"open","ping_status":"open","sticky":false,"template":"","format":"standard","meta":{"footnotes":""},"categories":[22],"tags":[],"class_list":["post-162397","post","type-post","status-publish","format-standard","hentry","category-politica"],"_links":{"self":[{"href":"https:\/\/diariodominicano.com\/index.php?rest_route=\/wp\/v2\/posts\/162397","targetHints":{"allow":["GET"]}}],"collection":[{"href":"https:\/\/diariodominicano.com\/index.php?rest_route=\/wp\/v2\/posts"}],"about":[{"href":"https:\/\/diariodominicano.com\/index.php?rest_route=\/wp\/v2\/types\/post"}],"author":[{"embeddable":true,"href":"https:\/\/diariodominicano.com\/index.php?rest_route=\/wp\/v2\/users\/3"}],"replies":[{"embeddable":true,"href":"https:\/\/diariodominicano.com\/index.php?rest_route=%2Fwp%2Fv2%2Fcomments&post=162397"}],"version-history":[{"count":0,"href":"https:\/\/diariodominicano.com\/index.php?rest_route=\/wp\/v2\/posts\/162397\/revisions"}],"wp:attachment":[{"href":"https:\/\/diariodominicano.com\/index.php?rest_route=%2Fwp%2Fv2%2Fmedia&parent=162397"}],"wp:term":[{"taxonomy":"category","embeddable":true,"href":"https:\/\/diariodominicano.com\/index.php?rest_route=%2Fwp%2Fv2%2Fcategories&post=162397"},{"taxonomy":"post_tag","embeddable":true,"href":"https:\/\/diariodominicano.com\/index.php?rest_route=%2Fwp%2Fv2%2Ftags&post=162397"}],"curies":[{"name":"wp","href":"https:\/\/api.w.org\/{rel}","templated":true}]}}