{"id":162396,"date":"2014-08-17T16:12:54","date_gmt":"2014-08-17T16:12:54","guid":{"rendered":"http:\/\/diariodominicano.ddns.net\/?p=162396"},"modified":"2014-08-17T16:12:54","modified_gmt":"2014-08-17T16:12:54","slug":"secretario-general-del-pld-destaca-capacidad-de-trabajo-del-presidente-danilo-medina","status":"publish","type":"post","link":"https:\/\/diariodominicano.com\/?p=162396","title":{"rendered":"Secretario General del PLD destaca capacidad de trabajo del Presidente Danilo Medina"},"content":{"rendered":"<p><body><\/p>\n<p><img decoding=\"async\" src=\"img3\/reinaldo.jpg\" \/>  <\/p>\n<p><span class=\"text1noticias\">Santo Domingo, RD, 17 de Agosto.-Reinaldo Pared P\u00e9rez, secretario general del Partido de la Liberaci\u00f3n Dominicana (PLD), calific\u00f3 de exitosa la gesti\u00f3n del presidente de la Republica, Danilo Medina,  en estos dos primeros a\u00f1os, proyectando que en el tiempo restante seguir\u00e1 cosechando \u00e9xitos.<\/span><\/p>\n<p><span class=\"text1noticias\"> <\/span><\/p>\n<p><span class=\"text1noticias\">En la valoraci\u00f3n realizada al segundo a\u00f1o de gesti\u00f3n Pared P\u00e9rez, apunto sobre la capacidad de trabajo del Jefe del Estado, lo que permite pronosticar un periodo de \u00e9xitos y realizaciones.<\/span><\/p>\n<p><span class=\"text1noticias\"> <\/span><\/p>\n<p><span class=\"text1noticias\">\u00abSon dos a\u00f1os de una gesti\u00f3n exitosa, que ha tenido una excelente aceptaci\u00f3n  de la sociedad dominicana, que proyectamos seguir\u00e1 ese curso, con tendencia a mejorar\u00bb destac\u00f3 el tambi\u00e9n senador por el Distrito Nacional.<\/span><\/p>\n<p><span class=\"text1noticias\"> <\/span><\/p>\n<p><span class=\"text1noticias\">En otro aspectos Reinaldo Pared Perez, dijo que es un hecho sin precedente que el Senado escogiera de manera un\u00e1nime una mujer para presidirlo y que esa elecci\u00f3n haya reca\u00eddo en    su compa\u00f1era de curul y del Comit\u00e9 Pol\u00edtico, Cristina Lizardo.<\/span><\/p>\n<p><span class=\"text1noticias\"> <\/span><\/p>\n<p><span class=\"text1noticias\">\u00abElla es un ser excepcional , un ser humano que ha vencido adversidades , que ha hecho carrera en la pol\u00edtica y el \u00e1mbito legislativo , con experiencia\u00bb dijo de la nueva presidenta de la C\u00e1mara Alta, quien cuenta con su apoyo y del Partido de la Liberaci\u00f3n Dominicana.  <\/span><\/p>\n<p><span class=\"text1noticias\"> <\/span><\/p>\n<p><span class=\"text1noticias\">Califica de experiencia positiva su decisi\u00f3n de no optar por un nuevo periodo en la presidencia del Senado, que ha dado paso a que esa posici\u00f3n la ocupe una persona preparada y con capacidad para desempe\u00f1ar esas funciones.<\/span><\/p>\n<p><span class=\"text1noticias\"> <\/span><\/p>\n<p><span class=\"text1noticias\">\u00abEsta instancia del Estado, que es el Senado de la Republica, tiene en la Presidencia un gran activo en la persona de Cristina Lizardo, un ser humano excepcional\u00bb reiter\u00f3 Reinaldo Pared Perez, valorando las condiciones de la Presidenta de la c\u00e1mara alta.<\/span><\/p>\n<p><span class=\"text1noticias\"> <\/span><\/p>\n<p><span class=\"text1noticias\">Presentada por la bancada del Partido de la Liberaci\u00f3n Dominicana, Cristina Lizardo obtuvo el voto unanime de la matricula de senadores y senadoras para presidir el hemiciclo en el periodo agosto 2014- agosto 2015. (HG)<\/span>.<\/p>\n<h6> 2014-08-17 16:12:54 <\/h6>\n<p><!--\n<link rel=\"stylesheet\" href=\"css\/bootstrap.min.css\">\n\n\n<ul class=\"pagination\">\n\t    \n\t\n\n<li >\n\t<a href='?page_no=14805'>Previous<\/a>\n\t<\/li>\n\n\n       \n    \n\n<li><a href='?page_no=1'>1<\/a><\/li>\n\n\n\n<li><a href='?page_no=2'>2<\/a><\/li>\n\n\n\n<li><a>...<\/a><\/li>\n\n\n\n<li><a href='?page_no=14804'>14804<\/a><\/li>\n\n\n\n<li><a href='?page_no=14805'>14805<\/a><\/li>\n\n\n\n<li class='active'><a>14806<\/a><\/li>\n\n\n\n<li><a href='?page_no=14807'>14807<\/a><\/li>\n\n\n\n<li><a href='?page_no=14808'>14808<\/a><\/li>\n\n\n\n<li><a>...<\/a><\/li>\n\n\n\n<li><a href='?page_no=36999'>36999<\/a><\/li>\n\n\n\n<li><a href='?page_no=37000'>37000<\/a><\/li>\n\n    \n\t\n\n<li >\n\t<a href='?page_no=14807'>Next<\/a>\n\t<\/li>\n\n\n    \n\n<li><a href='?page_no=37000'>Last &rsaquo;&rsaquo;<\/a><\/li>\n\n<\/ul>\n\n\n--><br \/>\n<\/body><\/p>\n","protected":false},"excerpt":{"rendered":"<p>Santo Domingo, RD, 17 de Agosto.-Reinaldo Pared P\u00e9rez, secretario general del Partido de la Liberaci\u00f3n Dominicana (PLD), calific\u00f3 de exitosa la gesti\u00f3n del presidente de la Republica, Danilo Medina, en estos dos primeros a\u00f1os, proyectando que en el tiempo restante seguir\u00e1 cosechando \u00e9xitos. En la valoraci\u00f3n realizada al segundo a\u00f1o de gesti\u00f3n Pared P\u00e9rez, apunto [&hellip;]<\/p>\n","protected":false},"author":3,"featured_media":0,"comment_status":"open","ping_status":"open","sticky":false,"template":"","format":"standard","meta":{"footnotes":""},"categories":[22],"tags":[],"class_list":["post-162396","post","type-post","status-publish","format-standard","hentry","category-politica"],"_links":{"self":[{"href":"https:\/\/diariodominicano.com\/index.php?rest_route=\/wp\/v2\/posts\/162396","targetHints":{"allow":["GET"]}}],"collection":[{"href":"https:\/\/diariodominicano.com\/index.php?rest_route=\/wp\/v2\/posts"}],"about":[{"href":"https:\/\/diariodominicano.com\/index.php?rest_route=\/wp\/v2\/types\/post"}],"author":[{"embeddable":true,"href":"https:\/\/diariodominicano.com\/index.php?rest_route=\/wp\/v2\/users\/3"}],"replies":[{"embeddable":true,"href":"https:\/\/diariodominicano.com\/index.php?rest_route=%2Fwp%2Fv2%2Fcomments&post=162396"}],"version-history":[{"count":0,"href":"https:\/\/diariodominicano.com\/index.php?rest_route=\/wp\/v2\/posts\/162396\/revisions"}],"wp:attachment":[{"href":"https:\/\/diariodominicano.com\/index.php?rest_route=%2Fwp%2Fv2%2Fmedia&parent=162396"}],"wp:term":[{"taxonomy":"category","embeddable":true,"href":"https:\/\/diariodominicano.com\/index.php?rest_route=%2Fwp%2Fv2%2Fcategories&post=162396"},{"taxonomy":"post_tag","embeddable":true,"href":"https:\/\/diariodominicano.com\/index.php?rest_route=%2Fwp%2Fv2%2Ftags&post=162396"}],"curies":[{"name":"wp","href":"https:\/\/api.w.org\/{rel}","templated":true}]}}