{"id":162395,"date":"2014-08-18T06:16:10","date_gmt":"2014-08-18T06:16:10","guid":{"rendered":"http:\/\/diariodominicano.ddns.net\/?p=162395"},"modified":"2014-08-18T06:16:10","modified_gmt":"2014-08-18T06:16:10","slug":"el-ex-presidente-leonel-fernandez-viaja-este-lunes-a-guatemala","status":"publish","type":"post","link":"https:\/\/diariodominicano.com\/?p=162395","title":{"rendered":"El ex presidente Leonel Fern\u00e1ndez viaja este lunes a Guatemala"},"content":{"rendered":"<p><body><\/p>\n<p><img decoding=\"async\" src=\"img3\/Leonel000170.jpg\" \/>  <\/p>\n<p><strong><span class=\"text1noticias\">El foro, es coordinado por la fundaci\u00f3n guatemalteca del mismo nombre y es un espacio de discusi\u00f3n y reflexi\u00f3n de temas de actualidad, que congrega a destacadas figuras del \u00e1mbito pol\u00edtico, acad\u00e9mico y de la sociedad civil para que a trav\u00e9s de un di\u00e1logo serio y profundo se puedan vislumbrar soluciones a la problem\u00e1tica que individual o colectivamente afrontan los gobiernos y pa\u00edses de la regi\u00f3n Centroamericana y del Caribe.<\/span><\/strong><\/p>\n<\/p>\n<p><span class=\"text1noticias\">Participar\u00e1 en Foro Regional Esquipulas <\/span><\/p>\n<\/p>\n<p><span class=\"text1noticias\">SANTO DOMINGO.-El ex presidente de la Rep\u00fablica y presidente de la Fundaci\u00f3n Global Democracia y Desarrollo (Funglode), doctor Leonel Fern\u00e1ndez, viaja este lunes a Guatemala para participar en el II Foro Regional Esquipulas para la Integraci\u00f3n Centroamericana.<\/span><\/p>\n<\/p>\n<p><span class=\"text1noticias\">En ese evento, al que fue invitado por la Fundaci\u00f3n Esquipulas, Fern\u00e1ndez presidir\u00e1 la mesa de Reflexi\u00f3n Pol\u00edtica-Social, denominada \u00abFortaleciendo el Tejido Social: Desarrollo Municipal y Seguridad Alimentaria y Nutricional\u00bb.<\/span><\/p>\n<\/p>\n<p><span class=\"text1noticias\">La misma, estar\u00e1 integrada por Patricia Palma, directora del Programa de Seguridad Alimentaria y Nutricional en Centroam\u00e9rica (PRESANCA) y como comentarista estar\u00e1 Luis Enrique Monterroso, secretario de Seguridad Alimentaria y Nutricional de Guatemala. <\/span><\/p>\n<\/p>\n<p><span class=\"text1noticias\">Adem\u00e1s, el tambi\u00e9n presidente del Partido de la Liberaci\u00f3n Dominicana (PLD), asistir\u00e1 a la conferencia especial \u00abEl ser humano por encima de las utilidades: Una visi\u00f3n econ\u00f3mica diferente\u00bb que dictar\u00e1 el presidente de Ecuador, Rafael Correa. <\/span><\/p>\n<\/p>\n<p><span class=\"text1noticias\">La agenda del ex jefe de Estado contempla, conjuntamente con otros expresidentes, su participaci\u00f3n en la plenaria de cierre del Foro Regional Esquipulas, \u00abContexto Global y Nuevos Escenarios de Integraci\u00f3n Pol\u00edtica y Econ\u00f3mica para el Desarrollo\u00bb.<\/span><\/p>\n<\/p>\n<p><span class=\"text1noticias\">Luego, Fern\u00e1ndez participar\u00e1 en un c\u00f3ctel y en la cena-reuni\u00f3n de trabajo sobre los desaf\u00edos latinoamericanos en el marco de la Misi\u00f3n Presidencial Latinoamericana (MPL).<\/span><\/p>\n<\/p>\n<p><span class=\"text1noticias\">Durante la celebraci\u00f3n del Foro Regional Esquipulas para la Integraci\u00f3n Centroamericana, se discutir\u00e1n otros temas como \u00abuna visi\u00f3n global de paz para el mundo\u00bb, \u00abun modelo de desarrollo econ\u00f3mico: el caso de Taiw\u00e1n\u00bb, \u00abla realidad de la seguridad alimentaria en la regi\u00f3n SICA\u00bb, \u00abderechos humanos, democracia y desarrollo\u00bb y \u00abla Econom\u00eda Naranja: industrias creativas como motor para el desarrollo regional\u00bb, entre otros.<\/span><\/p>\n<\/p>\n<p><span class=\"text1noticias\">El foro, es coordinado por la fundaci\u00f3n guatemalteca del mismo nombre y es un espacio de discusi\u00f3n y reflexi\u00f3n de temas de actualidad, que congrega a destacadas figuras del \u00e1mbito pol\u00edtico, acad\u00e9mico y de la sociedad civil para que a trav\u00e9s de un di\u00e1logo serio y profundo se puedan vislumbrar soluciones a la problem\u00e1tica que individual o colectivamente afrontan los gobiernos y pa\u00edses de la regi\u00f3n Centroamericana y del Caribe.<\/span><\/p>\n<\/p>\n<\/p>\n<\/p>\n<h6> 2014-08-18 06:16:10 <\/h6>\n<p><!--\n<link rel=\"stylesheet\" href=\"css\/bootstrap.min.css\">\n\n\n<ul class=\"pagination\">\n\t    \n\t\n\n<li >\n\t<a href='?page_no=14804'>Previous<\/a>\n\t<\/li>\n\n\n       \n    \n\n<li><a href='?page_no=1'>1<\/a><\/li>\n\n\n\n<li><a href='?page_no=2'>2<\/a><\/li>\n\n\n\n<li><a>...<\/a><\/li>\n\n\n\n<li><a href='?page_no=14803'>14803<\/a><\/li>\n\n\n\n<li><a href='?page_no=14804'>14804<\/a><\/li>\n\n\n\n<li class='active'><a>14805<\/a><\/li>\n\n\n\n<li><a href='?page_no=14806'>14806<\/a><\/li>\n\n\n\n<li><a href='?page_no=14807'>14807<\/a><\/li>\n\n\n\n<li><a>...<\/a><\/li>\n\n\n\n<li><a href='?page_no=36999'>36999<\/a><\/li>\n\n\n\n<li><a href='?page_no=37000'>37000<\/a><\/li>\n\n    \n\t\n\n<li >\n\t<a href='?page_no=14806'>Next<\/a>\n\t<\/li>\n\n\n    \n\n<li><a href='?page_no=37000'>Last &rsaquo;&rsaquo;<\/a><\/li>\n\n<\/ul>\n\n\n--><br \/>\n<\/body><\/p>\n","protected":false},"excerpt":{"rendered":"<p>El foro, es coordinado por la fundaci\u00f3n guatemalteca del mismo nombre y es un espacio de discusi\u00f3n y reflexi\u00f3n de temas de actualidad, que congrega a destacadas figuras del \u00e1mbito pol\u00edtico, acad\u00e9mico y de la sociedad civil para que a trav\u00e9s de un di\u00e1logo serio y profundo se puedan vislumbrar soluciones a la problem\u00e1tica que [&hellip;]<\/p>\n","protected":false},"author":3,"featured_media":0,"comment_status":"open","ping_status":"open","sticky":false,"template":"","format":"standard","meta":{"footnotes":""},"categories":[22],"tags":[],"class_list":["post-162395","post","type-post","status-publish","format-standard","hentry","category-politica"],"_links":{"self":[{"href":"https:\/\/diariodominicano.com\/index.php?rest_route=\/wp\/v2\/posts\/162395","targetHints":{"allow":["GET"]}}],"collection":[{"href":"https:\/\/diariodominicano.com\/index.php?rest_route=\/wp\/v2\/posts"}],"about":[{"href":"https:\/\/diariodominicano.com\/index.php?rest_route=\/wp\/v2\/types\/post"}],"author":[{"embeddable":true,"href":"https:\/\/diariodominicano.com\/index.php?rest_route=\/wp\/v2\/users\/3"}],"replies":[{"embeddable":true,"href":"https:\/\/diariodominicano.com\/index.php?rest_route=%2Fwp%2Fv2%2Fcomments&post=162395"}],"version-history":[{"count":0,"href":"https:\/\/diariodominicano.com\/index.php?rest_route=\/wp\/v2\/posts\/162395\/revisions"}],"wp:attachment":[{"href":"https:\/\/diariodominicano.com\/index.php?rest_route=%2Fwp%2Fv2%2Fmedia&parent=162395"}],"wp:term":[{"taxonomy":"category","embeddable":true,"href":"https:\/\/diariodominicano.com\/index.php?rest_route=%2Fwp%2Fv2%2Fcategories&post=162395"},{"taxonomy":"post_tag","embeddable":true,"href":"https:\/\/diariodominicano.com\/index.php?rest_route=%2Fwp%2Fv2%2Ftags&post=162395"}],"curies":[{"name":"wp","href":"https:\/\/api.w.org\/{rel}","templated":true}]}}