{"id":162394,"date":"2014-08-18T07:17:39","date_gmt":"2014-08-18T07:17:39","guid":{"rendered":"http:\/\/diariodominicano.ddns.net\/?p=162394"},"modified":"2014-08-18T07:17:39","modified_gmt":"2014-08-18T07:17:39","slug":"montas-llama-a-derrotar-la-corrupcion-y-el-caudillismo-para-vencer-pobreza-y-desigualdad","status":"publish","type":"post","link":"https:\/\/diariodominicano.com\/?p=162394","title":{"rendered":"Mont\u00e1s llama a derrotar la corrupci\u00f3n y el caudillismo para vencer pobreza y desigualdad"},"content":{"rendered":"<p><body><\/p>\n<p><img decoding=\"async\" src=\"img3\/temo000221.jpg\" \/><br \/><img decoding=\"async\" src=\"img3\/temo0003.jpg\" \/>  <\/p>\n<p><span class=\"text1noticias\">LA VEGA, 17 de Agosto de 2014.- El Partido de la Liberaci\u00f3n Dominicana (PLD) fue creado por Juan Bosch para luchar por la libertad y la justicia social, por lo que su militancia tiene que derrotar al caudillismo para poder acabar con la corrupci\u00f3n, el clientelismo, la pobreza y la desigualdad social, afirm\u00f3 aqui este domingo el aspirante presidencial Tem\u00edstocles Mont\u00e1s.<\/span><\/p>\n<\/p>\n<p><span class=\"text1noticias\">\tAl pronunciar un discurso ante miles de sus seguidores congregados en el Club La Matica, en La Vega, Mont\u00e1s dijo que se mantiene fiel a las ense\u00f1anzas de Bosch en el sentido de que a los pelede\u00edstas corresponde luchar por un gobierno \u00absocialmente responsable que propicie la justicia social\u00bb, como a su juicio hace el presidente Danilo Medina y es necesario continuar con un nuevo candidato que represente el futuro y la alternabilidad democr\u00e1tica.<\/span><\/p>\n<\/p>\n<p><span class=\"text1noticias\">\t\u00abBosch lo hizo todo por inculcarnos a nosotros la idea de que era necesario hacer de los pol\u00edticos gente en los que se pudiera creer\u00bb, manifest\u00f3 el alto dirigente pol\u00edtico, quien agreg\u00f3 que \u00abel PLD tiene una deuda permanente con las ense\u00f1anzas de Juan Bosch, quien fue un ejemplo de moralidad y ejercicio \u00e9tico de la pol\u00edtica en la Rep\u00fablica Dominicana\u00bb, dijo Mont\u00e1s, seg\u00fan una nota enviada por su equipo de prensa.<\/span><\/p>\n<p><span class=\"text1noticias\">\tAl iniciar sus palabras, Mont\u00e1s pidi\u00f3 a los asistentes que rindieran un homenaje a Bosch mediante un cerrado aplauso, tanto por ser el hijo m\u00e1s meritorio de La Vega, como por ser el padre de la democracia dominicana.<\/span><\/p>\n<p><span class=\"text1noticias\">\t\u00abBosch era un luchador social al que le dol\u00eda la suerte del pueblo dominicano, firme luchador contra la pobreza y la desigualdad social que tiene que seguir nuestro mejor ejemplo del l\u00edder democr\u00e1tico y forjador de militantes de la lucha por la libertad y la democracia con justicia social\u00bb, apunt\u00f3 Mont\u00e1s.<\/span><\/p>\n<p><span class=\"text1noticias\">\tEn el acto, que fue coordinado por el ex senador por esta provincia Popo Vera, hablaron Esther Rodr\u00edguez y Fiordaliza Almonte, en representaci\u00f3n de las mujeres, Enmanuel Rodr\u00edguez, Mario Pe\u00f1a,  el alcalde de Jima, Bol\u00edvar Monegro y Jhovanny Leyba, en representaci\u00f3m del sector comercial. Previo al inicio formal del acto, que fue retransmitido a todo el pa\u00eds por el canal 29 y el circuito Telenord, canal 14, intervinieron varios populares cantantes como Henry Garc\u00eda, Confesor Rosario y Sergio Hern\u00e1ndez.<\/span><\/p>\n<p><span class=\"text1noticias\">\tEn la actividad, que se inici\u00f3 pr\u00f3ximo al mediod\u00eda, Mont\u00e1s estuvo acompa\u00f1ado, entre otros, del diputado Manuel D\u00edaz, asi como de dirigentes locales del PLD, varios de ellos alcaldes de diferentes municipios de la provincia.<\/span><\/p>\n<p><span class=\"text1noticias\">\tEl aspirante presidencial del PLD dijo que busca ganar la candidatura porque tiene el compromiso de luchar contra la desigualdad social, por mayor igualdad entre hombres y mujeres, porque los j\u00f3venes mejoren sus capacidades t\u00e9cnicas y profesionales para aportar sus energ\u00edas y conocimientos a su pa\u00eds.<\/span><\/p>\n<p><span class=\"text1noticias\">\tIgualmente, el alto dirigente del PLD prometi\u00f3 que un gobierno suyo se caracterizar\u00e1 por proveer las condiciones para que todos los dominicanos disfruten de vivienda digna, educaci\u00f3n de calidad, seguridad social y seguridad ciudadana, trabajo digno para poder vivir con dignidad y alegr\u00eda.<\/span><\/p>\n<p><span class=\"text1noticias\">\t\u00abBosch fue un luchador legendario en contra de la corrupci\u00f3n, por la transparencia y por adecentar una cultura democr\u00e1tica. En nombre del partido de Bosch no se puede nadie creer que va a impulsar el continuismo y el caudillismo que solo se imponen por la corrupci\u00f3n, el clientelismo y la negaci\u00f3n de los derechos de los ciudadanos y de los dem\u00e1s l\u00edderes pol\u00edticos\u00bb, advirti\u00f3 Mont\u00e1s.<\/span><\/p>\n<p><span class=\"text1noticias\">\t\u00abNadie puede creerse con el derecho a ejercer la Presidencia de la Rep\u00fablica Dominicana cada vez que le de la gana, utilizando al PLD que fund\u00f3 Juan Bosch para luchar por la democracia, y mucho menos para llevar al pa\u00eds y al partido hacia el pasado. No podemos permitir volver atr\u00e1s, tenemos que continuar hacia adelante compa\u00f1eros y compa\u00f1eras\u00bb, puntualiz\u00f3 el l\u00edder pol\u00edtico arrancando el aplauso cerrado de los pelede\u00edstas veganos.<\/span><\/p>\n<p><span class=\"text1noticias\">\tMont\u00e1s reiter\u00f3 que tanto al PLD como al pa\u00eds le convienen que en las elecciones de 2016 surja un nuevo liderazgo nacional capaz de continuar la obra del presidente Medina, para profundizar la lucha contra la pobreza, contra la desigualdad, en defensa del medio ambiente y por lograr que el dominicano sea un pueblo digno, alegre, feliz, respetuoso y sin corruptos.<\/span><\/p>\n<p><span class=\"text1noticias\">\t\u00ab\u00a1No al pasado!\u00bb, grit\u00f3 Mont\u00e1s, secundado por aplausos y exclamaciones de \u00a1Temo Presidente!, tras lo que afirm\u00f3 que busca la Presidencia de la Rep\u00fablica en 2016 para que el pueblo contin\u00fae disfrutando de un gobierno que como el de Danilo Medina, \u00abdialoga con la gente, apoya a los peque\u00f1os y medianos empresarios, estimula la producci\u00f3n agropecuaria, educa a los ni\u00f1os y los j\u00f3venes, alfabetiza a los iletrados y abre la esperanza a un futuro promisorio\u00bb, apunt\u00f3 Mont\u00e1s.<\/span><\/p>\n<\/p>\n<\/p>\n<\/p>\n<h6> 2014-08-18 07:17:39 <\/h6>\n<p><!--\n<link rel=\"stylesheet\" href=\"css\/bootstrap.min.css\">\n\n\n<ul class=\"pagination\">\n\t    \n\t\n\n<li >\n\t<a href='?page_no=14803'>Previous<\/a>\n\t<\/li>\n\n\n       \n    \n\n<li><a href='?page_no=1'>1<\/a><\/li>\n\n\n\n<li><a href='?page_no=2'>2<\/a><\/li>\n\n\n\n<li><a>...<\/a><\/li>\n\n\n\n<li><a href='?page_no=14802'>14802<\/a><\/li>\n\n\n\n<li><a href='?page_no=14803'>14803<\/a><\/li>\n\n\n\n<li class='active'><a>14804<\/a><\/li>\n\n\n\n<li><a href='?page_no=14805'>14805<\/a><\/li>\n\n\n\n<li><a href='?page_no=14806'>14806<\/a><\/li>\n\n\n\n<li><a>...<\/a><\/li>\n\n\n\n<li><a href='?page_no=36999'>36999<\/a><\/li>\n\n\n\n<li><a href='?page_no=37000'>37000<\/a><\/li>\n\n    \n\t\n\n<li >\n\t<a href='?page_no=14805'>Next<\/a>\n\t<\/li>\n\n\n    \n\n<li><a href='?page_no=37000'>Last &rsaquo;&rsaquo;<\/a><\/li>\n\n<\/ul>\n\n\n--><br \/>\n<\/body><\/p>\n","protected":false},"excerpt":{"rendered":"<p>LA VEGA, 17 de Agosto de 2014.- El Partido de la Liberaci\u00f3n Dominicana (PLD) fue creado por Juan Bosch para luchar por la libertad y la justicia social, por lo que su militancia tiene que derrotar al caudillismo para poder acabar con la corrupci\u00f3n, el clientelismo, la pobreza y la desigualdad social, afirm\u00f3 aqui este [&hellip;]<\/p>\n","protected":false},"author":3,"featured_media":0,"comment_status":"open","ping_status":"open","sticky":false,"template":"","format":"standard","meta":{"footnotes":""},"categories":[22],"tags":[],"class_list":["post-162394","post","type-post","status-publish","format-standard","hentry","category-politica"],"_links":{"self":[{"href":"https:\/\/diariodominicano.com\/index.php?rest_route=\/wp\/v2\/posts\/162394","targetHints":{"allow":["GET"]}}],"collection":[{"href":"https:\/\/diariodominicano.com\/index.php?rest_route=\/wp\/v2\/posts"}],"about":[{"href":"https:\/\/diariodominicano.com\/index.php?rest_route=\/wp\/v2\/types\/post"}],"author":[{"embeddable":true,"href":"https:\/\/diariodominicano.com\/index.php?rest_route=\/wp\/v2\/users\/3"}],"replies":[{"embeddable":true,"href":"https:\/\/diariodominicano.com\/index.php?rest_route=%2Fwp%2Fv2%2Fcomments&post=162394"}],"version-history":[{"count":0,"href":"https:\/\/diariodominicano.com\/index.php?rest_route=\/wp\/v2\/posts\/162394\/revisions"}],"wp:attachment":[{"href":"https:\/\/diariodominicano.com\/index.php?rest_route=%2Fwp%2Fv2%2Fmedia&parent=162394"}],"wp:term":[{"taxonomy":"category","embeddable":true,"href":"https:\/\/diariodominicano.com\/index.php?rest_route=%2Fwp%2Fv2%2Fcategories&post=162394"},{"taxonomy":"post_tag","embeddable":true,"href":"https:\/\/diariodominicano.com\/index.php?rest_route=%2Fwp%2Fv2%2Ftags&post=162394"}],"curies":[{"name":"wp","href":"https:\/\/api.w.org\/{rel}","templated":true}]}}