{"id":162392,"date":"2014-08-18T15:13:53","date_gmt":"2014-08-18T15:13:53","guid":{"rendered":"http:\/\/diariodominicano.ddns.net\/?p=162392"},"modified":"2014-08-18T15:13:53","modified_gmt":"2014-08-18T15:13:53","slug":"politologos-advierten-al-presidente-medina-sobre-posible-reeleccion","status":"publish","type":"post","link":"https:\/\/diariodominicano.com\/?p=162392","title":{"rendered":"Polit\u00f3logos advierten al presidente Medina sobre posible reelecci\u00f3n&#13;"},"content":{"rendered":"<p><body><\/p>\n<p><img decoding=\"async\" src=\"img3\/poli 18.jpg\" \/>  <\/p>\n<p>Santo Domingo RD 18 agosto.- Los destacados polit\u00f3logos Daniel Pou y Rosario Espinal afirmaron que a pesar de la alta popularidad que tiene el Presidente Danilo Medina, y los logros alcanzados en estos dos primeros a\u00f1os de gesti\u00f3n, el tema de la reelecci\u00f3n presidencial podr\u00eda convertirse en un elemento de distracci\u00f3n para lo que resta de gesti\u00f3n.<\/p>\n<\/p>\n<p>Afirmaron que adem\u00e1s de la limitante constitucional que tiene el mandatario, en caso de que intente introducir una nueva reforma a la constituci\u00f3n faltar\u00eda a su palabra de que solo estar\u00eda en el cargo por cuatro a\u00f1os.<\/p>\n<\/p>\n<p>El tema tom\u00f3 un nuevo matiz luego de que la semana pasada, el Ministro de Obras P\u00fablicas, y miembro del Comit\u00e9 Pol\u00edtico del PLD, Gonzalo Castillo, afirmara que el mandatario necesita cuatro a\u00f1os m\u00e1s para poder terminar las transformaciones iniciadas, y que si al pueblo no le gusta lo que hay hoy en el escenario pol\u00edtico debe empoderarse y pedir la reelecci\u00f3n del presidente Medina.<\/p>\n<\/p>\n<p>\u00abNo creo que nadie le est\u00e9 haciendo un favor a la figura presidencial hablando a dos a\u00f1os de su mandato de una posible reelecci\u00f3n,  el Presidente Medina adquiri\u00f3 un compromiso p\u00fablico de no reelecci\u00f3n, es posible porque es viable la modificaci\u00f3n constitucional, pero hablar en este momento del tema de la reelecci\u00f3n es desviar la atenci\u00f3n de la ciudadan\u00eda en temas que no son prioritarios en la agenda pol\u00edtica del mandario??, asegur\u00f3 Daniel Pou, al ser entrevistado por Elvis Lima en el programa Fuera de Record, que produce para el canal 45.<\/p>\n<\/p>\n<p>Dijo adem\u00e1s que traer en estos momentos el tema de la reelecci\u00f3n presidencial socava la institucionalidad, y desdice mucho del grado de eficiencia  que se puede contar en las instituciones cuyos funcionarios hayan decidido salir a promoverla.<\/p>\n<\/p>\n<p>De su lado, Rosario Espinal afirm\u00f3 que hay acabar con lo que defini\u00f3 como ??relajo constitucionales??, realizado por los distintos gobiernos en Rep\u00fablica Dominicana desde el  a\u00f1o 1966, hasta el  2010,  donde el principal objetivo ha sido la reelecci\u00f3n.<\/p>\n<\/p>\n<p>Afirm\u00f3 que espera que en esta ocasi\u00f3n la cosa sea diferente y que el  Presidente Danilo Medina, cumpla con su palabra de no ir por cuatro a\u00f1o m\u00e1s.<\/p>\n<\/p>\n<p>?En este pa\u00eds  hay una fuerte  tradici\u00f3n caudillista, y reeleccionista promovida desde arriba, promovida por el presiente, y por los c\u00edrculos cercanos al mandatario, y a pesar de que ser\u00eda el primer caso con apoyo de un amplio segmento de la poblaci\u00f3n, no debe haber otra modificaci\u00f3n a la Constituci\u00f3n??, asegur\u00f3 Rosario Espinal<\/p>\n<\/p>\n<p>Consider\u00f3 que aunque no le gusta el actual sistema de alternabilidad en el poder  no le parece prudente cambiarlo nuevamente, ya que en el a\u00f1o 2010 fue modificado para que Leonel Fern\u00e1ndez  pueda volver al poder.<\/p>\n<\/p>\n<p>Tanto Daniel Pou como Rosario Espinal coincidieron en se\u00f1alar en que el apoyo a la educaci\u00f3n, su estilo peculiar de gobernar, el contacto directo con la gente y la implementaci\u00f3n del sistema 911, constituyen sus mayores logros.<\/p>\n<\/p>\n<h6> 2014-08-18 15:13:53 <\/h6>\n<p><!--\n<link rel=\"stylesheet\" href=\"css\/bootstrap.min.css\">\n\n\n<ul class=\"pagination\">\n\t    \n\t\n\n<li >\n\t<a href='?page_no=14801'>Previous<\/a>\n\t<\/li>\n\n\n       \n    \n\n<li><a href='?page_no=1'>1<\/a><\/li>\n\n\n\n<li><a href='?page_no=2'>2<\/a><\/li>\n\n\n\n<li><a>...<\/a><\/li>\n\n\n\n<li><a href='?page_no=14800'>14800<\/a><\/li>\n\n\n\n<li><a href='?page_no=14801'>14801<\/a><\/li>\n\n\n\n<li class='active'><a>14802<\/a><\/li>\n\n\n\n<li><a href='?page_no=14803'>14803<\/a><\/li>\n\n\n\n<li><a href='?page_no=14804'>14804<\/a><\/li>\n\n\n\n<li><a>...<\/a><\/li>\n\n\n\n<li><a href='?page_no=36999'>36999<\/a><\/li>\n\n\n\n<li><a href='?page_no=37000'>37000<\/a><\/li>\n\n    \n\t\n\n<li >\n\t<a href='?page_no=14803'>Next<\/a>\n\t<\/li>\n\n\n    \n\n<li><a href='?page_no=37000'>Last &rsaquo;&rsaquo;<\/a><\/li>\n\n<\/ul>\n\n\n--><br \/>\n<\/body><\/p>\n","protected":false},"excerpt":{"rendered":"<p>Santo Domingo RD 18 agosto.- Los destacados polit\u00f3logos Daniel Pou y Rosario Espinal afirmaron que a pesar de la alta popularidad que tiene el Presidente Danilo Medina, y los logros alcanzados en estos dos primeros a\u00f1os de gesti\u00f3n, el tema de la reelecci\u00f3n presidencial podr\u00eda convertirse en un elemento de distracci\u00f3n para lo que resta [&hellip;]<\/p>\n","protected":false},"author":3,"featured_media":0,"comment_status":"open","ping_status":"open","sticky":false,"template":"","format":"standard","meta":{"footnotes":""},"categories":[22],"tags":[],"class_list":["post-162392","post","type-post","status-publish","format-standard","hentry","category-politica"],"_links":{"self":[{"href":"https:\/\/diariodominicano.com\/index.php?rest_route=\/wp\/v2\/posts\/162392","targetHints":{"allow":["GET"]}}],"collection":[{"href":"https:\/\/diariodominicano.com\/index.php?rest_route=\/wp\/v2\/posts"}],"about":[{"href":"https:\/\/diariodominicano.com\/index.php?rest_route=\/wp\/v2\/types\/post"}],"author":[{"embeddable":true,"href":"https:\/\/diariodominicano.com\/index.php?rest_route=\/wp\/v2\/users\/3"}],"replies":[{"embeddable":true,"href":"https:\/\/diariodominicano.com\/index.php?rest_route=%2Fwp%2Fv2%2Fcomments&post=162392"}],"version-history":[{"count":0,"href":"https:\/\/diariodominicano.com\/index.php?rest_route=\/wp\/v2\/posts\/162392\/revisions"}],"wp:attachment":[{"href":"https:\/\/diariodominicano.com\/index.php?rest_route=%2Fwp%2Fv2%2Fmedia&parent=162392"}],"wp:term":[{"taxonomy":"category","embeddable":true,"href":"https:\/\/diariodominicano.com\/index.php?rest_route=%2Fwp%2Fv2%2Fcategories&post=162392"},{"taxonomy":"post_tag","embeddable":true,"href":"https:\/\/diariodominicano.com\/index.php?rest_route=%2Fwp%2Fv2%2Ftags&post=162392"}],"curies":[{"name":"wp","href":"https:\/\/api.w.org\/{rel}","templated":true}]}}