{"id":162391,"date":"2014-08-18T18:40:20","date_gmt":"2014-08-18T18:40:20","guid":{"rendered":"http:\/\/diariodominicano.ddns.net\/?p=162391"},"modified":"2014-08-18T18:40:20","modified_gmt":"2014-08-18T18:40:20","slug":"pld-hara-lo-que-convenga-cuando-llegue-el-momento-de-presentar-candidaturas","status":"publish","type":"post","link":"https:\/\/diariodominicano.com\/?p=162391","title":{"rendered":"&#13; &#13; &#13; &#13;PLD har\u00e1 lo que convenga cuando llegue el momento de presentar candidaturas"},"content":{"rendered":"<p><body><\/p>\n<p><img decoding=\"async\" src=\"img3\/ditren.jpg\" \/>  <\/p>\n<p><span class=\"text1noticias\"> <\/span><\/p>\n<p><span class=\"text1noticias\">Santo Domingo, RD, 18 de agosto.- Ignacio Ditr\u00e9n, miembro del Comit\u00e9 Central del Partido de la Liberaci\u00f3n Dominicana (PLD) destac\u00f3 este lunes la madurez y el consenso a lo interno de esa organizaci\u00f3n a la hora de elegir sus autoridades y adoptar posiciones en torno al debate de la actualidad<\/span><\/p>\n<p><span class=\"text1noticias\"> <\/span><\/p>\n<p><span class=\"text1noticias\">En ese sentido, el tambi\u00e9n titular de Asuntos Municipales del PLD abord\u00f3 el tema de las elecciones internas en el partido morado que est\u00e1n reglamentadas en los Estatutos<\/span><\/p>\n<p><span class=\"text1noticias\"> <\/span><\/p>\n<p><span class=\"text1noticias\">Destac\u00f3 que  lo tradicional es que el Partido presente su candidato un a\u00f1o antes de las elecciones, por lo que no descarta que en  febrero haya un proceso interno y se est\u00e9 eligiendo un candidato.<\/span><\/p>\n<p><span class=\"text1noticias\"> <\/span><\/p>\n<p><span class=\"text1noticias\">Agrega el dirigente pelede\u00edsta quien particip\u00f3 en el programa Matinal 5, que en \u00aben el PLD reina un ambiente de democracia donde se le permite su participaci\u00f3n a todos sus miembros\u00bb.<\/span><\/p>\n<p><span class=\"text1noticias\"> <\/span><\/p>\n<p><span class=\"text1noticias\">Un ejemplo de consenso se\u00f1alado por Ditr\u00e9n fue las recientes escogencias de los bufetes directivos   en ambas c\u00e1maras al se\u00f1alar que algunas personas pensaban  que la sangre llegar\u00eda  al r\u00edo, cosa que dijo,  nunca se ha visto en el PLD, que exhibe con orgullo su disciplina y respeto a sus normas.<\/span><\/p>\n<p><span class=\"text1noticias\"> <\/span><\/p>\n<p><span class=\"text1noticias\">\u00abHemos sido capaces de lograr cosas hist\u00f3ricas como por ejemplo, el pasado s\u00e1bado cuando una mujer por primera vez, en la historia dominicana, ocup\u00f3 la presidencia del Senado\u00bb, adujo<\/span><\/p>\n<p><span class=\"text1noticias\"> <\/span><\/p>\n<p><span class=\"text1noticias\">Manifest\u00f3 que  lleg\u00f3 la fecha para formar la referida directiva, primando la sensatez haciendo lo que le conven\u00eda  al partido y  al pueblo dominicano.<\/span><\/p>\n<p><span class=\"text1noticias\"> <\/span><\/p>\n<p><span class=\"text1noticias\">\u00abTodo el mundo pensaba que habr\u00eda jaladera  de mo\u00f1os en la escogencia de del equipo directivo de ambas c\u00e1maras y no fue as\u00ed\u00bb, adujo.<\/span><\/p>\n<p><span class=\"text1noticias\"> <\/span><\/p>\n<p><span class=\"text1noticias\"> Ignacio Ditr\u00e9n define al PLD como un pilar de la democracia pese a que  personas entienden solo democr\u00e1tico es el estilo norteamericano, donde dif\u00edcilmente se ve un partido gobernar durante muchos periodos consecutivos.<\/span><\/p>\n<p><span class=\"text1noticias\"> <\/span><\/p>\n<p><span class=\"text1noticias\">\u00abLa democracia es el gobierno de la mayor\u00eda y es el pueblo el que decida quien gobierna y el o los periodos en que lo hace\u00bb, concluy\u00f3.<\/span><\/p>\n<h6> 2014-08-18 18:40:20 <\/h6>\n<p><!--\n<link rel=\"stylesheet\" href=\"css\/bootstrap.min.css\">\n\n\n<ul class=\"pagination\">\n\t    \n\t\n\n<li >\n\t<a href='?page_no=14800'>Previous<\/a>\n\t<\/li>\n\n\n       \n    \n\n<li><a href='?page_no=1'>1<\/a><\/li>\n\n\n\n<li><a href='?page_no=2'>2<\/a><\/li>\n\n\n\n<li><a>...<\/a><\/li>\n\n\n\n<li><a href='?page_no=14799'>14799<\/a><\/li>\n\n\n\n<li><a href='?page_no=14800'>14800<\/a><\/li>\n\n\n\n<li class='active'><a>14801<\/a><\/li>\n\n\n\n<li><a href='?page_no=14802'>14802<\/a><\/li>\n\n\n\n<li><a href='?page_no=14803'>14803<\/a><\/li>\n\n\n\n<li><a>...<\/a><\/li>\n\n\n\n<li><a href='?page_no=36999'>36999<\/a><\/li>\n\n\n\n<li><a href='?page_no=37000'>37000<\/a><\/li>\n\n    \n\t\n\n<li >\n\t<a href='?page_no=14802'>Next<\/a>\n\t<\/li>\n\n\n    \n\n<li><a href='?page_no=37000'>Last &rsaquo;&rsaquo;<\/a><\/li>\n\n<\/ul>\n\n\n--><br \/>\n<\/body><\/p>\n","protected":false},"excerpt":{"rendered":"<p>Santo Domingo, RD, 18 de agosto.- Ignacio Ditr\u00e9n, miembro del Comit\u00e9 Central del Partido de la Liberaci\u00f3n Dominicana (PLD) destac\u00f3 este lunes la madurez y el consenso a lo interno de esa organizaci\u00f3n a la hora de elegir sus autoridades y adoptar posiciones en torno al debate de la actualidad En ese sentido, el tambi\u00e9n [&hellip;]<\/p>\n","protected":false},"author":3,"featured_media":0,"comment_status":"open","ping_status":"open","sticky":false,"template":"","format":"standard","meta":{"footnotes":""},"categories":[22],"tags":[],"class_list":["post-162391","post","type-post","status-publish","format-standard","hentry","category-politica"],"_links":{"self":[{"href":"https:\/\/diariodominicano.com\/index.php?rest_route=\/wp\/v2\/posts\/162391","targetHints":{"allow":["GET"]}}],"collection":[{"href":"https:\/\/diariodominicano.com\/index.php?rest_route=\/wp\/v2\/posts"}],"about":[{"href":"https:\/\/diariodominicano.com\/index.php?rest_route=\/wp\/v2\/types\/post"}],"author":[{"embeddable":true,"href":"https:\/\/diariodominicano.com\/index.php?rest_route=\/wp\/v2\/users\/3"}],"replies":[{"embeddable":true,"href":"https:\/\/diariodominicano.com\/index.php?rest_route=%2Fwp%2Fv2%2Fcomments&post=162391"}],"version-history":[{"count":0,"href":"https:\/\/diariodominicano.com\/index.php?rest_route=\/wp\/v2\/posts\/162391\/revisions"}],"wp:attachment":[{"href":"https:\/\/diariodominicano.com\/index.php?rest_route=%2Fwp%2Fv2%2Fmedia&parent=162391"}],"wp:term":[{"taxonomy":"category","embeddable":true,"href":"https:\/\/diariodominicano.com\/index.php?rest_route=%2Fwp%2Fv2%2Fcategories&post=162391"},{"taxonomy":"post_tag","embeddable":true,"href":"https:\/\/diariodominicano.com\/index.php?rest_route=%2Fwp%2Fv2%2Ftags&post=162391"}],"curies":[{"name":"wp","href":"https:\/\/api.w.org\/{rel}","templated":true}]}}